{"id":81054,"date":"2025-06-12T00:34:05","date_gmt":"2025-06-11T22:34:05","guid":{"rendered":"https:\/\/www.infokuryr.cz\/n\/?p=81054"},"modified":"2025-06-11T20:10:49","modified_gmt":"2025-06-11T18:10:49","slug":"michail-gamandij-jegorov-strategicky-vztah-aes-rusko","status":"publish","type":"post","link":"https:\/\/www.infokuryr.cz\/n\/2025\/06\/12\/michail-gamandij-jegorov-strategicky-vztah-aes-rusko\/","title":{"rendered":"Michail Gamandij-Jegorov: Strategick\u00fd vztah AES-Rusko"},"content":{"rendered":"<div id=\"fb-root\"><\/div>\n<p><strong>Bez ohledu na n\u011bkolik m\u00e1lo opera\u010dn\u00edch zm\u011bn z\u016fst\u00e1v\u00e1 Rusko pevn\u011b odd\u00e1no sv\u00fdm spojenc\u016fm v Alianci-Konfederaci st\u00e1t\u016f Sahelu. S p\u0159idanou v\u00fdhodou v podob\u011b je\u0161t\u011b ofici\u00e1ln\u011bj\u0161\u00edho zapojen\u00ed, kter\u00e9 bude poci\u0165ov\u00e1no.<\/strong><\/p>\n<p>Konec mise Wagnerovy skupiny v Mali odpov\u00edd\u00e1 procesu, kter\u00fd prob\u00edhal ji\u017e n\u011bkolik m\u011bs\u00edc\u016f. Nyn\u00ed rusk\u00fd Africk\u00fd sbor ministerstva obrany, struktura ofici\u00e1ln\u011b p\u0159idru\u017een\u00e1 k rusk\u00e9 arm\u00e1d\u011b, p\u0159eb\u00edr\u00e1 ruskou podporu spojenc\u016fm v regionu v\u00fdchodn\u00ed a v\u00fdchodn\u00ed Afriky, v\u010detn\u011b Mali. Pokud n\u011bkte\u0159\u00ed nep\u0159\u00e1tel\u00e9 rusk\u00e9 p\u0159\u00edtomnosti v regionu doufali v oddech, m\u00fdlili se ve v\u0161ech ohledech.<\/p>\n<p>Zaprv\u00e9, Wagner\u016fv ozn\u00e1men\u00fd odchod je pouze form\u00e1ln\u00ed. Ve skute\u010dnosti mnoho Wagnerov\u00fdch rusk\u00fdch vojensk\u00fdch specialist\u016f nejen\u017ee z\u016fstane na sv\u00fdch m\u00edstech v r\u00e1mci Africk\u00e9ho sboru rusk\u00e9ho ministerstva obrany, ale nav\u00edc se rusk\u00e9 nasazen\u00ed u spojenc\u016f v oblasti Sahelu stane je\u0161t\u011b v\u00fdznamn\u011bj\u0161\u00edm. To potvrzuje jak po\u010det specialist\u016f, kte\u0159\u00ed tam jsou a budou p\u0159\u00edtomni, tak i nasazen\u00ed dal\u0161\u00ed rusk\u00e9 vojensk\u00e9 techniky, kterou jsme ji\u017e opakovan\u011b vid\u011bli, a to i v ulic\u00edch malijsk\u00fdch m\u011bst, v\u010detn\u011b hlavn\u00edho m\u011bsta Bamaka.<\/p>\n<p>Kdy\u017e u\u017e mluv\u00edme o vybaven\u00ed a zapojen\u00ed do spole\u010dn\u00e9ho protiteroristick\u00e9ho \u00fasil\u00ed AES a Ruska, v\u0161e nazna\u010duje, \u017ee rusk\u00e1 leteck\u00e1 podpora spojenc\u016f bude je\u0161t\u011b v\u00fdrazn\u011bj\u0161\u00ed. P\u016fsobiv\u00e9 ned\u00e1vn\u00e9\u00a0<a href=\"https:\/\/t.me\/axe_afrique_russie\/4139\" target=\"_blank\" rel=\"noopener\">\u00fatoky<\/a>\u00a0pilot\u016f Africk\u00e9ho sboru rusk\u00e9ho ministerstva obrany proti terorist\u016fm napojen\u00fdm na al-K\u00e1idu v oblasti Sahelu, zejm\u00e9na v Mali, tuto teorii potvrzuj\u00ed.<\/p>\n<p>Na druhou stranu, v dob\u011b, kdy se roz\u0161i\u0159uj\u00ed operace Sjednocen\u00fdch sil Sahelu, v tomto p\u0159\u00edpad\u011b ozbrojen\u00fdch sil Mali, Burkiny Faso a Nigeru, to tak\u00e9 posiluje my\u0161lenku, \u017ee rusk\u00e1 arm\u00e1da se bude aktivn\u011b pod\u00edlet na spolupr\u00e1ci se Sjednocen\u00fdmi silami t\u0159\u00ed zem\u00ed Aliance-Konfederace st\u00e1t\u016f Sahelu. To bude m\u00edt jednozna\u010dn\u00fd dopad na teroristick\u00e9 skupiny a jejich sponzory, a to jak mimo Afriku, tak v regionu.<\/p>\n<p>Kone\u010dn\u011b skute\u010dnost, \u017ee nasazen\u00ed Africk\u00e9ho sboru rusk\u00e9ho ministerstva obrany prob\u011bhlo v n\u011bkolika f\u00e1z\u00edch, kter\u00e9 st\u00e1le prob\u00edhaj\u00ed, v \u00fazk\u00e9 koordinaci se specialisty Wagnerova t\u00fdmu, potvrzuje v\u00fdm\u011bnu zku\u0161enost\u00ed mezi veter\u00e1ny Wagnerova t\u00fdmu a ned\u00e1vno p\u0159\u00edchoz\u00edm rusk\u00fdm vojensk\u00fdm person\u00e1lem. To plat\u00ed zejm\u00e9na s ohledem na to, \u017ee mnoho specialist\u016f Wagnerova t\u00fdmu, kte\u0159\u00ed znaj\u00ed ter\u00e9n, zejm\u00e9na v Mali, z\u016fstane na sv\u00fdch m\u00edstech a bude se i nad\u00e1le \u00fa\u010dastnit protiteroristick\u00fdch operac\u00ed.<\/p>\n<p>V\u0161echny tyto prvky potvrzuj\u00ed n\u011bkolik aspekt\u016f, kter\u00e9 ji\u017e byly zm\u00edn\u011bny v anal\u00fdz\u00e1ch\u00a0<em>Continental Observer<\/em>\u00a0. Zejm\u00e9na pokud jde o\u00a0<a href=\"https:\/\/observateur-continental.fr\/?module=articles&amp;action=view&amp;id=6643\">rusk\u00e9 nasazen\u00ed<\/a>\u00a0po boku africk\u00fdch spojenc\u016f, kter\u00e9 je nejen zachov\u00e1no, ale dokonce i zna\u010dn\u011b pos\u00edleno. To v\u0161e v dob\u011b, kdy\u00a0<a href=\"https:\/\/observateur-continental.fr\/?module=articles&amp;action=view&amp;id=6800\">se formalizuje<\/a>\u00a0panafrick\u00e1 a multipol\u00e1rn\u00ed aliance Afriky a Ruska , v n\u00ed\u017e Aliance-Konfederace st\u00e1t\u016f Sahelu hraje velmi privilegovanou roli.<\/p>\n<p>Tak\u00e9 Africk\u00fd sbor rusk\u00e9ho ministerstva obrany, kter\u00fd na pap\u00ed\u0159e p\u0159eb\u00edr\u00e1 velen\u00ed po Wagnerovi, si velmi dob\u0159e uv\u011bdomuje, \u017ee bude m\u00edt obt\u00ed\u017en\u00fd \u00fakol splnit sv\u00e9 c\u00edle. Wagnerova pr\u00e1ce, zejm\u00e9na v Mali, byla skute\u010dn\u011b v\u00fdjime\u010dn\u00e1. Pat\u0159ilo k n\u00ed osvobozen\u00ed \u0159ady malijsk\u00fdch m\u011bst od teroristick\u00e9 okupace, kter\u00e1 \u010dasto trvala v\u00edce ne\u017e deset let.\u00a0<a href=\"https:\/\/observateur-continental.fr\/?module=articles&amp;action=view&amp;id=5446\">Znovudobyt\u00ed<\/a>\u00a0strategick\u00e9ho m\u011bsta Kidal v severn\u00edm Mali p\u0159edstavuje jedno z\u00a0<a href=\"https:\/\/www.youtube.com\/watch?v=Vwo5vq5BBbI\" target=\"_blank\" rel=\"noopener\">velk\u00fdch v\u00edt\u011bzstv\u00ed<\/a>\u00a0rusko-malijsk\u00e9 aliance a aliance AES-Rusko obecn\u011b. Tuto skute\u010dnost potvrzuje drtiv\u00e1 v\u011bt\u0161ina ob\u010dan\u016f Mali a AES, kte\u0159\u00ed jsou hluboce vd\u011b\u010dn\u00ed Wagnerov\u00fdm voj\u00e1k\u016fm, kte\u0159\u00ed bojovali po boku sv\u00fdch spolubojovn\u00edk\u016f v Malijsk\u00fdch ozbrojen\u00fdch sil\u00e1ch (FAMA).<\/p>\n<p>V\u00edt\u011bzstv\u00ed, kter\u00fdmi se z\u00e1padn\u00ed re\u017eimy, zejm\u00e9na ten francouzsk\u00fd, nikdy nebudou moci chlubit. Nejen\u017ee se nikdy nesna\u017eily skute\u010dn\u011b\u00a0<a href=\"https:\/\/journal-neo.su\/fr\/2025\/06\/08\/le-niger-accuse-lue-et-les-usa-a-tenter-de-destabiliser-le-sahel\/\" target=\"_blank\" rel=\"noopener\">bojovat proti<\/a>\u00a0terorismu, ale nyn\u00ed se zp\u016fsobem, kter\u00fd u\u017e nelze skr\u00fdt, jev\u00ed jako sponzo\u0159i terorismu.<\/p>\n<p>Kone\u010dn\u011b, a krom\u011b hlavn\u00edch nep\u0159\u00e1tel multipol\u00e1rn\u00ed \u00e9ry v Africe, konkr\u00e9tn\u011b re\u017eim\u016f NATO a Z\u00e1padu, p\u0159edstavuje ofici\u00e1ln\u00ed potvrzen\u00ed zapojen\u00ed Africk\u00e9ho sboru rusk\u00e9ho ministerstva obrany vynikaj\u00edc\u00ed reakci na n\u011bkter\u00e9 region\u00e1ln\u00ed akt\u00e9ry, kte\u0159\u00ed si na z\u00e1klad\u011b nezodpov\u011bdn\u00e9 a arogantn\u00ed vize mo\u017en\u00e1 mysleli, \u017ee nap\u011bt\u00ed s Wagnerem nebude m\u00edt dopad na vztahy s rusk\u00fdm st\u00e1tem, a odkazovali na \u201e\u017eoldn\u00e9\u0159e\u201c soukrom\u00e9 spole\u010dnosti, p\u0159i\u010dem\u017e z\u00e1rove\u0148 zapom\u00ednali, \u017ee Wagner zastupoval a zastupuje pr\u00e1v\u011b z\u00e1jmy Ruska.<\/p>\n<p>Od nyn\u011bj\u0161ka by jak\u00fdkoli chybn\u00fd odhad mohl ty, kte\u0159\u00ed se stav\u00ed proti rusk\u00e9 p\u0159\u00edtomnosti po boku spojenc\u016f v oblasti SEA, st\u00e1t draho. Jak\u00e1koli provokace nebo zapojen\u00ed do podpory terorist\u016f \u010di nep\u0159\u00e1telsk\u00fdch element\u016f by se rovnalo front\u00e1ln\u00edmu \u00fatoku na ruskou vl\u00e1dn\u00ed arm\u00e1du, a tedy i na Rusko. Se v\u0161\u00edm, co z toho vypl\u00fdv\u00e1. To je jen p\u0159ipom\u00ednka toho, \u017ee ti, kdo si mysl\u00ed, \u017ee jsou \u201eexperti\u201c na strategii, budou rychle zklam\u00e1ni, kdy\u017e se setkaj\u00ed se skute\u010dn\u00fdmi \u0161achisty, starobylou hrou, ve kter\u00e9 Rusko vynik\u00e1.<\/p>\n<p><a href=\"https:\/\/www.observateur-continental.fr\/?module=articles&amp;action=view&amp;id=6989\"><em>Michail Gamandij-Jegorov<\/em><\/a><\/p>\n<p>&nbsp;<\/p>\n","protected":false},"excerpt":{"rendered":"<p>Bez ohledu na n\u011bkolik m\u00e1lo opera\u010dn\u00edch zm\u011bn z\u016fst\u00e1v\u00e1 Rusko pevn\u011b odd\u00e1no sv\u00fdm spojenc\u016fm v Alianci-Konfederaci&#8230;<\/p>\n","protected":false},"author":2,"featured_media":81055,"comment_status":"closed","ping_status":"closed","sticky":false,"template":"","format":"standard","meta":[],"categories":[7],"tags":[1271,1042,2181,22],"_links":{"self":[{"href":"https:\/\/www.infokuryr.cz\/n\/wp-json\/wp\/v2\/posts\/81054"}],"collection":[{"href":"https:\/\/www.infokuryr.cz\/n\/wp-json\/wp\/v2\/posts"}],"about":[{"href":"https:\/\/www.infokuryr.cz\/n\/wp-json\/wp\/v2\/types\/post"}],"author":[{"embeddable":true,"href":"https:\/\/www.infokuryr.cz\/n\/wp-json\/wp\/v2\/users\/2"}],"replies":[{"embeddable":true,"href":"https:\/\/www.infokuryr.cz\/n\/wp-json\/wp\/v2\/comments?post=81054"}],"version-history":[{"count":0,"href":"https:\/\/www.infokuryr.cz\/n\/wp-json\/wp\/v2\/posts\/81054\/revisions"}],"wp:featuredmedia":[{"embeddable":true,"href":"https:\/\/www.infokuryr.cz\/n\/wp-json\/wp\/v2\/media\/81055"}],"wp:attachment":[{"href":"https:\/\/www.infokuryr.cz\/n\/wp-json\/wp\/v2\/media?parent=81054"}],"wp:term":[{"taxonomy":"category","embeddable":true,"href":"https:\/\/www.infokuryr.cz\/n\/wp-json\/wp\/v2\/categories?post=81054"},{"taxonomy":"post_tag","embeddable":true,"href":"https:\/\/www.infokuryr.cz\/n\/wp-json\/wp\/v2\/tags?post=81054"}],"curies":[{"name":"wp","href":"https:\/\/api.w.org\/{rel}","templated":true}]}}