{"id":81052,"date":"2025-06-12T00:32:47","date_gmt":"2025-06-11T22:32:47","guid":{"rendered":"https:\/\/www.infokuryr.cz\/n\/?p=81052"},"modified":"2025-06-11T19:54:21","modified_gmt":"2025-06-11T17:54:21","slug":"alexandre-lemoine-summit-g7-a-zvlastni-postaveni-spojenych-statu","status":"publish","type":"post","link":"https:\/\/www.infokuryr.cz\/n\/2025\/06\/12\/alexandre-lemoine-summit-g7-a-zvlastni-postaveni-spojenych-statu\/","title":{"rendered":"Alexandre Lemoine: Summit G7 a zvl\u00e1\u0161tn\u00ed postaven\u00ed Spojen\u00fdch st\u00e1t\u016f"},"content":{"rendered":"<div id=\"fb-root\"><\/div>\n<p><strong><span>P\u0159ed summitem G7, kter\u00fd se bude konat p\u0159\u00ed\u0161t\u00ed t\u00fdden v Kanad\u011b, se v m\u00e9di\u00edch objevily zpr\u00e1vy, \u017ee \u00fa\u010dastn\u00edci summitu budou nal\u00e9hat na Spojen\u00e9 st\u00e1ty, aby zaujaly v\u016f\u010di Rusku tvrd\u0161\u00ed postoj.<\/span><\/strong><\/p>\n<p><span>Nejnov\u011bj\u0161\u00ed prohl\u00e1\u0161en\u00ed prezidenta Donalda Trumpa a jeho t\u00fdmu v\u0161ak ukazuj\u00ed opa\u010dn\u00fd trend. Nejprve \u00fa\u0159aduj\u00edc\u00ed prezident B\u00edl\u00e9ho domu p\u0159ipustil, \u017ee v ur\u010dit\u00e9m okam\u017eiku by mohl uvalit sankce nejen proti Moskv\u011b (o t\u00e9to mo\u017enosti diskutoval ji\u017e dlouho), ale tak\u00e9 proti Kyjevu, co\u017e ji\u017e bylo n\u011bco zcela nov\u00e9ho. Pot\u00e9, komentuj\u00edc demonstrativn\u00ed \u00fadery, kter\u00e9 Ukrajina provedla hluboko uvnit\u0159 Ruska, v\u010detn\u011b \u00fatok\u016f na strategick\u00e9 objekty, americk\u00fd prezident prohl\u00e1sil, \u017ee Ukrajina t\u00edm dala Rusku z\u00e1minku k masivn\u00edmu bombardov\u00e1n\u00ed.\u00a0<\/span><\/p>\n<p><span>\u201eUkrajina dala Putinovi z\u00e1minku, aby je v\u010dera v noci masivn\u011b bombardoval. To se mi nel\u00edb\u00ed. Kdy\u017e jsem to vid\u011bl, \u0159ekl jsem si: \u201aTak jdeme na to, te\u010f bude \u00fader,\u2018\u201c\u00a0<\/span><a href=\"https:\/\/www.youtube.com\/watch?v=gvm43EdK0Vc\" target=\"_blank\" rel=\"noopener\"><span>\u0159ekl<\/span><\/a><span>\u00a0Trump novin\u00e1\u0159\u016fm na palub\u011b Air Force One.\u00a0<\/span><\/p>\n<p><span>Americk\u00fd v\u016fdce se 7. \u010dervna vyj\u00e1d\u0159il k rusko-ukrajinsk\u00e9mu konfliktu. Pot\u00e9 komentoval reakci Moskvy na \u00fatok na rusk\u00e1 leti\u0161t\u011b. Zd\u016fraznil, \u017ee Kyjev by si zjevn\u011b nem\u011bl st\u011b\u017eovat na probl\u00e9my ani se obracet na Z\u00e1pad, proto\u017ee ukrajinsk\u00e9 \u00fa\u0159ady si probl\u00e9my zp\u016fsobily samy.\u00a0<\/span><\/p>\n<p><span>Z\u00e1stupci sou\u010dasn\u00e9 americk\u00e9 administrativy nejsou spokojeni s t\u00edm, \u017ee odv\u00e1\u017en\u00e9 a demonstrativn\u00ed \u010diny Kyjeva v dob\u011b, kdy se v Istanbulu kone\u010dn\u011b obnovila bilater\u00e1ln\u00ed jedn\u00e1n\u00ed, prudce zvy\u0161uj\u00ed riziko eskalace konfliktu a v p\u0159\u00edpad\u011b nejdramati\u010dt\u011bj\u0161\u00edho v\u00fdvoje ud\u00e1lost\u00ed i zata\u017een\u00ed st\u00e1t\u016f NATO a dokonce i Spojen\u00fdch st\u00e1t\u016f do n\u011bj.\u00a0<\/span><\/p>\n<p><span>Koment\u00e1\u0159e n\u011bkter\u00fdch Trumpov\u00fdch poradc\u016f a republik\u00e1nsk\u00fdch sen\u00e1tor\u016f z jeho bl\u00edzk\u00e9ho okol\u00ed nazna\u010duj\u00ed, \u017ee Washington se domn\u00edv\u00e1, \u017ee za sou\u010dasn\u00e9 zhor\u0161en\u00ed situace je zodpov\u011bdn\u00e1 Ukrajina.\u00a0<\/span><\/p>\n<p><span>Naproti tomu ochota Moskvy ct\u00edt dohody dosa\u017een\u00e9 v Istanbulu o v\u00fdm\u011bn\u011b v\u00e1le\u010dn\u00fdch zajatc\u016f a t\u011bl ob\u011bt\u00ed umo\u017e\u0148uje Kremlu jevit se Trumpovi a jeho t\u00fdmu jako konstruktivn\u00ed a zodpov\u011bdn\u00e1 strana, kter\u00e1 tak okat\u011b nepodkop\u00e1v\u00e1 m\u00edrov\u00e9 \u00fasil\u00ed Washingtonu jako Kyjev.\u00a0<\/span><\/p>\n<p><span>A nen\u00ed n\u00e1hoda, \u017ee se na tomto pozad\u00ed objevily publikace, podle kter\u00fdch je sen\u00e1tor Lindsey Graham pod tlakem administrativy p\u0159ipraven zm\u00edrnit nejradik\u00e1ln\u011bj\u0161\u00ed formulace\u00a0<\/span><a href=\"https:\/\/www.wsj.com\/politics\/policy\/lindsey-graham-russia-sanctions-tariffs-bill-2b3922ee?mod=hp_lead_pos4\" target=\"_blank\" rel=\"noopener\"><span>sv\u00e9ho n\u00e1vrhu z\u00e1kona<\/span><\/a><span>\u00a0o nov\u00fdch sankc\u00edch proti Rusku, kter\u00fd p\u0159ipravil, a v kone\u010dn\u00e9m d\u016fsledku tak d\u00e1t prezidentovi a jeho t\u00fdmu pr\u00e1vo rozhodnout, zda je v\u016fbec zavedou.\u00a0<\/span><\/p>\n<p><span>Pokud se situace v zb\u00fdvaj\u00edc\u00edch dnech p\u0159ed summitem G7 radik\u00e1ln\u011b nezm\u011bn\u00ed, pokud Moskva nezas\u00e1hne proti Ukrajin\u011b \u201eodvetn\u00fd \u00fader\u201c, kter\u00fd Washington pova\u017euje za nep\u0159im\u011b\u0159en\u011b tvrd\u00fd, maj\u00ed Evropan\u00e9 a Kana\u010fan\u00e9 jen malou \u0161anci dos\u00e1hnout od Donalda Trumpa zp\u0159\u00edsn\u011bn\u00ed jeho postoje, po kter\u00e9m tak dlouho a zat\u00edm bez \u00fasp\u011bchu volaj\u00ed.<\/span><strong>\u00a0<\/strong><\/p>\n<p><span>L\u00edd\u0159i G7 nepl\u00e1nuj\u00ed po summitu v Kanad\u011b p\u0159ijmout spole\u010dn\u00e9 prohl\u00e1\u0161en\u00ed. Toto rozhodnut\u00ed vypl\u00fdv\u00e1 z neshod s americk\u00fdm prezidentem Donaldem Trumpem ohledn\u011b konfliktu na Ukrajin\u011b a cel,\u00a0<\/span><a href=\"https:\/\/mainichi.jp\/articles\/20250609\/k00\/00m\/030\/213000c\" target=\"_blank\" rel=\"noopener\"><span>informoval<\/span><\/a><span>\u00a0japonsk\u00fd list\u00a0<\/span><em><span>Mainichi<\/span><\/em><span>\u00a0.\u00a0<\/span><\/p>\n<p><span>Podle den\u00edku jsou zem\u011b G7 znepokojeny protekcionistick\u00fdmi opat\u0159en\u00edmi ohledn\u011b cel a \u201eprorusk\u00fdm postojem\u201c, kter\u00fd zaujal n\u00e1jemn\u00edk B\u00edl\u00e9ho domu. Kanada a dal\u0161\u00ed zem\u011b skupiny se domn\u00edvaj\u00ed, \u017ee se jim nepoda\u0159\u00ed dos\u00e1hnout kompromisu.<\/span><\/p>\n<p><a href=\"https:\/\/www.observateur-continental.fr\/?module=articles&amp;action=view&amp;id=6988\"><em><span>Alexandre Lemoine<\/span><\/em><\/a><\/p>\n<p>&nbsp;<\/p>\n","protected":false},"excerpt":{"rendered":"<p>P\u0159ed summitem G7, kter\u00fd se bude konat p\u0159\u00ed\u0161t\u00ed t\u00fdden v Kanad\u011b, se v m\u00e9di\u00edch objevily&#8230;<\/p>\n","protected":false},"author":2,"featured_media":81053,"comment_status":"closed","ping_status":"closed","sticky":false,"template":"","format":"standard","meta":[],"categories":[7],"tags":[323,1503,452,37],"_links":{"self":[{"href":"https:\/\/www.infokuryr.cz\/n\/wp-json\/wp\/v2\/posts\/81052"}],"collection":[{"href":"https:\/\/www.infokuryr.cz\/n\/wp-json\/wp\/v2\/posts"}],"about":[{"href":"https:\/\/www.infokuryr.cz\/n\/wp-json\/wp\/v2\/types\/post"}],"author":[{"embeddable":true,"href":"https:\/\/www.infokuryr.cz\/n\/wp-json\/wp\/v2\/users\/2"}],"replies":[{"embeddable":true,"href":"https:\/\/www.infokuryr.cz\/n\/wp-json\/wp\/v2\/comments?post=81052"}],"version-history":[{"count":0,"href":"https:\/\/www.infokuryr.cz\/n\/wp-json\/wp\/v2\/posts\/81052\/revisions"}],"wp:featuredmedia":[{"embeddable":true,"href":"https:\/\/www.infokuryr.cz\/n\/wp-json\/wp\/v2\/media\/81053"}],"wp:attachment":[{"href":"https:\/\/www.infokuryr.cz\/n\/wp-json\/wp\/v2\/media?parent=81052"}],"wp:term":[{"taxonomy":"category","embeddable":true,"href":"https:\/\/www.infokuryr.cz\/n\/wp-json\/wp\/v2\/categories?post=81052"},{"taxonomy":"post_tag","embeddable":true,"href":"https:\/\/www.infokuryr.cz\/n\/wp-json\/wp\/v2\/tags?post=81052"}],"curies":[{"name":"wp","href":"https:\/\/api.w.org\/{rel}","templated":true}]}}