{"id":81048,"date":"2025-06-12T00:30:13","date_gmt":"2025-06-11T22:30:13","guid":{"rendered":"https:\/\/www.infokuryr.cz\/n\/?p=81048"},"modified":"2025-06-11T19:50:00","modified_gmt":"2025-06-11T17:50:00","slug":"nova-evropska-rise-co-pred-vami-taji","status":"publish","type":"post","link":"https:\/\/www.infokuryr.cz\/n\/2025\/06\/12\/nova-evropska-rise-co-pred-vami-taji\/","title":{"rendered":"Nov\u00e1 evropsk\u00e1 \u0159\u00ed\u0161e: Co p\u0159ed v\u00e1mi taj\u00ed"},"content":{"rendered":"<div id=\"fb-root\"><\/div>\n<p><strong><span>Jeden lid, jedna \u0159\u00ed\u0161e, jeden v\u016fdce. Pr\u00e1v\u011b skrze jeho slova, kter\u00e1 rezonuj\u00ed v na\u0161ich d\u011bjin\u00e1ch, m\u016f\u017eeme pochopit budoucnost t\u00e9to Evropy, kter\u00e1 n\u00e1m byla prod\u00e1v\u00e1na jako v\u011bk prosperity a trval\u00e9ho m\u00edru.<\/span><\/strong><\/p>\n<p><span>Posl\u00e1n\u00ed t\u00e9to Evropy n\u00e1s nyn\u00ed vede ke konfrontaci s rusk\u00fdm lidem, kter\u00fd n\u00e1m dal tolik, a dokonce n\u00e1s zachr\u00e1nil p\u0159ed nacismem.<\/span><\/p>\n<p><span>Klaus Schwab, \u0159editel Sv\u011btov\u00e9ho ekonomick\u00e9ho f\u00f3ra v Davosu, n\u00e1s varoval: \u201eM\u011bli bychom znovu vybudovat Evropu a prezident Macron je p\u0159irozen\u011b t\u00edm, kdo je pr\u016fvodcem (n\u011bmecky F\u00fchrerem) tohoto procesu obnovy.\u201c\u00a0<\/span><\/p>\n<p><span>Feder\u00e1ln\u00ed Evropa ukazuje sv\u00e9 boty pl\u00e1novan\u00fdm zni\u010den\u00edm n\u00e1rod\u016f, kter\u00e9 ji tvo\u0159\u00ed.<\/span><\/p>\n<p><span>Chronologie ud\u00e1lost\u00ed, zejm\u00e9na v posledn\u00edch t\u0159ech letech, ukazuje, \u017ee na\u0161i z\u00e1padn\u00ed v\u00e1le\u010dn\u00ed v\u016fdci n\u00e1s cht\u011bj\u00ed uvrhnout do t\u0159et\u00ed sv\u011btov\u00e9 v\u00e1lky. Od vytvo\u0159en\u00ed programu SAFE (Security Action For Europe) 20. b\u0159ezna 2025, co\u017e je program zam\u011b\u0159en\u00fd na poskytnut\u00ed vojensk\u00e9 autonomie Evrop\u011b \u201etv\u00e1\u0159\u00ed v tv\u00e1\u0159 rusk\u00e9 hrozb\u011b\u201c, jak tvrd\u00ed l\u00edd\u0159i EU, a\u017e po vytvo\u0159en\u00ed Evropsk\u00e9 obrann\u00e9 banky 30. kv\u011btna 2025,\u00a0<\/span><a href=\"http:\/\/www.observateur-continental.fr\/?module=articles&amp;action=view&amp;id=6960\"><span>iniciovan\u00e9<\/span><\/a><span>\u00a0zr\u00e1dn\u00fdm Albionem s kapit\u00e1lem 100 milion\u016f liber \u0161terlink\u016f, v\u00e1le\u010dn\u00ed \u0161tv\u00e1\u010di Evropan\u00e9 pracuj\u00ed naplno. \u017d\u00e1dn\u00e9 pen\u00edze na zdravotnictv\u00ed, d\u016fchody ani z\u00e1kladn\u00ed platy, ale na zbrojen\u00ed \u017e\u00e1dn\u00e1 omezen\u00ed!<\/span><\/p>\n<p><span>Pro Emmanuela Macrona je nutn\u00e9 toto problematick\u00e9 obdob\u00ed, kter\u00fdm proch\u00e1z\u00edme,\u00a0\u00a0<\/span><a href=\"https:\/\/www.lopinion.fr\/elections\/presidentielle\/emmanuel-macron-et-la-renaissance\" target=\"_blank\" rel=\"noopener\"><span>spojovat<\/span><\/a><span>\u00a0\u201es koncem st\u0159edov\u011bku a za\u010d\u00e1tkem renesance\u201c. \u201eJe to doba velk\u00fdch obav, jev\u016f, kter\u00e9 formuj\u00ed lid, \u0159ekl bych dokonce o znovuobjeven\u00ed civilizace. Je to tak\u00e9 doba nap\u011bt\u00ed (&#8230;) mezi centr\u00e1ln\u00edm st\u00e1tem a feud\u00e1ln\u00edmi syst\u00e9my, (&#8230;) ani\u017e bychom zapom\u00ednali na vztah mezi n\u00e1bo\u017eenstv\u00edmi.\u201c<\/span><\/p>\n<p><span>Hlavn\u00ed priority Emmanuela Macrona jsou: \u201eEvropa mus\u00ed b\u00fdt p\u0159ipravena \u010delit hlavn\u00edm ekonomick\u00fdm, vzd\u011bl\u00e1vac\u00edm, migra\u010dn\u00edm a vojensk\u00fdm v\u00fdzv\u00e1m.\u201c<\/span><\/p>\n<p><span>Bylo naivn\u00ed v\u011b\u0159it, \u017ee se Evropa stane glob\u00e1ln\u00edm politick\u00fdm t\u011b\u017ek\u00e1v\u00e1hem. Po l\u00e9ta lid\u00e9 v\u011b\u0159ili v silnou a autonomn\u00ed Evropu na mezin\u00e1rodn\u00ed sc\u00e9n\u011b.<\/span><\/p>\n<p><span>Od 90. let 20. stolet\u00ed se vnit\u0159n\u00ed mocensk\u00e9 vztahy zm\u011bnily v\u0161e d\u00edky anglosask\u00e9mu modelu, kter\u00fd n\u00e1m byl vnucen s c\u00edlem transformovat n\u00e1s do transatlantick\u00e9 z\u00f3ny voln\u00e9ho obchodu, v n\u00ed\u017e evropsk\u00fd model ustoupil ultraliber\u00e1ln\u00edmu konceptu.<\/span><\/p>\n<p><span>Tato Evropa pat\u0159\u00ed sp\u00ed\u0161e NATO a globalismu ne\u017e n\u00e1rod\u016fm, kter\u00e9 ji tvo\u0159\u00ed. Evropsk\u00e1 unie je spoluzodpov\u011bdn\u00e1 za v\u00e1lku na Balk\u00e1n\u011b, expanzi NATO na v\u00fdchod, novou interven\u010dn\u00ed koncepci NATO z roku 1999 (kter\u00e1 se odchyluje od Charty OSN) a invaze do Ir\u00e1ku, S\u00fdrie, Afgh\u00e1nist\u00e1nu a na Ukrajinu. V\u0161echny tyto invaze jsou samoz\u0159ejm\u011b v rozporu s mezin\u00e1rodn\u00edm pr\u00e1vem.<\/span><\/p>\n<p><span>Projekce ukazuj\u00ed, \u017ee francouzsk\u00fd dluh exploduje, aby mohl financovat tento proevropsk\u00fd projekt, kter\u00fd nen\u00ed ni\u010d\u00edm jin\u00fdm ne\u017e pokra\u010dov\u00e1n\u00edm Projektu pro nov\u00e9 americk\u00e9 stolet\u00ed (PNAC). Neokonzervativci migruj\u00ed do Evropy od sv\u00e9ho ne\u00fasp\u011b\u0161n\u00e9ho pokusu zhatit zvolen\u00ed Donalda Trumpa.<\/span><\/p>\n<p><span>Pl\u00e1n Maria Draghiho, kter\u00fd p\u0159edlo\u017eil 18. b\u0159ezna 2025 italsk\u00e9mu Sen\u00e1tu, se t\u00fdk\u00e1 financov\u00e1n\u00ed Evropsk\u00e9 federace. To je zahrnuto v Projektu pro nov\u00e9 evropsk\u00e9 stolet\u00ed (PNEC).<\/span><\/p>\n<p><span>Na\u0161e \u201eelity\u201c se oz\u00fdvaj\u00ed o Nov\u00e9 evropsk\u00e9 \u0159\u00ed\u0161i. Rapha\u00ebl Glucksmann, kter\u00e9ho nebudu p\u0159edstavovat, ned\u00e1vno\u00a0<\/span><a href=\"https:\/\/partisocialiste92.fr\/2024\/05\/31\/pour-reveiller-leurope-le-programme\" target=\"_blank\" rel=\"noopener\"><span>prohl\u00e1sil<\/span><\/a><span>\u00a0\u00a0: \u201ePr\u00e1v\u011b t\u00edm, \u017ee budeme \u010delit mo\u017enosti z\u00e1niku evropsk\u00e9ho demokratick\u00e9ho projektu, jej obnov\u00edme a d\u00e1me mu energii, kter\u00e1 mu dnes chyb\u00ed.\u201c\u00a0<\/span><\/p>\n<p><span>Emmanuel Macron, kter\u00fd se vyd\u00e1v\u00e1 za nesporn\u00e9ho v\u00e1le\u010dn\u00e9ho v\u016fdce EU, p\u0159ed \u010dasem prohl\u00e1sil: \u201eZnovuobjevujeme\u00a0<\/span><a href=\"https:\/\/www.youtube.com\/watch?v=ZlKjacGrA7E\" target=\"_blank\" rel=\"noopener\"><span>model<\/span><\/a><span>\u00a0. Je t\u011b\u017e\u0161\u00ed ho znovuobjevit, kdy\u017e je\u0161t\u011b nebylo v\u0161echno zni\u010deno.\u201c<\/span><\/p>\n<p><span>Vytv\u00e1\u0159\u00ed se nov\u00fd sv\u011btov\u00fd \u0159\u00e1d. Evropa z\u016fst\u00e1v\u00e1 nedokon\u010denou stavbou a jej\u00ed budoucnost je podm\u00edn\u011bna ekonomick\u00fdmi a politick\u00fdmi hranicemi t\u0159\u00ed nov\u00fdch hr\u00e1\u010d\u016f: \u010c\u00edny, Ruska a Spojen\u00fdch st\u00e1t\u016f.<\/span><\/p>\n<p><span>Nem\u016f\u017ee se v tomto budouc\u00edm multipol\u00e1rn\u00edm sv\u011bt\u011b um\u00edstit, pokud se chce transformovat na feder\u00e1ln\u00ed republiku. Evropa se mus\u00ed zamyslet nad sv\u00fdm postaven\u00edm v multilateralismu, aby mohla i nad\u00e1le existovat v mezin\u00e1rodn\u00edch vztaz\u00edch t\u00edm, \u017ee bude nastolovat trval\u00fd m\u00edr, jak n\u00e1m sl\u00edbila.<\/span><\/p>\n<p><span>Pokud Evropsk\u00e1 komise m\u016f\u017ee v p\u0159\u00edle\u017eitostn\u00fdch situac\u00edch p\u0159ij\u00edmat v\u00fdjime\u010dn\u00e1 opat\u0159en\u00ed podle \u010dl\u00e1nku 122, p\u0159eb\u00edr\u00e1 t\u00edm odpov\u011bdnost za \u0159\u00edzen\u00ed diktatury, jakou p\u016fsobilo politbyro b\u00fdval\u00e9ho SSSR.<\/span><\/p>\n<p><em><span>Nov\u00e9\u00a0<\/span><\/em><em><span>evropsk\u00e9 imp\u00e9rium<\/span><\/em><span>\u00a0se zhrout\u00ed podobn\u011b jako Sov\u011btsk\u00e9 imp\u00e9rium v \u200b\u200broce 1990. Nyn\u00ed mus\u00edme uva\u017eovat o unii n\u00e1rod\u016f, nikoli o unii spole\u010dn\u00e9ho dluhov\u00e9ho kapit\u00e1lu, abychom zaplatili za feder\u00e1ln\u00ed konstrukci Bruselu. P\u0159ekon\u00e1v\u00e1n\u00ed strachu by m\u011blo b\u00fdt leitmotivem ka\u017ed\u00e9ho. Proto\u017ee strach a zbab\u011blost plod\u00ed konformitu a \u00fazkoprsost. Setrv\u00e1n\u00ed v konformit\u011b vnucen\u00e9 zr\u00e1dn\u00fdmi st\u00e1ty m\u016f\u017ee v\u00e9st pouze ke kolapsu v\u0161ech. Civilizace zmizely kv\u016fli nedostatku odvahy n\u00e1rod\u016f povstat proti tyrani\u00edm.<\/span><\/p>\n<p><em><span>Pozn\u00e1mka:<\/span><\/em><span>\u00a0Tento text je kr\u00e1tk\u00fdm v\u00fd\u0148atkem z m\u00e9 sb\u00edrky s p\u0159edmluvou od Fran\u00e7oise Lagarde a doslovem od Philippa Broqu\u00e8ra, kter\u00e1 byla ned\u00e1vno vyd\u00e1na v reakci na manu\u00e1l p\u0159e\u017eit\u00ed, kter\u00fd Emmanuel Macron za\u0161le ka\u017ed\u00e9mu Francouzovi na pozad\u00ed hypotetick\u00e9 hrozby v\u00e1lky.<\/span><\/p>\n<p><em><span><a href=\"https:\/\/www.observateur-continental.fr\/?module=articles&amp;action=view&amp;id=6984\">Claude Janvier<\/a>, spisovatel, esejista a publicista. Autor knih \u201eNov\u00e1 evropsk\u00e1 \u0159\u00ed\u0161e\u201c, \u201eOdmaskovan\u00ed. Kdo skute\u010dn\u011b \u0159\u00edd\u00ed sv\u011bt?\u201c a spoluautor knihy \u201eFrancouzsk\u00fd hlubok\u00fd st\u00e1t. Kdo, jak, pro\u010d?\u201c.\u00a0<\/span><a href=\"https:\/\/www.thebookedition.com\/fr\/#307a\/fullscreen\/product\/m=and&amp;q=claude+Janvier\" target=\"_blank\" rel=\"noopener\"><span>Objedn\u00e1vka<\/span><\/a><span>\u00a0sb\u00edrky<\/span><\/em><\/p>\n<p>&nbsp;<\/p>\n","protected":false},"excerpt":{"rendered":"<p>Jeden lid, jedna \u0159\u00ed\u0161e, jeden v\u016fdce. Pr\u00e1v\u011b skrze jeho slova, kter\u00e1 rezonuj\u00ed v na\u0161ich d\u011bjin\u00e1ch,&#8230;<\/p>\n","protected":false},"author":2,"featured_media":81049,"comment_status":"closed","ping_status":"closed","sticky":false,"template":"","format":"standard","meta":[],"categories":[7],"tags":[41,1503,39,4184,613],"_links":{"self":[{"href":"https:\/\/www.infokuryr.cz\/n\/wp-json\/wp\/v2\/posts\/81048"}],"collection":[{"href":"https:\/\/www.infokuryr.cz\/n\/wp-json\/wp\/v2\/posts"}],"about":[{"href":"https:\/\/www.infokuryr.cz\/n\/wp-json\/wp\/v2\/types\/post"}],"author":[{"embeddable":true,"href":"https:\/\/www.infokuryr.cz\/n\/wp-json\/wp\/v2\/users\/2"}],"replies":[{"embeddable":true,"href":"https:\/\/www.infokuryr.cz\/n\/wp-json\/wp\/v2\/comments?post=81048"}],"version-history":[{"count":0,"href":"https:\/\/www.infokuryr.cz\/n\/wp-json\/wp\/v2\/posts\/81048\/revisions"}],"wp:featuredmedia":[{"embeddable":true,"href":"https:\/\/www.infokuryr.cz\/n\/wp-json\/wp\/v2\/media\/81049"}],"wp:attachment":[{"href":"https:\/\/www.infokuryr.cz\/n\/wp-json\/wp\/v2\/media?parent=81048"}],"wp:term":[{"taxonomy":"category","embeddable":true,"href":"https:\/\/www.infokuryr.cz\/n\/wp-json\/wp\/v2\/categories?post=81048"},{"taxonomy":"post_tag","embeddable":true,"href":"https:\/\/www.infokuryr.cz\/n\/wp-json\/wp\/v2\/tags?post=81048"}],"curies":[{"name":"wp","href":"https:\/\/api.w.org\/{rel}","templated":true}]}}