{"id":80951,"date":"2025-06-11T00:19:16","date_gmt":"2025-06-10T22:19:16","guid":{"rendered":"https:\/\/www.infokuryr.cz\/n\/?p=80951"},"modified":"2025-06-11T05:09:15","modified_gmt":"2025-06-11T03:09:15","slug":"ceskou-televizi-ovlada-mafie-rakusanova-dozimetru-stan-nebo-bitcoinovo-kampelickova-ods-petra-fialy","status":"publish","type":"post","link":"https:\/\/www.infokuryr.cz\/n\/2025\/06\/11\/ceskou-televizi-ovlada-mafie-rakusanova-dozimetru-stan-nebo-bitcoinovo-kampelickova-ods-petra-fialy\/","title":{"rendered":"\u010ceskou televizi ovl\u00e1d\u00e1 mafie Raku\u0161anova Dozimetru STAN, nebo bitcoinovo-kampeli\u010dkov\u00e1 ODS Petra Fialy?"},"content":{"rendered":"<div id=\"fb-root\"><\/div>\n<h4>Tot\u00e1ln\u00ed cenzura v \u010cesk\u00e9 televizi: Gottwald a Jozif Stalin \u017easnou. Kter\u00e1 mafie m\u00e1 v ruk\u00e1ch\u00a0 zpravodajstv\u00ed soukrom\u00e9 televize V\u00e1clava Moravce, kterou povinn\u011b plat\u00edme v\u0161ichni d\u00edky totalitn\u00edmu z\u00e1konu?<\/h4>\n<p><iframe loading=\"lazy\" title=\"TK strany PRO k pr\u00e1vn\u00edm krok\u016fm souvisej\u00edc\u00edm tzv. bitcoinovou kauzou\" width=\"640\" height=\"360\" src=\"https:\/\/www.youtube.com\/embed\/Bryz6X1YT10?start=1&#038;feature=oembed\" frameborder=\"0\" allow=\"accelerometer; autoplay; clipboard-write; encrypted-media; gyroscope; picture-in-picture; web-share\" referrerpolicy=\"strict-origin-when-cross-origin\" allowfullscreen><\/iframe><\/p>\n<p>Zat\u00edmco n\u011bkolik extremist\u016f pat\u0159\u00edc\u00ed k P\u011btikoalici (Pir\u00e1ti se op\u011bt hl\u00e1s\u00ed k t\u00e9to vl\u00e1d\u011b po volb\u00e1ch) m\u00e1 st\u00e1l\u00fd p\u0159\u00edstup do ve\u0159ejnopr\u00e1vn\u00ed televize ob\u010dan\u016f \u010cesk\u00e9 republiky, ani 272 000 zhl\u00e9dnut\u00ed o ofici\u00e1ln\u00edm trestn\u00edm ozn\u00e1men\u00ed na Stanjuru a Petra Fialu \u010ceskou televizi k za\u0159azen\u00ed nedonut\u00ed.<\/p>\n<h2>SVOBODA SLOVA \u0160LA KAM?<\/h2>\n<p>Zde d\u016fkaz, \u017ee jenom na Facebooku ob\u010dan\u00e9 shl\u00e9dli tiskovou konferenci v po\u010dtu 272 000, A dal\u0161\u00ed na YouTube, a dal\u0161\u00ed jinde. Tak\u017ee ani skoro 300 000 lid\u00ed nedonut\u00ed mafi\u00e1nskou \u010ceskou televizi, aby uspokojila z\u00e1jem \u010desk\u00fdch ob\u010dan\u016f a tiskovou konferenci pr\u00e1vn\u00edk\u016f strany PRO, jej\u00ed\u017e \u0161pi\u010dky jsou na kandid\u00e1tce parlamentn\u00ed strany SPD Tomia Okamury, p\u0159en\u00e1\u0161ela v p\u0159\u00edm\u00e9m p\u0159enosu a z\u00e1sadn\u00ed sest\u0159ih s pr\u00e1vn\u00edkem Rajchlem\u00a0 byl v &#8222;prima time&#8220;. <strong>M\u00edsto toho tam je adorace skv\u011bl\u00fdch \u00fasp\u011bch\u016f Petra Fialy a kecy V\u00e1clava Moravce.\u00a0<\/strong><\/p>\n<p><img decoding=\"async\" loading=\"lazy\" class=\"aligncenter\" src=\"https:\/\/www.skrytapravda.cz\/images\/blogy\/805\/2025\/6cerven\/tisk_konf_strana_PRO_294c2.webp\" alt=\"tisk konf strana PRO 294c2\" width=\"657\" height=\"385\" \/><\/p>\n<p>\u010cesk\u00e1 televize\u00a0<strong>VE\u0158EJNOPR\u00c1VN\u00cd<\/strong>\u00a0poru\u0161uje v\u0161echny zpravodajsk\u00e9 kodexy o nez\u00e1vislosti a je z toho jasn\u00e9, \u017ee<strong>\u00a0je v ruk\u00e1ch mafie a nikoliv \u010desk\u00e9ho lidu.\u00a0<\/strong><\/p>\n<p><a href=\"https:\/\/www.skrytapravda.cz\/z-domova\/2612-ceskou-televizi-ovlada-mafie-rakusanova-dozimetru-stan-nebo-bitcoinovo-kampelickova-ods-a-petra-fialy\">Petr Pokorn\u00fd<\/a><\/p>\n<p><img decoding=\"async\" loading=\"lazy\" class=\"wp-image-80899 aligncenter\" src=\"http:\/\/www.infokuryr.cz\/n\/wp-content\/uploads\/2025\/06\/Vrabel-283x300.jpg\" alt=\"\" width=\"714\" height=\"757\" srcset=\"https:\/\/www.infokuryr.cz\/n\/wp-content\/uploads\/2025\/06\/Vrabel-283x300.jpg 283w, https:\/\/www.infokuryr.cz\/n\/wp-content\/uploads\/2025\/06\/Vrabel-966x1024.jpg 966w, https:\/\/www.infokuryr.cz\/n\/wp-content\/uploads\/2025\/06\/Vrabel-768x814.jpg 768w, https:\/\/www.infokuryr.cz\/n\/wp-content\/uploads\/2025\/06\/Vrabel-1024x1086.jpg 1024w, https:\/\/www.infokuryr.cz\/n\/wp-content\/uploads\/2025\/06\/Vrabel.jpg 1080w\" sizes=\"(max-width: 714px) 100vw, 714px\" \/><\/p>\n<p>&nbsp;<\/p>\n","protected":false},"excerpt":{"rendered":"<p>Tot\u00e1ln\u00ed cenzura v \u010cesk\u00e9 televizi: Gottwald a Jozif Stalin \u017easnou. Kter\u00e1 mafie m\u00e1 v ruk\u00e1ch\u00a0&#8230;<\/p>\n","protected":false},"author":2,"featured_media":80952,"comment_status":"closed","ping_status":"closed","sticky":false,"template":"","format":"standard","meta":[],"categories":[6],"tags":[47,816,2663,1370,889],"_links":{"self":[{"href":"https:\/\/www.infokuryr.cz\/n\/wp-json\/wp\/v2\/posts\/80951"}],"collection":[{"href":"https:\/\/www.infokuryr.cz\/n\/wp-json\/wp\/v2\/posts"}],"about":[{"href":"https:\/\/www.infokuryr.cz\/n\/wp-json\/wp\/v2\/types\/post"}],"author":[{"embeddable":true,"href":"https:\/\/www.infokuryr.cz\/n\/wp-json\/wp\/v2\/users\/2"}],"replies":[{"embeddable":true,"href":"https:\/\/www.infokuryr.cz\/n\/wp-json\/wp\/v2\/comments?post=80951"}],"version-history":[{"count":0,"href":"https:\/\/www.infokuryr.cz\/n\/wp-json\/wp\/v2\/posts\/80951\/revisions"}],"wp:featuredmedia":[{"embeddable":true,"href":"https:\/\/www.infokuryr.cz\/n\/wp-json\/wp\/v2\/media\/80952"}],"wp:attachment":[{"href":"https:\/\/www.infokuryr.cz\/n\/wp-json\/wp\/v2\/media?parent=80951"}],"wp:term":[{"taxonomy":"category","embeddable":true,"href":"https:\/\/www.infokuryr.cz\/n\/wp-json\/wp\/v2\/categories?post=80951"},{"taxonomy":"post_tag","embeddable":true,"href":"https:\/\/www.infokuryr.cz\/n\/wp-json\/wp\/v2\/tags?post=80951"}],"curies":[{"name":"wp","href":"https:\/\/api.w.org\/{rel}","templated":true}]}}