{"id":80932,"date":"2025-06-11T00:18:18","date_gmt":"2025-06-10T22:18:18","guid":{"rendered":"https:\/\/www.infokuryr.cz\/n\/?p=80932"},"modified":"2025-06-10T12:49:03","modified_gmt":"2025-06-10T10:49:03","slug":"kennedy-jn-propustil-vsechny-poradce-cdc-pro-ockovani","status":"publish","type":"post","link":"https:\/\/www.infokuryr.cz\/n\/2025\/06\/11\/kennedy-jn-propustil-vsechny-poradce-cdc-pro-ockovani\/","title":{"rendered":"Kennedy jn. propustil v\u0161echny poradce CDC pro o\u010dkov\u00e1n\u00ed"},"content":{"rendered":"<div id=\"fb-root\"><\/div>\n<p><strong><a href=\"https:\/\/eu.usatoday.com\/story\/news\/politics\/2025\/06\/09\/rfk-jr-cdc-vaccine-advisory-panel-fired\/84121858007\/\">Ministr zdravotnictv\u00ed a soci\u00e1ln\u00edch slu\u017eeb Robert F. Kennedy Jr. odvolal<\/a>\u00a0v\u0161ech 17 \u010dlen\u016f Poradn\u00edho panelu pro o\u010dkov\u00e1n\u00ed p\u0159i CDC\u00a0. Tento krok byl zast\u00e1nci o\u010dkov\u00e1n\u00ed a spekulanti ozna\u010den za \u201ezbyte\u010dn\u00fd\u201c a \u201enebezpe\u010dn\u00fd\u201c, ale ve skute\u010dnosti m\u016f\u017ee p\u0159edstavovat historickou p\u0159\u00edle\u017eitost k tolik pot\u0159ebn\u00e9 zm\u011bn\u011b orientace o\u010dkovac\u00ed politiky.<\/strong><\/p>\n<p>Doposud byl za vyd\u00e1v\u00e1n\u00ed doporu\u010den\u00ed ohledn\u011b \u00fa\u010dinnosti, bezpe\u010dnosti a nezbytnosti o\u010dkov\u00e1n\u00ed ve Spojen\u00fdch st\u00e1tech zodpov\u011bdn\u00fd\u00a0<em>Poradn\u00ed v\u00fdbor pro imuniza\u010dn\u00ed postupy<\/em> (ACIP) . Slo\u017een\u00ed tohoto v\u00fdboru a \u00fazk\u00e9 vazby mnoha \u010dlen\u016f na farmaceutick\u00fd pr\u016fmysl v\u0161ak st\u00e1le v\u00edce vyvol\u00e1vaj\u00ed pochybnosti o nez\u00e1vislosti jeho rozhodnut\u00ed. Kritici v\u00fdbor obvinili, \u017ee slou\u017e\u00ed p\u0159edev\u0161\u00edm jako \u201eraz\u00edtko\u201c pro z\u00e1jmy pr\u016fmyslu, sp\u00ed\u0161e ne\u017e aby se zam\u011b\u0159oval na ochranu ve\u0159ejnosti.<\/p>\n<p>Sv\u00fdm rozhodnut\u00edm odvolat st\u00e1vaj\u00edc\u00ed \u010dleny a ozn\u00e1men\u00edm, \u017ee panel bude dopln\u011bn nov\u00fdmi, nez\u00e1visl\u00fdmi odborn\u00edky, Kennedy Jr. vys\u00edl\u00e1 siln\u00fd sign\u00e1l: Doporu\u010den\u00ed CDC budou v budoucnu zalo\u017eena na transparentn\u00ed v\u011bd\u011b, bez st\u0159etu z\u00e1jm\u016f a \u010dist\u011b ziskov\u00fdch c\u00edl\u016f.<\/p>\n<h3 id=\"h-wiederherstellung-von-vertrauen-durch-unabhangige-fachleute\" class=\"wp-block-heading\">Obnoven\u00ed d\u016fv\u011bry prost\u0159ednictv\u00edm nez\u00e1visl\u00fdch expert\u016f<\/h3>\n<p>D\u016fv\u011bra ve\u0159ejnosti ve vakc\u00edny v posledn\u00edch letech v\u00fdrazn\u011b utrp\u011bla \u2013 zejm\u00e9na kv\u016fli kontroverzn\u00edm kampan\u00edm za hromadn\u00e9 o\u010dkov\u00e1n\u00ed pomoc\u00ed mRNA. Od t\u00e9 doby si mnoho ob\u010dan\u016f uv\u011bdomuje, jak politick\u00e9 a ekonomick\u00e9 z\u00e1jmy dominuj\u00ed syst\u00e9mu zdravotn\u00ed p\u00e9\u010de. Org\u00e1n, kter\u00fd pracuje nez\u00e1visle, kriticky a s ohledem na skute\u010dn\u00e9 pot\u0159eby lid\u00ed, by mohl d\u016fv\u011bru obnovit.<\/p>\n<p>P\u0159i oznamov\u00e1n\u00ed sv\u00e9ho rozhodnut\u00ed RFK Jr. zd\u016fraznil: \u201eVe\u0159ejnost mus\u00ed v\u011bd\u011bt, \u017ee na\u0161e zdravotn\u00ed doporu\u010den\u00ed jsou zalo\u017eena na objektivn\u00ed v\u011bd\u011b, nikoli na lobbov\u00e1n\u00ed zam\u011b\u0159en\u00e9m na zisk. Jen tak m\u016f\u017eeme znovu z\u00edskat d\u016fv\u011bru ve v\u00fdzkum a v\u00fdvoj vakc\u00edn.\u201c<\/p>\n<h3 id=\"h-langfristige-chance-fur-wirklich-sichere-und-wirksame-impfstoffe\" class=\"wp-block-heading\">Dlouhodob\u00e1 p\u0159\u00edle\u017eitost pro skute\u010dn\u011b bezpe\u010dn\u00e9 a \u00fa\u010dinn\u00e9 vakc\u00edny<\/h3>\n<p>Nov\u00fd za\u010d\u00e1tek v ACIP otev\u00edr\u00e1 nov\u00e9 perspektivy pro v\u00fdvoj lep\u0161\u00edch vakc\u00edn v dlouhodob\u00e9m horizontu. M\u00edsto bezpodm\u00edne\u010dn\u00e9ho schvalov\u00e1n\u00ed a jednostrann\u00e9 komunikace by kriticky reflexivn\u00ed v\u00fdbor mohl br\u00e1t v\u00e1\u017en\u011bji v \u00favahu rizika, individu\u00e1ln\u00ed rozd\u00edly a dlouhodob\u00e9 d\u016fsledky. T\u00edmto zp\u016fsobem se vakc\u00edny mohou nejen st\u00e1t bezpe\u010dn\u011bj\u0161\u00edmi a \u00fa\u010dinn\u011bj\u0161\u00edmi, proto\u017ee se velk\u00e9 farmaceutick\u00e9 spole\u010dnosti mus\u00ed p\u0159izp\u016fsobit kriti\u010dt\u011bj\u0161\u00edm autorit\u00e1m, ale (ve skute\u010dnosti dobr\u00e9) p\u0159\u00edpravy mohou tak\u00e9 z\u00edskat \u0161ir\u0161\u00ed spole\u010densk\u00e9 p\u0159ijet\u00ed. Pro mnoh\u00e9 jsou doby, kdy lid\u00e9 slep\u011b d\u016fv\u011b\u0159ovali \u201eodborn\u00edk\u016fm\u201c, kte\u0159\u00ed zneu\u017e\u00edvali jejich nev\u011bdomosti k propagaci i pochybn\u00fdch l\u00e9k\u016f a vakc\u00edn ve slu\u017eb\u00e1ch pr\u016fmyslu, po letech koronaviru pry\u010d.<\/p>\n<p>Navzdory kritice ze strany zaveden\u00fdch hr\u00e1\u010d\u016f \u2013 v\u010detn\u011b samoz\u0159ejm\u011b samotn\u00e9ho farmaceutick\u00e9ho pr\u016fmyslu, kter\u00fd se ob\u00e1v\u00e1 o sv\u00e9 zisky \u2013 je jedna v\u011bc jasn\u00e1: \u201ereforma\u201c zah\u00e1jen\u00e1 RFK Jr. m\u016f\u017ee b\u00fdt prvn\u00edm krokem k v\u011bt\u0161\u00ed v\u011bdeck\u00e9 integrit\u011b a zdravotn\u00ed politice orientovan\u00e9 na ob\u010dany. Mo\u017en\u00e1 i celosv\u011btov\u011b, pokud jeho p\u0159\u00edklad vytvo\u0159\u00ed precedent.<\/p>\n<p><img decoding=\"async\" loading=\"lazy\" class=\"alignnone size-full wp-image-1185\" src=\"http:\/\/www.infokuryr.cz\/n\/wp-content\/uploads\/2021\/04\/kuryr-podpis.png\" alt=\"\" width=\"84\" height=\"24\" \/><\/p>\n<p>&nbsp;<\/p>\n","protected":false},"excerpt":{"rendered":"<p>Ministr zdravotnictv\u00ed a soci\u00e1ln\u00edch slu\u017eeb Robert F. Kennedy Jr. odvolal\u00a0v\u0161ech 17 \u010dlen\u016f Poradn\u00edho panelu pro&#8230;<\/p>\n","protected":false},"author":2,"featured_media":75401,"comment_status":"closed","ping_status":"closed","sticky":false,"template":"","format":"standard","meta":[],"categories":[7],"tags":[1037,1468,4087,3647],"_links":{"self":[{"href":"https:\/\/www.infokuryr.cz\/n\/wp-json\/wp\/v2\/posts\/80932"}],"collection":[{"href":"https:\/\/www.infokuryr.cz\/n\/wp-json\/wp\/v2\/posts"}],"about":[{"href":"https:\/\/www.infokuryr.cz\/n\/wp-json\/wp\/v2\/types\/post"}],"author":[{"embeddable":true,"href":"https:\/\/www.infokuryr.cz\/n\/wp-json\/wp\/v2\/users\/2"}],"replies":[{"embeddable":true,"href":"https:\/\/www.infokuryr.cz\/n\/wp-json\/wp\/v2\/comments?post=80932"}],"version-history":[{"count":0,"href":"https:\/\/www.infokuryr.cz\/n\/wp-json\/wp\/v2\/posts\/80932\/revisions"}],"wp:featuredmedia":[{"embeddable":true,"href":"https:\/\/www.infokuryr.cz\/n\/wp-json\/wp\/v2\/media\/75401"}],"wp:attachment":[{"href":"https:\/\/www.infokuryr.cz\/n\/wp-json\/wp\/v2\/media?parent=80932"}],"wp:term":[{"taxonomy":"category","embeddable":true,"href":"https:\/\/www.infokuryr.cz\/n\/wp-json\/wp\/v2\/categories?post=80932"},{"taxonomy":"post_tag","embeddable":true,"href":"https:\/\/www.infokuryr.cz\/n\/wp-json\/wp\/v2\/tags?post=80932"}],"curies":[{"name":"wp","href":"https:\/\/api.w.org\/{rel}","templated":true}]}}