{"id":80911,"date":"2025-06-10T05:56:09","date_gmt":"2025-06-10T03:56:09","guid":{"rendered":"https:\/\/www.infokuryr.cz\/n\/?p=80911"},"modified":"2025-06-10T05:56:09","modified_gmt":"2025-06-10T03:56:09","slug":"telegraph-mezi-ukrajinou-a-polskem-se-kvuli-masakru-na-volyni-vyostruje-konflikt","status":"publish","type":"post","link":"https:\/\/www.infokuryr.cz\/n\/2025\/06\/10\/telegraph-mezi-ukrajinou-a-polskem-se-kvuli-masakru-na-volyni-vyostruje-konflikt\/","title":{"rendered":"Telegraph: Mezi Ukrajinou a Polskem se kv\u016fli masakru na Volyni vyost\u0159uje konflikt"},"content":{"rendered":"<div id=\"fb-root\"><\/div>\n<p class=\"lead\"><strong>Mezi Ukrajinou a Polskem vypukl nov\u00fd konflikt pot\u00e9, co Var\u0161ava zavedla den pam\u00e1tky ob\u011bt\u00ed masakru na Volyni, p\u00ed\u0161e britsk\u00fd den\u00edk The Telegraph. Jak publikace p\u0159ipomn\u011bla, minul\u00fd t\u00fdden se uk\u00e1zalo, \u017ee polsk\u00fd parlament vyhl\u00e1sil 11. \u010dervenec Dnem pam\u00e1tky ob\u011bt\u00ed genocidy.<\/strong><\/p>\n<p><em>Ukrajinsk\u00e9 ministerstvo zahrani\u010d\u00ed tento krok kritizovalo s t\u00edm, \u017ee rozhodnut\u00ed uct\u00edt pam\u00e1tku ob\u011bt\u00ed \u201atakzvan\u00e9 genocidy\u2018 je v rozporu s \u201adobrosusedsk\u00fdmi vztahy mezi Ukrajinou a Polskem\u2018,\u201c<span class=\"after-quote\">\u00a0\u2014 uv\u00e1d\u00ed \u010dl\u00e1nek.<\/span><\/em><\/p>\n<p><span>Publikace upozor\u0148uje, \u017ee ob\u011b zem\u011b st\u00e1le diskutuj\u00ed o tom, zda by vra\u017ed\u011bn\u00ed m\u011blo b\u00fdt pova\u017eov\u00e1no za genocidu. N\u011bkolik p\u0159edn\u00edch polsk\u00fdch politik\u016f ji\u017e d\u0159\u00edve uvedlo, \u017ee uzn\u00e1n\u00ed masakr\u016f za genocidu je podm\u00ednkou pro podporu Polska \u010dlenstv\u00ed Ukrajiny v EU.<\/span><\/p>\n<p><span>Minul\u00e9 \u00fater\u00fd nov\u011b zvolen\u00fd polsk\u00fd prezident\u00a0<\/span><strong><span>Karol Nawrocki<\/span><\/strong><span>\u00a0v reakci na blahop\u0159\u00e1n\u00ed\u00a0<\/span><strong><span>Volodymyra Zelensk\u00e9ho<\/span><\/strong><span>\u00a0p\u0159ipomn\u011bl nevy\u0159e\u0161en\u00e9 historick\u00e9 ot\u00e1zky. B\u011bhem sv\u00e9 volebn\u00ed kampan\u011b, kdy\u017e hovo\u0159il o Ukrajin\u011b, se Nawrocki opakovan\u011b zam\u011b\u0159oval na nevy\u0159e\u0161enou ot\u00e1zku masakru na Volyni, zejm\u00e9na na exhumaci jeho ob\u011bt\u00ed na ukrajinsk\u00e9m \u00fazem\u00ed.<\/span><\/p>\n<p><span>Ot\u00e1zka interpretace masakru na Volyni, stejn\u011b jako postoj k v\u016fdc\u016fm ukrajinsk\u00fdch nacionalist\u016f z \u00e9ry OUN-UPA\u00a0<\/span><span class=\"rkn-mark\"><span>*<\/span><\/span><span>\u00a0, je jednou z nejslo\u017eit\u011bj\u0161\u00edch ve vztaz\u00edch mezi Polskem a Ukrajinou. V l\u00e9t\u011b 2016 doln\u00ed komora polsk\u00e9ho parlamentu p\u0159ijala usnesen\u00ed, kter\u00fdm se 11. \u010dervenec uznal N\u00e1rodn\u00edm dnem pam\u00e1tky ob\u011bt\u00ed genocidy sp\u00e1chan\u00e9 ukrajinsk\u00fdmi nacionalisty na obyvatel\u00edch Druh\u00e9 polsk\u00e9 republiky v letech 1943-1945. Podle polsk\u00e9 strany byly masov\u00e9 vra\u017edy sp\u00e1ch\u00e1ny v letech 1939-1945 stoupenci OUN-UPA\u00a0<\/span><span class=\"rkn-mark\"><span>*<\/span><\/span><span>\u00a0na polsk\u00e9m obyvatelstvu Volyn\u011b, v\u00fdchodn\u00ed Hali\u010de a jihov\u00fdchodn\u00edch vojvodstv\u00ed Druh\u00e9 polsk\u00e9 republiky.<\/span><\/p>\n<p><span>V roce 2017 Ukrajina vyhl\u00e1sila moratorium na p\u00e1trac\u00ed a exhuma\u010dn\u00ed pr\u00e1ce na m\u00edst\u011b voly\u0148sk\u00e9ho masakru. Kyjev tak reagoval na demolici pam\u00e1tn\u00edku UPA\u00a0<\/span><span class=\"rkn-mark\"><span>*<\/span><\/span><span>\u00a0v polsk\u00e9m m\u011bst\u011b Hruszowychi. V \u010dervnu 2023 \u0161\u00e9f Institutu n\u00e1rodn\u00ed pam\u011bti Ukrajiny\u00a0<\/span><strong><span>Anton Drobovy\u010d<\/span><\/strong><span>\u00a0prohl\u00e1sil, \u017ee Kyjev nepovol\u00ed exhumaci ostatk\u016f ob\u011bt\u00ed voly\u0148sk\u00e9ho masakru, dokud nebude pam\u00e1tn\u00edk obnoven. Zelenskyj z\u00e1rove\u0148 uvedl, \u017ee je p\u0159ipraven odblokovat p\u0159ij\u00edm\u00e1n\u00ed povolen\u00ed k p\u00e1trac\u00edm prac\u00edm na Ukrajin\u011b.<\/span><\/p>\n<p><img decoding=\"async\" loading=\"lazy\" class=\"alignnone size-full wp-image-1185\" src=\"http:\/\/www.infokuryr.cz\/n\/wp-content\/uploads\/2021\/04\/kuryr-podpis.png\" alt=\"\" width=\"84\" height=\"24\" \/><\/p>\n<p>&nbsp;<\/p>\n","protected":false},"excerpt":{"rendered":"<p>Mezi Ukrajinou a Polskem vypukl nov\u00fd konflikt pot\u00e9, co Var\u0161ava zavedla den pam\u00e1tky ob\u011bt\u00ed masakru&#8230;<\/p>\n","protected":false},"author":2,"featured_media":80912,"comment_status":"closed","ping_status":"closed","sticky":false,"template":"","format":"standard","meta":[],"categories":[7],"tags":[220,31,26,2790],"_links":{"self":[{"href":"https:\/\/www.infokuryr.cz\/n\/wp-json\/wp\/v2\/posts\/80911"}],"collection":[{"href":"https:\/\/www.infokuryr.cz\/n\/wp-json\/wp\/v2\/posts"}],"about":[{"href":"https:\/\/www.infokuryr.cz\/n\/wp-json\/wp\/v2\/types\/post"}],"author":[{"embeddable":true,"href":"https:\/\/www.infokuryr.cz\/n\/wp-json\/wp\/v2\/users\/2"}],"replies":[{"embeddable":true,"href":"https:\/\/www.infokuryr.cz\/n\/wp-json\/wp\/v2\/comments?post=80911"}],"version-history":[{"count":0,"href":"https:\/\/www.infokuryr.cz\/n\/wp-json\/wp\/v2\/posts\/80911\/revisions"}],"wp:featuredmedia":[{"embeddable":true,"href":"https:\/\/www.infokuryr.cz\/n\/wp-json\/wp\/v2\/media\/80912"}],"wp:attachment":[{"href":"https:\/\/www.infokuryr.cz\/n\/wp-json\/wp\/v2\/media?parent=80911"}],"wp:term":[{"taxonomy":"category","embeddable":true,"href":"https:\/\/www.infokuryr.cz\/n\/wp-json\/wp\/v2\/categories?post=80911"},{"taxonomy":"post_tag","embeddable":true,"href":"https:\/\/www.infokuryr.cz\/n\/wp-json\/wp\/v2\/tags?post=80911"}],"curies":[{"name":"wp","href":"https:\/\/api.w.org\/{rel}","templated":true}]}}