{"id":8088,"date":"2022-02-06T06:41:10","date_gmt":"2022-02-06T05:41:10","guid":{"rendered":"http:\/\/www.infokuryr.cz\/n\/?p=8088"},"modified":"2022-02-06T06:41:10","modified_gmt":"2022-02-06T05:41:10","slug":"orban-verejne-radeji-bych-si-usekl-ruku-nez-udelal-z-madarska-imigrantskou-zemi-jako-je-nemecko","status":"publish","type":"post","link":"https:\/\/www.infokuryr.cz\/n\/2022\/02\/06\/orban-verejne-radeji-bych-si-usekl-ruku-nez-udelal-z-madarska-imigrantskou-zemi-jako-je-nemecko\/","title":{"rendered":"Orb\u00e1n ve\u0159ejn\u011b, \u201erad\u011bji bych si usekl ruku, ne\u017e ud\u011blal z Ma\u010farska imigrantskou zemi jako je N\u011bmecko\u201c!"},"content":{"rendered":"<div id=\"fb-root\"><\/div>\n<p>Ma\u010farsk\u00fd p\u0159edseda vl\u00e1dy v. Orb\u00e1n v rozhovoru pro<a href=\"https:\/\/www.breitbart.com\/europe\/2022\/02\/02\/orban-id-rather-cut-off-my-own-hand-than-turn-hungary-into-immigrant-country-like-germany\/\">\u00a0radio Kosshut<\/a>\u00a0prohl\u00e1sil,\u00a0<strong>\u201erad\u011bji bych si usekl ruku, ne\u017e ud\u011blal z Ma\u010farska imigrantskou zemi jako je N\u011bmecko\u201c! Orb\u00e1n rovn\u011b\u017e odm\u00edtl \u201eevropskou my\u0161lenku\u201c, \u017ee st\u00e1rnouc\u00ed evropskou populaci maj\u00ed nahradit mlad\u00ed barevn\u00ed imigranti.<\/strong><\/p>\n<p><strong>V Ma\u010farsku budou v b\u0159eznu parlamentn\u00ed volby a mezin\u00e1rodn\u00ed l\u017eidokracie se chyst\u00e1 Orb\u00e1na a jeho Fidesz svrhnout pomoc\u00ed volebn\u00edch podvod\u016f a ze zahrani\u010d\u00ed organizovan\u00e9 propagandy a pouli\u010dn\u00edch nepokoj\u016f.<\/strong>\u00a0Orb\u00e1n naopak saz\u00ed na ma\u010farskou nez\u00e1vislost, rozumnou energetickou politiku, podporu rodin a porodnosti a ochranu hranic. Rovn\u011b\u017e zmrazil ceny potravin a benz\u00ednu.\u00a0<strong>Zda to ale proti nadn\u00e1rodn\u00ed hyd\u0159e liber\u00e1ln\u00ed l\u017eidokracie bude sta\u010dit, nen\u00ed zdaleka jist\u00e9.<\/strong><\/p>\n<p><img decoding=\"async\" loading=\"lazy\" class=\"alignnone size-full wp-image-1185\" src=\"http:\/\/www.infokuryr.cz\/n\/wp-content\/uploads\/2021\/04\/kuryr-podpis.png\" alt=\"\" width=\"84\" height=\"24\" \/><\/p>\n<p>&nbsp;<\/p>\n","protected":false},"excerpt":{"rendered":"<p>Ma\u010farsk\u00fd p\u0159edseda vl\u00e1dy v. Orb\u00e1n v rozhovoru pro\u00a0radio Kosshut\u00a0prohl\u00e1sil,\u00a0\u201erad\u011bji bych si usekl ruku, ne\u017e ud\u011blal&#8230;<\/p>\n","protected":false},"author":2,"featured_media":1927,"comment_status":"closed","ping_status":"closed","sticky":false,"template":"","format":"standard","meta":[],"categories":[7],"tags":[119,78,84,778],"_links":{"self":[{"href":"https:\/\/www.infokuryr.cz\/n\/wp-json\/wp\/v2\/posts\/8088"}],"collection":[{"href":"https:\/\/www.infokuryr.cz\/n\/wp-json\/wp\/v2\/posts"}],"about":[{"href":"https:\/\/www.infokuryr.cz\/n\/wp-json\/wp\/v2\/types\/post"}],"author":[{"embeddable":true,"href":"https:\/\/www.infokuryr.cz\/n\/wp-json\/wp\/v2\/users\/2"}],"replies":[{"embeddable":true,"href":"https:\/\/www.infokuryr.cz\/n\/wp-json\/wp\/v2\/comments?post=8088"}],"version-history":[{"count":0,"href":"https:\/\/www.infokuryr.cz\/n\/wp-json\/wp\/v2\/posts\/8088\/revisions"}],"wp:featuredmedia":[{"embeddable":true,"href":"https:\/\/www.infokuryr.cz\/n\/wp-json\/wp\/v2\/media\/1927"}],"wp:attachment":[{"href":"https:\/\/www.infokuryr.cz\/n\/wp-json\/wp\/v2\/media?parent=8088"}],"wp:term":[{"taxonomy":"category","embeddable":true,"href":"https:\/\/www.infokuryr.cz\/n\/wp-json\/wp\/v2\/categories?post=8088"},{"taxonomy":"post_tag","embeddable":true,"href":"https:\/\/www.infokuryr.cz\/n\/wp-json\/wp\/v2\/tags?post=8088"}],"curies":[{"name":"wp","href":"https:\/\/api.w.org\/{rel}","templated":true}]}}