{"id":8087,"date":"2022-02-06T06:39:28","date_gmt":"2022-02-06T05:39:28","guid":{"rendered":"http:\/\/www.infokuryr.cz\/n\/?p=8087"},"modified":"2022-02-06T06:39:28","modified_gmt":"2022-02-06T05:39:28","slug":"aktualni-informace-z-izraele-narust-pripadu-ockovanych","status":"publish","type":"post","link":"https:\/\/www.infokuryr.cz\/n\/2022\/02\/06\/aktualni-informace-z-izraele-narust-pripadu-ockovanych\/","title":{"rendered":"Aktu\u00e1ln\u00ed informace z Izraele: n\u00e1r\u016fst p\u0159\u00edpad\u016f &#8222;o\u010dkovan\u00fdch&#8220;"},"content":{"rendered":"<div id=\"fb-root\"><\/div>\n<p>Situace v Izraeli je hor\u0161\u00ed ne\u017e kdy jindy v (od 2. \u00fanora 2022), zem\u011b &#8220;laborato\u0159&#8220; par excellence pro zbytek sv\u011bta:\u00a0<a title=\"Izrael\" href=\"https:\/\/www.israelnationalnews.com\/news\/321674\">&#8222;80 % t\u011b\u017ek\u00fdch p\u0159\u00edpad\u016f<\/a>\u00a0je pln\u011b [dvojit\u011b nebo trojit\u011b] o\u010dkov\u00e1no,&#8220; \u0159\u00edk\u00e1 \u0159editel nemocnice Ichilov.<\/p>\n<p>Do jak\u00e9 m\u00edry se v\u0161ak katastrof\u00e1ln\u00ed situace popsan\u00e1 \u0159editelem ichilovsk\u00e9 nemocnice odr\u00e1\u017e\u00ed v ofici\u00e1ln\u00edch n\u00e1rodn\u00edch referen\u010dn\u00edch \u00fadaj\u00edch? Nelze zast\u00edrat, \u017ee po\u010det nov\u00fdch p\u0159\u00edpad\u016f infekce a potvrzen\u00fdch \u00famrt\u00ed je mnohem vy\u0161\u0161\u00ed mezi &#8222;o\u010dkovan\u00fdmi&#8220; ne\u017e mezi &#8222;neo\u010dkovan\u00fdmi&#8220;.<\/p>\n<p>Takov\u00e9 \u00fadaje jsou zjevn\u011b neslu\u010diteln\u00e9 s vakc\u00ednou, kter\u00e1 by byla nejen hodna sv\u00e9ho jm\u00e9na, ale tak\u00e9 \u00fa\u010dinn\u00e1&#8230;<\/p>\n<p>&#8222;O\u010dkovac\u00ed&#8220; podvod je dnes z\u0159ejm\u00fd. Neexistuje \u017e\u00e1dn\u00fd prostor pro \u00fanik pomoc\u00ed r\u016fzn\u00fdch &#8222;v\u00fdklad\u016f&#8220; \u010d\u00edsel. Ofici\u00e1ln\u00ed \u00fadaje, kter\u00e9 jsou nicm\u00e9n\u011b p\u0159ed\u00e1v\u00e1ny informa\u010dn\u00edmi agenturami, kter\u00e9 se sna\u017e\u00ed jejich z\u0159ejm\u00fd v\u00fdznam co nejv\u00edce zakr\u00fdt, d\u00e1vaj\u00ed smysl.<\/p>\n<p>Je nutn\u00e9 se probudit!<\/p>\n<p><img decoding=\"async\" loading=\"lazy\" class=\"alignnone size-full wp-image-1185\" src=\"http:\/\/www.infokuryr.cz\/n\/wp-content\/uploads\/2021\/04\/kuryr-podpis.png\" alt=\"\" width=\"84\" height=\"24\" \/><\/p>\n<p>&nbsp;<\/p>\n","protected":false},"excerpt":{"rendered":"<p>Situace v Izraeli je hor\u0161\u00ed ne\u017e kdy jindy v (od 2. \u00fanora 2022), zem\u011b &#8220;laborato\u0159&#8220;&#8230;<\/p>\n","protected":false},"author":2,"featured_media":2867,"comment_status":"closed","ping_status":"closed","sticky":false,"template":"","format":"standard","meta":[],"categories":[7],"tags":[23,107,213],"_links":{"self":[{"href":"https:\/\/www.infokuryr.cz\/n\/wp-json\/wp\/v2\/posts\/8087"}],"collection":[{"href":"https:\/\/www.infokuryr.cz\/n\/wp-json\/wp\/v2\/posts"}],"about":[{"href":"https:\/\/www.infokuryr.cz\/n\/wp-json\/wp\/v2\/types\/post"}],"author":[{"embeddable":true,"href":"https:\/\/www.infokuryr.cz\/n\/wp-json\/wp\/v2\/users\/2"}],"replies":[{"embeddable":true,"href":"https:\/\/www.infokuryr.cz\/n\/wp-json\/wp\/v2\/comments?post=8087"}],"version-history":[{"count":0,"href":"https:\/\/www.infokuryr.cz\/n\/wp-json\/wp\/v2\/posts\/8087\/revisions"}],"wp:featuredmedia":[{"embeddable":true,"href":"https:\/\/www.infokuryr.cz\/n\/wp-json\/wp\/v2\/media\/2867"}],"wp:attachment":[{"href":"https:\/\/www.infokuryr.cz\/n\/wp-json\/wp\/v2\/media?parent=8087"}],"wp:term":[{"taxonomy":"category","embeddable":true,"href":"https:\/\/www.infokuryr.cz\/n\/wp-json\/wp\/v2\/categories?post=8087"},{"taxonomy":"post_tag","embeddable":true,"href":"https:\/\/www.infokuryr.cz\/n\/wp-json\/wp\/v2\/tags?post=8087"}],"curies":[{"name":"wp","href":"https:\/\/api.w.org\/{rel}","templated":true}]}}