{"id":80853,"date":"2025-06-10T00:16:52","date_gmt":"2025-06-09T22:16:52","guid":{"rendered":"https:\/\/www.infokuryr.cz\/n\/?p=80853"},"modified":"2025-06-10T05:31:45","modified_gmt":"2025-06-10T03:31:45","slug":"nezamestnanost-v-usteckem-kraji-v-kvetnu-klesla-po-trech-mesicich-na-65-snizeni-prislo-poprve-v-letosnim-roce","status":"publish","type":"post","link":"https:\/\/www.infokuryr.cz\/n\/2025\/06\/10\/nezamestnanost-v-usteckem-kraji-v-kvetnu-klesla-po-trech-mesicich-na-65-snizeni-prislo-poprve-v-letosnim-roce\/","title":{"rendered":"Nezam\u011bstnanost v \u00dasteck\u00e9m kraji v kv\u011btnu klesla po t\u0159ech m\u011bs\u00edc\u00edch na 6,5 %, sn\u00ed\u017een\u00ed p\u0159i\u0161lo poprv\u00e9 v leto\u0161n\u00edm roce"},"content":{"rendered":"<div id=\"fb-root\"><\/div>\n<p><strong>Krajsk\u00e1 pobo\u010dka \u00da\u0159adu pr\u00e1ce v \u00dast\u00ed nad Labem evidovala k 31. kv\u011btnu 2025 celkem 36\u00a0338 uchaze\u010d\u016f o\u00a0zam\u011bstn\u00e1n\u00ed, o 298 m\u00e9n\u011b ne\u017e v dubnu.<\/strong><\/p>\n<p>Pod\u00edl nezam\u011bstnan\u00fdch v\u00a0\u00dasteck\u00e9m kraji klesl na 6,5 %, nezam\u011bstnanost v\u00a0cel\u00e9 \u010cR klesla na 4,2 %.<\/p>\n<p>V meziro\u010dn\u00edm srovn\u00e1n\u00ed byl pod\u00edl nezam\u011bstnan\u00fdch vy\u0161\u0161\u00ed o 0,6 procentn\u00edho bodu.<\/p>\n<p>Po\u010det voln\u00fdch m\u00edst se zv\u00fd\u0161il na 5\u00a0144, mezim\u011bs\u00ed\u010dn\u011b zam\u011bstnavatel\u00e9 popt\u00e1vali o 31 m\u00edst v\u00edce.<\/p>\n<a href=\"https:\/\/www.infokuryr.cz\/n\/wp-content\/uploads\/2025\/06\/ULK_TZ_nezamestnanost_KVETEN-25_FIN.pdf\" class=\"pdfemb-viewer\" style=\"\" data-width=\"max\" data-height=\"max\" data-toolbar=\"top\" data-toolbar-fixed=\"on\">ULK_TZ_nezame\u030cstnanost_KV\u011aTEN 25_FIN<\/a>\n<p>&nbsp;<\/p>\n<!--[if lt IE 9]><script>document.createElement('audio');<\/script><![endif]-->\n<audio class=\"wp-audio-shortcode\" id=\"audio-80853-1\" preload=\"none\" style=\"width: 100%;\" controls=\"controls\"><source type=\"audio\/ogg\" src=\"http:\/\/www.infokuryr.cz\/n\/wp-content\/uploads\/2025\/06\/ULK_TZ_nezamestnanost_KVETEN-25_KOMENT_reditelka-Martina-Becvarova.ogg?_=1\" \/><a href=\"http:\/\/www.infokuryr.cz\/n\/wp-content\/uploads\/2025\/06\/ULK_TZ_nezamestnanost_KVETEN-25_KOMENT_reditelka-Martina-Becvarova.ogg\">http:\/\/www.infokuryr.cz\/n\/wp-content\/uploads\/2025\/06\/ULK_TZ_nezamestnanost_KVETEN-25_KOMENT_reditelka-Martina-Becvarova.ogg<\/a><\/audio>\n<h3><strong>*<\/strong><\/h3>\n<p><img decoding=\"async\" loading=\"lazy\" class=\"alignnone size-full wp-image-1185\" src=\"http:\/\/www.infokuryr.cz\/n\/wp-content\/uploads\/2021\/04\/kuryr-podpis.png\" alt=\"\" width=\"84\" height=\"24\" \/><\/p>\n<p><img decoding=\"async\" loading=\"lazy\" class=\"wp-image-80899 aligncenter\" src=\"http:\/\/www.infokuryr.cz\/n\/wp-content\/uploads\/2025\/06\/Vrabel-283x300.jpg\" alt=\"\" width=\"765\" height=\"811\" srcset=\"https:\/\/www.infokuryr.cz\/n\/wp-content\/uploads\/2025\/06\/Vrabel-283x300.jpg 283w, https:\/\/www.infokuryr.cz\/n\/wp-content\/uploads\/2025\/06\/Vrabel-966x1024.jpg 966w, https:\/\/www.infokuryr.cz\/n\/wp-content\/uploads\/2025\/06\/Vrabel-768x814.jpg 768w, https:\/\/www.infokuryr.cz\/n\/wp-content\/uploads\/2025\/06\/Vrabel-1024x1086.jpg 1024w, https:\/\/www.infokuryr.cz\/n\/wp-content\/uploads\/2025\/06\/Vrabel.jpg 1080w\" sizes=\"(max-width: 765px) 100vw, 765px\" \/><\/p>\n<p>&nbsp;<\/p>\n","protected":false},"excerpt":{"rendered":"<p>Krajsk\u00e1 pobo\u010dka \u00da\u0159adu pr\u00e1ce v \u00dast\u00ed nad Labem evidovala k 31. kv\u011btnu 2025 celkem 36\u00a0338&#8230;<\/p>\n","protected":false},"author":2,"featured_media":46615,"comment_status":"closed","ping_status":"closed","sticky":false,"template":"","format":"standard","meta":[],"categories":[6],"tags":[3013,96,5682],"_links":{"self":[{"href":"https:\/\/www.infokuryr.cz\/n\/wp-json\/wp\/v2\/posts\/80853"}],"collection":[{"href":"https:\/\/www.infokuryr.cz\/n\/wp-json\/wp\/v2\/posts"}],"about":[{"href":"https:\/\/www.infokuryr.cz\/n\/wp-json\/wp\/v2\/types\/post"}],"author":[{"embeddable":true,"href":"https:\/\/www.infokuryr.cz\/n\/wp-json\/wp\/v2\/users\/2"}],"replies":[{"embeddable":true,"href":"https:\/\/www.infokuryr.cz\/n\/wp-json\/wp\/v2\/comments?post=80853"}],"version-history":[{"count":1,"href":"https:\/\/www.infokuryr.cz\/n\/wp-json\/wp\/v2\/posts\/80853\/revisions"}],"predecessor-version":[{"id":80856,"href":"https:\/\/www.infokuryr.cz\/n\/wp-json\/wp\/v2\/posts\/80853\/revisions\/80856"}],"wp:featuredmedia":[{"embeddable":true,"href":"https:\/\/www.infokuryr.cz\/n\/wp-json\/wp\/v2\/media\/46615"}],"wp:attachment":[{"href":"https:\/\/www.infokuryr.cz\/n\/wp-json\/wp\/v2\/media?parent=80853"}],"wp:term":[{"taxonomy":"category","embeddable":true,"href":"https:\/\/www.infokuryr.cz\/n\/wp-json\/wp\/v2\/categories?post=80853"},{"taxonomy":"post_tag","embeddable":true,"href":"https:\/\/www.infokuryr.cz\/n\/wp-json\/wp\/v2\/tags?post=80853"}],"curies":[{"name":"wp","href":"https:\/\/api.w.org\/{rel}","templated":true}]}}