{"id":80852,"date":"2025-06-10T00:13:46","date_gmt":"2025-06-09T22:13:46","guid":{"rendered":"https:\/\/www.infokuryr.cz\/n\/?p=80852"},"modified":"2025-06-10T05:30:56","modified_gmt":"2025-06-10T03:30:56","slug":"erik-best-mobland-brno","status":"publish","type":"post","link":"https:\/\/www.infokuryr.cz\/n\/2025\/06\/10\/erik-best-mobland-brno\/","title":{"rendered":"Erik Best: MobLand Brno"},"content":{"rendered":"<div id=\"fb-root\"><\/div>\n<p>V\u00a0z\u00e1v\u011bre\u010dn\u00e9m d\u00edle prvn\u00ed s\u00e9rie mafi\u00e1nsk\u00e9 s\u00e1gy\u00a0<a href=\"https:\/\/www.csfd.cz\/film\/1644096-zeme-gangu\/prehled\/\" target=\"_blank\" rel=\"noopener\">MobLand<\/a>\u00a0s\u00a0Piercem Brosnanem, Helen Mirrenovou a\u00a0Tomem Hardym v\u00a0hlavn\u00edch rol\u00edch, se profesion\u00e1ln\u00ed prost\u0159edn\u00edk v\u00a0pod\u00e1n\u00ed Hardyho dozv\u00ed, \u017ee v\u00a0rodin\u011b je krysa.<\/p>\n<p>Hardyho postava si podez\u0159el\u00e9ho p\u0159edvol\u00e1 do odlehl\u00e9ho skladi\u0161t\u011b a\u00a0zept\u00e1 se toho \u010dlov\u011bka: \u201eP\u0159i\u0161li oni za tebou, anebo naopak?\u201c Pot\u00e9 se zrod\u00ed pl\u00e1n, jak zr\u00e1dce obr\u00e1tit proti konkuren\u010dn\u00ed zlo\u010dineck\u00e9 rodin\u011b. V\u00a0\u010desk\u00e9 verzi, \u0159\u00edkejme j\u00ed MobLand Brno, by potenci\u00e1ln\u00edho zr\u00e1dce mohl hr\u00e1t \u010dlov\u011bk velmi podobn\u00fd p\u0159edsedovi sen\u00e1tu trestn\u00edho kolegia Nejvy\u0161\u0161\u00edho soudu Petru \u0160kvainovi. Soudn\u00ed rozhodnut\u00ed\u00a0<a href=\"https:\/\/rozhodnuti.nsoud.cz\/Judikatura\/judikatura_ns.nsf\/WebSearch\/610462A2A630F06AC1258A59001B826F?openDocument&amp;Highlight=0\" target=\"_blank\" rel=\"noopener\">z \u010dervence 2023<\/a>\u00a0tohoto doktora pr\u00e1v\u00a0z\u00a0<a href=\"https:\/\/www.nsoud.cz\/o-nejvyssim-soudu\/funkcionari-a-soudci\/soudci-obcanskopravniho-a-obchodniho-kolegia\/detail?tx_erigopeople_detail%5Baction%5D=detail&amp;tx_erigopeople_detail%5Bcontroller%5D=Person&amp;tx_erigopeople_detail%5Bperson%5D=130&amp;cHash=582c246b2e7049d14f95d9c99bf8a21b\" target=\"_blank\" rel=\"noopener\">Pr\u00e1vnick\u00e9 fakulty Masarykovy univerzity<\/a>\u00a0vydl\u00e1\u017edilo cestu policii k\u00a0vr\u00e1cen\u00ed po\u010d\u00edta\u010de odsouzen\u00e9mu drogov\u00e9mu dealerovi Tom\u00e1\u0161i Ji\u0159ikovsk\u00e9mu umo\u017e\u0148uj\u00edc\u00edmu p\u0159\u00edstup k\u00a012,5 miliard\u00e1m K\u010d v\u00a0bitcoinech.<\/p>\n<p>Sen\u00e1torka\u00a0<a href=\"https:\/\/www.youtube.com\/live\/e2EpYwIV5RI?t=290s\" target=\"_blank\" rel=\"noopener\">Hana Kordov\u00e1 Marvanov\u00e1<\/a>\u00a0v\u010dera v\u00a0Partii Terezie Tom\u00e1nkov\u00e9 na CNN Prima News uvedla, \u017ee n\u011bkdo mohl Nejvy\u0161\u0161\u00edmu soudu a\u00a0Nejvy\u0161\u0161\u00edmu st\u00e1tn\u00edmu zastupitelstv\u00ed pomoci zm\u011bnit na v\u011bc n\u00e1zor. St\u00e1tn\u00ed z\u00e1stupce Radim Dragoun, kter\u00fd m\u00e1 p\u0159\u00edpad na starosti, by nyn\u00ed mohl nav\u0161t\u00edvit postavu \u0160kvaina a\u00a0zeptat se j\u00ed: \u201eP\u0159i\u0161li oni za v\u00e1mi, anebo naopak?\u201c<\/p>\n<p><a href=\"https:\/\/www.fsfinalword.cz\/?page=archive&amp;day=2025-06-09&amp;utm_source=utm_source%3Dnewsletter&amp;utm_medium=utm_medium%3De-mail&amp;utm_campaign=utm_campaign%3Dfinal_word_9.6.2025\">Erik Best<\/a><\/p>\n<p><img decoding=\"async\" loading=\"lazy\" class=\"alignnone wp-image-1179\" src=\"http:\/\/www.infokuryr.cz\/n\/wp-content\/uploads\/2021\/04\/erik-best.jpg\" alt=\"\" width=\"128\" height=\"144\" \/><\/p>\n<p><img decoding=\"async\" loading=\"lazy\" class=\"wp-image-80899 aligncenter\" src=\"http:\/\/www.infokuryr.cz\/n\/wp-content\/uploads\/2025\/06\/Vrabel-283x300.jpg\" alt=\"\" width=\"792\" height=\"840\" srcset=\"https:\/\/www.infokuryr.cz\/n\/wp-content\/uploads\/2025\/06\/Vrabel-283x300.jpg 283w, https:\/\/www.infokuryr.cz\/n\/wp-content\/uploads\/2025\/06\/Vrabel-966x1024.jpg 966w, https:\/\/www.infokuryr.cz\/n\/wp-content\/uploads\/2025\/06\/Vrabel-768x814.jpg 768w, https:\/\/www.infokuryr.cz\/n\/wp-content\/uploads\/2025\/06\/Vrabel-1024x1086.jpg 1024w, https:\/\/www.infokuryr.cz\/n\/wp-content\/uploads\/2025\/06\/Vrabel.jpg 1080w\" sizes=\"(max-width: 792px) 100vw, 792px\" \/><\/p>\n<p>&nbsp;<\/p>\n","protected":false},"excerpt":{"rendered":"<p>V\u00a0z\u00e1v\u011bre\u010dn\u00e9m d\u00edle prvn\u00ed s\u00e9rie mafi\u00e1nsk\u00e9 s\u00e1gy\u00a0MobLand\u00a0s\u00a0Piercem Brosnanem, Helen Mirrenovou a\u00a0Tomem Hardym v\u00a0hlavn\u00edch rol\u00edch, se profesion\u00e1ln\u00ed&#8230;<\/p>\n","protected":false},"author":2,"featured_media":67729,"comment_status":"closed","ping_status":"closed","sticky":false,"template":"","format":"standard","meta":[],"categories":[6],"tags":[7175,9250,1503,324],"_links":{"self":[{"href":"https:\/\/www.infokuryr.cz\/n\/wp-json\/wp\/v2\/posts\/80852"}],"collection":[{"href":"https:\/\/www.infokuryr.cz\/n\/wp-json\/wp\/v2\/posts"}],"about":[{"href":"https:\/\/www.infokuryr.cz\/n\/wp-json\/wp\/v2\/types\/post"}],"author":[{"embeddable":true,"href":"https:\/\/www.infokuryr.cz\/n\/wp-json\/wp\/v2\/users\/2"}],"replies":[{"embeddable":true,"href":"https:\/\/www.infokuryr.cz\/n\/wp-json\/wp\/v2\/comments?post=80852"}],"version-history":[{"count":0,"href":"https:\/\/www.infokuryr.cz\/n\/wp-json\/wp\/v2\/posts\/80852\/revisions"}],"wp:featuredmedia":[{"embeddable":true,"href":"https:\/\/www.infokuryr.cz\/n\/wp-json\/wp\/v2\/media\/67729"}],"wp:attachment":[{"href":"https:\/\/www.infokuryr.cz\/n\/wp-json\/wp\/v2\/media?parent=80852"}],"wp:term":[{"taxonomy":"category","embeddable":true,"href":"https:\/\/www.infokuryr.cz\/n\/wp-json\/wp\/v2\/categories?post=80852"},{"taxonomy":"post_tag","embeddable":true,"href":"https:\/\/www.infokuryr.cz\/n\/wp-json\/wp\/v2\/tags?post=80852"}],"curies":[{"name":"wp","href":"https:\/\/api.w.org\/{rel}","templated":true}]}}