{"id":8085,"date":"2022-02-06T06:36:41","date_gmt":"2022-02-06T05:36:41","guid":{"rendered":"http:\/\/www.infokuryr.cz\/n\/?p=8085"},"modified":"2022-02-06T06:36:41","modified_gmt":"2022-02-06T05:36:41","slug":"ozbrojene-sily-ukrajiny-utoci-ruznymi-zbranemi-na-doneck","status":"publish","type":"post","link":"https:\/\/www.infokuryr.cz\/n\/2022\/02\/06\/ozbrojene-sily-ukrajiny-utoci-ruznymi-zbranemi-na-doneck\/","title":{"rendered":"Ozbrojen\u00e9 s\u00edly Ukrajiny \u00fato\u010d\u00ed r\u016fzn\u00fdmi zbran\u011bmi na Don\u011bck"},"content":{"rendered":"<div id=\"fb-root\"><\/div>\n<p><strong>Od sobotn\u00edho r\u00e1na jsou Don\u011bck a p\u0159edm\u011bst\u00ed hlavn\u00edho m\u011bsta samozvan\u00e9 Don\u011bck\u00e9 lidov\u00e9 republiky vystaveny masivn\u00edmu ost\u0159elov\u00e1n\u00ed ze strany Ozbrojen\u00fdch sil Ukrajiny.<\/strong><\/p>\n<p>\u00datoky jsou podle m\u00edstn\u00edch obyvatel vedeny z\u00a0n\u011bkolika sm\u011br\u016f. V\u00a0tomto p\u0159\u00edpad\u011b se pou\u017e\u00edvaj\u00ed jak klasick\u00e9 ru\u010dn\u00ed zbran\u011b, tak minomety, automatick\u00e9 gran\u00e1tomety a\u00a0dokonce i\u00a0velkor\u00e1\u017en\u00e9 d\u011blost\u0159electvo.<\/p>\n<p>Podle kan\u00e1lu \u201cTelegram\u201d \u201cZpr\u00e1vy milice Novorossiya\u201d padaj\u00ed \u00fadery hlavn\u011b na sever od Don\u011bcka, nicm\u00e9n\u011b m\u00edstn\u00ed obyvatel\u00e9 tvrd\u00ed, \u017ee od 7:48 byly ozbrojen\u00fdmi silami napadeny i\u00a0okraje Don\u011bcka. Ukrajiny. Z\u00e1rove\u0148 existuj\u00ed nepotvrzen\u00e9 informace, \u017ee \u00fadery ozbrojen\u00fdch sil Ukrajiny jsou korigov\u00e1ny z\u00a0bezpilotn\u00edho letounu.<\/p>\n<p>Objektivn\u00ed informace o\u00a0zk\u00e1ze, zran\u011bn\u00fdch a\u00a0mrtv\u00fdch v\u00a0sou\u010dasnosti z\u00e1stupci samozvan\u00e9 Don\u011bck\u00e9 lidov\u00e9 republiky nepod\u00e1vaj\u00ed. Ozbrojen\u00e9 s\u00edly Ukrajiny se z\u0159ejm\u011b nechystaj\u00ed do \u00fatoku, proto\u017ee pohyb ukrajinsk\u00fdch jednotek nen\u00ed zaznamen\u00e1n. Nicm\u00e9n\u011b vzhledem k\u00a0tomu, \u017ee americk\u00e9 vojensk\u00e9 letadlo dnes v\u00a0noci let\u011blo pobl\u00ed\u017e ukrajinsko-rusk\u00e9 hranice, mohly by Spojen\u00e9 st\u00e1ty docela dob\u0159e shroma\u017e\u010fovat \u00fadaje o\u00a0um\u00edst\u011bn\u00ed rusk\u00fdch jednotek, a\u00a0p\u0159ipravit tak mo\u017enosti ofenzivy Ozbrojen\u00fdch sil Ukrajiny na Donbasu.<\/p>\n<p><em>Jeden ze \u010dten\u00e1\u0159\u016f poznamenal \u2013 \u201cTo se dalo \u010dekat. Za\u010dala Olympi\u00e1da\u2026 typick\u00fd rukopis americk\u00fdch loutkovodi\u010d\u016f \u201d (<\/em><em>pozn.red.)<\/em><\/p>\n<p><em>\u00a0<a title=\"https:\/\/avia.pro\/news\/doneck-popal-pod-massirovannyy-obstrel-vsu\" href=\"https:\/\/avia.pro\/news\/doneck-popal-pod-massirovannyy-obstrel-vsu\" target=\"_blank\" rel=\"noopener\" aria-label=\"https:\/\/avia.pro\/news\/doneck-popal-pod-massirovannyy-obstrel-vsu\">ZDROJ<\/a><\/em><\/p>\n<p>&nbsp;<\/p>\n","protected":false},"excerpt":{"rendered":"<p>Od sobotn\u00edho r\u00e1na jsou Don\u011bck a p\u0159edm\u011bst\u00ed hlavn\u00edho m\u011bsta samozvan\u00e9 Don\u011bck\u00e9 lidov\u00e9 republiky vystaveny masivn\u00edmu&#8230;<\/p>\n","protected":false},"author":2,"featured_media":8086,"comment_status":"closed","ping_status":"closed","sticky":false,"template":"","format":"standard","meta":[],"categories":[7],"tags":[1128,64,1735,26],"_links":{"self":[{"href":"https:\/\/www.infokuryr.cz\/n\/wp-json\/wp\/v2\/posts\/8085"}],"collection":[{"href":"https:\/\/www.infokuryr.cz\/n\/wp-json\/wp\/v2\/posts"}],"about":[{"href":"https:\/\/www.infokuryr.cz\/n\/wp-json\/wp\/v2\/types\/post"}],"author":[{"embeddable":true,"href":"https:\/\/www.infokuryr.cz\/n\/wp-json\/wp\/v2\/users\/2"}],"replies":[{"embeddable":true,"href":"https:\/\/www.infokuryr.cz\/n\/wp-json\/wp\/v2\/comments?post=8085"}],"version-history":[{"count":0,"href":"https:\/\/www.infokuryr.cz\/n\/wp-json\/wp\/v2\/posts\/8085\/revisions"}],"wp:featuredmedia":[{"embeddable":true,"href":"https:\/\/www.infokuryr.cz\/n\/wp-json\/wp\/v2\/media\/8086"}],"wp:attachment":[{"href":"https:\/\/www.infokuryr.cz\/n\/wp-json\/wp\/v2\/media?parent=8085"}],"wp:term":[{"taxonomy":"category","embeddable":true,"href":"https:\/\/www.infokuryr.cz\/n\/wp-json\/wp\/v2\/categories?post=8085"},{"taxonomy":"post_tag","embeddable":true,"href":"https:\/\/www.infokuryr.cz\/n\/wp-json\/wp\/v2\/tags?post=8085"}],"curies":[{"name":"wp","href":"https:\/\/api.w.org\/{rel}","templated":true}]}}