{"id":80844,"date":"2025-06-10T00:22:25","date_gmt":"2025-06-09T22:22:25","guid":{"rendered":"https:\/\/www.infokuryr.cz\/n\/?p=80844"},"modified":"2025-06-09T12:41:06","modified_gmt":"2025-06-09T10:41:06","slug":"bez-svobodne-palestiny-neexistuje-spravedlnost-pro-osoby-se-zdravotnim-postizenim","status":"publish","type":"post","link":"https:\/\/www.infokuryr.cz\/n\/2025\/06\/10\/bez-svobodne-palestiny-neexistuje-spravedlnost-pro-osoby-se-zdravotnim-postizenim\/","title":{"rendered":"Bez svobodn\u00e9 Palestiny neexistuje spravedlnost pro osoby se zdravotn\u00edm posti\u017een\u00edm"},"content":{"rendered":"<div id=\"fb-root\"><\/div>\n<p><strong>Jsem \u017did s posti\u017een\u00edm, antisionista a v\u011b\u0159\u00edm, \u017ee se do\u010dk\u00e1me svobodn\u00e9 Palestiny. V\u011b\u0159\u00edm ale tak\u00e9 v toto: kdokoli, kdo tvrd\u00ed, \u017ee se zasazuje o pr\u00e1va osob se zdravotn\u00edm posti\u017een\u00edm nebo o spravedlnost, a p\u0159itom ml\u010d\u00ed o Gaze, ve skute\u010dnosti nic takov\u00e9ho ned\u011bl\u00e1.<\/strong><\/p>\n<p><span>Jsem posti\u017een\u00fd, antisionistick\u00fd \u017did. Z otcovy strany jsem vnukem irsk\u00fdch imigrant\u016f a potomkem lid\u00ed, kte\u0159\u00ed bojovali proti britsk\u00e9 okupaci. Z mat\u010diny strany jsem potomkem p\u0159e\u017eiv\u0161\u00edch holocaustu a \u017did\u016f, kte\u0159\u00ed \u010delili pron\u00e1sledov\u00e1n\u00ed po cel\u00e9 v\u00fdchodn\u00ed Evrop\u011b. M\u00e9 \u017eivotn\u00ed d\u00edlo je zasv\u011bceno dosa\u017een\u00ed kolektivn\u00edho osvobozen\u00ed pro v\u0161echny, kte\u0159\u00ed jsou posti\u017eeni \u00fatlakem, zejm\u00e9na jako\u017eto celo\u017eivotn\u00ed osoba s posti\u017een\u00edm, a hluboce a bezv\u00fdhradn\u011b v\u011b\u0159\u00edm, \u017ee se do\u010dk\u00e1me svobodn\u00e9 Palestiny. V\u011b\u0159\u00edm ale tak\u00e9 v toto: kdokoli, kdo tvrd\u00ed, \u017ee kon\u00e1 pr\u00e1ci pro pr\u00e1va osob se zdravotn\u00edm posti\u017een\u00edm nebo spravedlnost, a ml\u010d\u00ed o Gaze, ve skute\u010dnosti nic takov\u00e9ho ned\u011bl\u00e1.<\/span><\/p>\n<p><span>Dvacet m\u011bs\u00edc\u016f po zah\u00e1jen\u00ed izraelsk\u00e9, USA podporovan\u00e9 genocidy Palestinc\u016f v Gaze je nemo\u017en\u00e9 tvrdit, \u017ee se uplat\u0148uje spravedlnost pro osoby se zdravotn\u00edm posti\u017een\u00edm a z\u00e1rove\u0148 ignorovat \u00famysln\u00e9 znev\u00fdhod\u0148ov\u00e1n\u00ed, etnick\u00e9 \u010distky a masov\u00e9 masakrov\u00e1n\u00ed populace, kter\u00e1 ji\u017e sn\u00e1\u0161\u00ed desetilet\u00ed obl\u00e9h\u00e1n\u00ed, vys\u00eddlov\u00e1n\u00ed a okupace.\u00a0<\/span><a href=\"https:\/\/www.breakingthesilenceongaza.org\/disability-data-gaza\"><span>P\u0159ed \u0159\u00edjnem 2023<\/span><\/a><span>\u00a0bylo v Gaze odhadem 58 000 lid\u00ed identifikov\u00e1no jako osoby se zdravotn\u00edm posti\u017een\u00edm a na za\u010d\u00e1tku t\u00e9to genocidy bylo odhadem 15 % vys\u00eddlen\u00fdch osob se zdravotn\u00edm posti\u017een\u00edm. Nev\u00edme, jak\u00e9 je toto \u010d\u00edslo dnes, ale je velmi pravd\u011bpodobn\u00e9, \u017ee je mnohem vy\u0161\u0161\u00ed.<\/span><\/p>\n<p><span>Des\u00edtky tis\u00edc Palestinc\u016f byly zabity, v\u011bt\u0161ina z nich \u017eeny a d\u011bti. Je\u0161t\u011b v\u00edce jich bylo fyzicky zran\u011bno a zmrza\u010deno. Tis\u00edce d\u011bt\u00ed p\u0159i\u0161ly o kon\u010detiny, co\u017e z nich \u010din\u00ed nejv\u011bt\u0161\u00ed skupinu d\u011btsk\u00fdch amputovan\u00fdch osob v zaznamenan\u00e9 historii. Krom\u011b t\u011bchto skute\u010dnost\u00ed je v\u0161ak i trauma invalidizuj\u00edc\u00ed. Ka\u017ed\u00fd p\u0159e\u017eiv\u0161\u00ed bude nucen \u017e\u00edt s \u010dasto neviditeln\u00fdm posti\u017een\u00edm, kter\u00e9 doprov\u00e1z\u00ed nep\u0159edstaviteln\u00e9 fyzick\u00e9, psychick\u00e9 a emocion\u00e1ln\u00ed n\u00e1sil\u00ed.<\/span><\/p>\n<p><span>Nic z toho se ned\u011bl\u00e1 na ochranu \u017did\u016f. Nic z toho nejsou jen vedlej\u0161\u00ed \u0161kody. Je to zam\u00fd\u0161len\u00fd v\u00fdsledek genocidy, od kter\u00e9 se p\u0159\u00edli\u0161 mnoho lid\u00ed, zejm\u00e9na t\u011bch z \u017eidovsk\u00fdch i handicapovan\u00fdch komunit, rozhodlo odvracet zrak.<\/span><\/p>\n<p><span>Jako \u010dlov\u011bk s mozkovou obrnou se nedok\u00e1\u017eu odtrhnout od fotografie desetilet\u00e9ho Yazana al-Kafarneha, kter\u00fd zem\u0159el v Gaze za\u010d\u00e1tkem lo\u0148sk\u00e9ho roku. Yazan, kter\u00fd sd\u00edlel moje posti\u017een\u00ed,\u00a0<\/span><a href=\"https:\/\/mondoweiss.net\/2024\/03\/the-story-of-yazan-kafarneh-the-boy-who-starved-to-death-in-gaza\/\"><span>zem\u0159el ve vyhubl\u00e9m stavu<\/span><\/a><span>\u00a0, vyhladov\u011bl\u00fd a opu\u0161t\u011bn\u00fd sv\u011btem, kter\u00fd odm\u00edtal b\u00fdt sv\u011bdkem. Kdy\u017e se tato fotografie objevila, \u010dekal jsem na protesty \u0161ir\u0161\u00ed komunity lid\u00ed s posti\u017een\u00edm. Nikdy nep\u0159i\u0161ly. Kdy\u017e byl Muhammed Bhar, 24let\u00fd mu\u017e s Downov\u00fdm syndromem,\u00a0<\/span><a href=\"https:\/\/www.bbc.com\/news\/articles\/cz9drj14e0lo\"><span>ubit<\/span><\/a><span>\u00a0psem IDF, myslel jsem si, \u017ee bychom mohli od b\u011b\u017en\u00e9 komunity lid\u00ed s posti\u017een\u00edm usly\u0161et v\u00edce. To se nestalo. A kdy\u017e Izrael minul\u00fd m\u011bs\u00edc\u00a0<\/span><a href=\"https:\/\/www.facebook.com\/watch\/?v=10097179210313899\"><span>zabil<\/span><\/a><span>\u00a0dvan\u00e1ctilet\u00e9ho Ahmeda Abu al-Rouse, kdy\u017e sed\u011bl na invalidn\u00edm voz\u00edku v uprchlick\u00e9m t\u00e1bo\u0159e, pomyslel jsem si, \u017ee ur\u010dit\u011b nastal \u010das, aby se na\u0161i p\u0159edstavitel\u00e9 komunity lid\u00ed s posti\u017een\u00edm kone\u010dn\u011b ozvali. M\u00fdlil jsem se.<\/span><\/p>\n<p><span>Kde jsou ta prohl\u00e1\u0161en\u00ed? Kde jsou po\u017eadavky na p\u0159\u00edstup k pomoci a ukon\u010den\u00ed etnick\u00fdch \u010distek? Pro\u010d vid\u00edme tolik lid\u00ed, kte\u0159\u00ed sp\u011bchaj\u00ed odsuzovat diskriminaci v\u016f\u010di lidem s posti\u017een\u00edm v m\u00e9di\u00edch, \u0161kol\u00e1ch nebo ve vl\u00e1d\u011b, jak najednou ml\u010d\u00ed, kdy\u017e st\u00e1t, podporovan\u00fd na\u0161imi vlastn\u00edmi da\u0148ov\u00fdmi poplatn\u00edky,\u00a0<\/span><a href=\"https:\/\/www.newarab.com\/news\/israeli-forces-bomb-prosthetic-limbs-hospital-north-gaza\"><span>bombarduje centra pro protetick\u00e9 kon\u010detiny<\/span><\/a><span>\u00a0,\u00a0<\/span><a href=\"https:\/\/www.pbs.org\/newshour\/world\/2-of-the-last-functioning-hospitals-in-northern-gaza-encircled-by-israeli-forces-staff-say\"><span>\u00famysln\u011b c\u00edl\u00ed na jedin\u00e9 zb\u00fdvaj\u00edc\u00ed nemocnice<\/span><\/a><span>\u00a0a\u00a0<\/span><a href=\"https:\/\/www.reuters.com\/business\/healthcare-pharmaceuticals\/majority-medical-equipment-supplies-stock-zero-gaza-who-says-2025-05-26\/\"><span>blokuje dod\u00e1vky odoln\u00e9ho zdravotnick\u00e9ho vybaven\u00ed<\/span><\/a><span>\u00a0?<\/span><\/p>\n<p><strong>Toto ml\u010den\u00ed je spolu\u00fa\u010dast.<\/strong><\/p>\n<p><span>Spravedlnost pro osoby se zdravotn\u00edm posti\u017een\u00edm je zako\u0159en\u011bna v\u00a0<\/span><a href=\"https:\/\/sinsinvalid.org\/10-principles-of-disability-justice\/\"><span>principech<\/span><\/a><span>\u00a0intersekcionality, kolektivn\u00edho p\u0159\u00edstupu a solidarity nap\u0159\u00ed\u010d hnut\u00edmi. Zalo\u017eili ji \u010derno\u0161i, hn\u011bd\u00ed a queer lid\u00e9 s posti\u017een\u00edm, kte\u0159\u00ed pochopili, \u017ee osvobozen\u00ed je bu\u010f pro v\u0161echny, nebo pro nikoho. To zahrnuje i posti\u017een\u00e9 Palestince. To zahrnuje i Gazu. To zahrnuje i ty, kte\u0159\u00ed byli posti\u017eeni bombardov\u00e1n\u00edm, hladov\u011bn\u00edm, blok\u00e1dou, traumatem. To zahrnuje ka\u017edou du\u0161i ukradenou z tohoto sv\u011bta.<\/span><\/p>\n<p><span>Pokra\u010duj\u00edc\u00ed izraelsk\u00e1 okupace Gazy neu\u0161et\u0159ila osoby se zdravotn\u00edm posti\u017een\u00edm. Ve skute\u010dnosti se na n\u011b zam\u011b\u0159ila.\u00a0<\/span><a href=\"https:\/\/www.hrw.org\/news\/2020\/12\/03\/gaza-israeli-restrictions-harm-people-disabilities\"><span>Zpr\u00e1va organizace Human Rights Watch z roku 2020<\/span><\/a><span>\u00a0dokumentovala, jak desetilet\u00ed izraelsk\u00fdch omezen\u00ed v Gaze dlouhodob\u011b br\u00e1n\u00ed lidem se zdravotn\u00edm posti\u017een\u00edm v p\u0159\u00edstupu k zdravotnick\u00fdm prost\u0159edk\u016fm, l\u00e9k\u016fm a nezbytn\u00e9 podpo\u0159e. Nyn\u00ed, kdy\u017e se syst\u00e9m zdravotn\u00ed p\u00e9\u010de v Gaze v podstat\u011b zhroutil a tis\u00edce lid\u00ed, v\u010detn\u011b kojenc\u016f,\u00a0<\/span><a href=\"https:\/\/www.pbs.org\/newshour\/world\/palestinian-children-suffering-from-malnutrition-overwhelm-gazas-nasser-hospital\"><span>nemaj\u00ed p\u0159\u00edstup k j\u00eddlu<\/span><\/a><span>\u00a0, je jedin\u00fdm osudem pro v\u011bt\u0161inu z nich, kte\u0159\u00ed z\u016fstanou, pokud by genocida pokra\u010dovala, smrt.<\/span><\/p>\n<p><span>Ned\u011bje se to jen v Gaze. Palestinci na Z\u00e1padn\u00edm b\u0159ehu Jord\u00e1nu\u00a0<\/span><a href=\"https:\/\/www.hi-us.org\/en\/escalation-of-violence-in-the-west-bank-impacts-health-services\"><span>\u010del\u00ed ochromuj\u00edc\u00edmu a smrt\u00edc\u00edmu n\u00e1sil\u00ed<\/span><\/a><span>\u00a0ze strany izraelsk\u00e9 arm\u00e1dy i osadn\u00edk\u016f, kter\u00e9 omezuje p\u0159\u00edstup ke zdravotn\u00ed p\u00e9\u010di, ni\u010d\u00ed domy a majetek a dosud vyhnalo z domov\u016f p\u0159es 1700 lid\u00ed. Apartheid vytvo\u0159il i tamn\u00ed posti\u017een\u00e9 Palestince hrozn\u00e9 podm\u00ednky a pr\u00e1v\u011b sv\u011bdkem tohoto syst\u00e9mu apartheidu jsem se p\u0159ed v\u00edce ne\u017e deseti lety zav\u00e1zal k osvobozen\u00ed Palestinc\u016f. P\u0159i sv\u00e9 druh\u00e9 n\u00e1v\u0161t\u011bv\u011b v roce 2015, t\u0159i roky po m\u00e9 prvn\u00ed n\u00e1v\u0161t\u011bv\u011b v r\u00e1mci organizace Birthright, jsem vid\u011bl a sly\u0161el v\u011bci, se kter\u00fdmi jsem se d\u0159\u00edve nesetkal. S hr\u016fzou jsem vid\u011bl dehumanizaci Palestinc\u016f. Dozv\u011bd\u011bl jsem se o realit\u011b Z\u00e1padn\u00edho b\u0159ehu Jord\u00e1nu a neleg\u00e1ln\u00edch osad. Byl jsem sv\u011bdkem kontroln\u00edch stanovi\u0161\u0165 a r\u016fzn\u00fdch pravidel pro Izraelce a Palestince. Tato cesta m\u011b z\u00e1sadn\u011b zm\u011bnila a za deset let, kter\u00e1 uplynula, jasn\u011b uk\u00e1zala, \u017ee jak\u00e1koli seri\u00f3zn\u00ed organizace pro osvobozen\u00ed posti\u017een\u00fdch mus\u00ed zahrnovat osvobozen\u00ed Palestinc\u016f.\u00a0<\/span><\/p>\n<p><span>Dovolte mi, abych to up\u0159esnil: bez svobody v Palestin\u011b neexistuje spravedlnost pro osoby se zdravotn\u00edm posti\u017een\u00edm. Nem\u016f\u017eeme tvrdit, \u017ee v\u011b\u0159\u00edme v kolektivn\u00ed p\u0159\u00edstup, a p\u0159itom ml\u010det o apartheidu. Nem\u016f\u017eeme tvrdit, \u017ee uzn\u00e1v\u00e1me celistvost v\u0161ech lidsk\u00fdch bytost\u00ed, a p\u0159itom spolupodepisovat okupaci n\u011bkter\u00fdch. Na\u0161e hodnoty nekon\u010d\u00ed na hranic\u00edch s USA. Mus\u00edme p\u0159estat zach\u00e1zet se solidaritou, jako by byla voliteln\u00e1.<\/span><\/p>\n<p><span>B\u00fdt sou\u010d\u00e1st\u00ed tohoto hnut\u00ed a ignorovat genocidu znamen\u00e1 zradit hodnoty, kter\u00e9 tvrd\u00edme, \u017ee dodr\u017eujeme. Pokud dok\u00e1\u017eeme zmobilizovat tis\u00edce lid\u00ed na ochranu Medicaidu v t\u00e9to zemi, co\u017e rozhodn\u011b m\u016f\u017eeme a d\u011bl\u00e1me, pak se m\u016f\u017eeme ozvat, kdy\u017e je cel\u00e1 populace p\u0159ed na\u0161ima o\u010dima posti\u017eena a ni\u010dena.<\/span><\/p>\n<p><span>Moje nad\u011bje, a\u0165 u\u017e se n\u011bkdy zd\u00e1 jakkoli sl\u00e1bnouc\u00ed, pramen\u00ed z okam\u017eik\u016f, kdy se na\u0161e hnut\u00ed spoj\u00ed v solidarit\u011b. Kdy multirasov\u00e1, mezin\u00e1bo\u017eensk\u00e1 a nap\u0159\u00ed\u010d posti\u017een\u00edm nap\u0159\u00ed\u010d koalicemi \u0159ekne \u201edost\u201c. U\u017e jsme to ud\u011blali a mus\u00edme to ud\u011blat i te\u010f.<\/span><\/p>\n<p><span>Zastaven\u00ed t\u00e9to genocidy v Gaze financovan\u00e9 USA je probl\u00e9mem na\u0161\u00ed doby pro osoby se zdravotn\u00edm posti\u017een\u00edm.<\/span><\/p>\n<p><span style=\"font-size: 10pt;\"><em><strong>\u00davodn\u00ed fotografie:<\/strong> Jeden\u00e1ctilet\u00e9 palestinsk\u00e9 d\u00edt\u011b Mustafa Nasr je v p\u00e9\u010di sv\u00e9 rodiny v oblasti Al-Nazla v D\u017eab\u00e1lii v Gaze v \u00fanoru 2025. Jeho nohy byly amputov\u00e1ny p\u0159i izraelsk\u00e9m n\u00e1letu, jeho\u017e c\u00edlem byl d\u016fm jeho rodiny b\u011bhem izraelsk\u00e9 v\u00e1lky v p\u00e1smu Gazy. Skupina \u010dlen\u016f jeho rodiny byla tak\u00e9 umu\u010dena. (Foto: Omar Ashtawy\/apaimages)<\/em><\/span><\/p>\n<p><span class=\"post-author\"><span class=\"by\"><span>Od\u00a0<\/span><\/span><a class=\"author url fn\" title=\"P\u0159\u00edsp\u011bvky od Doma Kellyho\" href=\"https:\/\/mondoweiss.net\/author\/dom-kelly\/\" rel=\"author\"><span>Doma Kellyho<\/span><\/a><\/span><\/p>\n<p>&nbsp;<\/p>\n","protected":false},"excerpt":{"rendered":"<p>Jsem \u017did s posti\u017een\u00edm, antisionista a v\u011b\u0159\u00edm, \u017ee se do\u010dk\u00e1me svobodn\u00e9 Palestiny. V\u011b\u0159\u00edm ale tak\u00e9&#8230;<\/p>\n","protected":false},"author":2,"featured_media":80845,"comment_status":"closed","ping_status":"closed","sticky":false,"template":"","format":"standard","meta":[],"categories":[7],"tags":[107,312,9282,1302],"_links":{"self":[{"href":"https:\/\/www.infokuryr.cz\/n\/wp-json\/wp\/v2\/posts\/80844"}],"collection":[{"href":"https:\/\/www.infokuryr.cz\/n\/wp-json\/wp\/v2\/posts"}],"about":[{"href":"https:\/\/www.infokuryr.cz\/n\/wp-json\/wp\/v2\/types\/post"}],"author":[{"embeddable":true,"href":"https:\/\/www.infokuryr.cz\/n\/wp-json\/wp\/v2\/users\/2"}],"replies":[{"embeddable":true,"href":"https:\/\/www.infokuryr.cz\/n\/wp-json\/wp\/v2\/comments?post=80844"}],"version-history":[{"count":0,"href":"https:\/\/www.infokuryr.cz\/n\/wp-json\/wp\/v2\/posts\/80844\/revisions"}],"wp:featuredmedia":[{"embeddable":true,"href":"https:\/\/www.infokuryr.cz\/n\/wp-json\/wp\/v2\/media\/80845"}],"wp:attachment":[{"href":"https:\/\/www.infokuryr.cz\/n\/wp-json\/wp\/v2\/media?parent=80844"}],"wp:term":[{"taxonomy":"category","embeddable":true,"href":"https:\/\/www.infokuryr.cz\/n\/wp-json\/wp\/v2\/categories?post=80844"},{"taxonomy":"post_tag","embeddable":true,"href":"https:\/\/www.infokuryr.cz\/n\/wp-json\/wp\/v2\/tags?post=80844"}],"curies":[{"name":"wp","href":"https:\/\/api.w.org\/{rel}","templated":true}]}}