{"id":8083,"date":"2022-02-06T06:33:01","date_gmt":"2022-02-06T05:33:01","guid":{"rendered":"http:\/\/www.infokuryr.cz\/n\/?p=8083"},"modified":"2022-02-06T06:33:01","modified_gmt":"2022-02-06T05:33:01","slug":"reiner-fuellmich-jaky-je-cil-covidu-a-ockovani-kam-to-cele-smeruje-odhaleni-podvodu-tito-lide-zaplati-vysokou-cenu","status":"publish","type":"post","link":"https:\/\/www.infokuryr.cz\/n\/2022\/02\/06\/reiner-fuellmich-jaky-je-cil-covidu-a-ockovani-kam-to-cele-smeruje-odhaleni-podvodu-tito-lide-zaplati-vysokou-cenu\/","title":{"rendered":"Reiner Fuellmich: Jak\u00fd je c\u00edl covidu a o\u010dkov\u00e1n\u00ed, kam to cel\u00e9 sm\u011b\u0159uje &#038; odhalen\u00ed podvod\u016f &#8211; \u201eTito lid\u00e9 zaplat\u00ed vysokou cenu\u201d"},"content":{"rendered":"<div id=\"fb-root\"><\/div>\n<p><strong>Ve zkratce&#8230;<\/strong><\/p>\n<p>N\u011bmeck\u00fd pr\u00e1vn\u00edk Reiner Fuellmich v tomto rozhovoru skv\u011ble vystihuje podstatu toho, o \u010dem je \u201ecovid pandemie\u201d, jak a pro\u010d za\u010dala, a jak\u00fd je kone\u010dn\u00fd c\u00edl cel\u00e9 t\u00e9to krize spole\u010dn\u011b s o\u010dkov\u00e1n\u00edm. Krom\u011b toho Reiner mluv\u00ed o velk\u00e9m soudn\u00edm \u0159\u00edzen\u00ed, o nevyvratiteln\u00fdch d\u016fkazech o sp\u00e1chan\u00fdch zlo\u010dinech b\u011bhem t\u00e9to pandemie, a mnohem v\u00edc. V\u0159ele doporu\u010duji.<\/p>\n<p>&nbsp;<\/p>\n<p><iframe loading=\"lazy\" title=\"Reiner Fuellmich: Jak\u00fd je c\u00edl covidu a o\u010dkov\u00e1n\u00ed, kam to cel\u00e9 sm\u011b\u0159uje &amp; odhalen\u00ed podvod\u016f (CZ DABING)\" src=\"https:\/\/nastub.cz\/videos\/embed\/122c5cd2-f01a-4c68-8200-86837c281abd\" width=\"700\" height=\"385\" frameborder=\"0\" sandbox=\"allow-same-origin allow-scripts allow-popups\" allowfullscreen=\"allowfullscreen\" data-mce-fragment=\"1\"><\/iframe><\/p>\n<p>&nbsp;<\/p>\n<p>Souvisej\u00edc\u00ed video z 1. \u00fanora 2022:<\/p>\n<p><strong><a href=\"https:\/\/otevrisvoumysl.cz\/reiner-fuellmich-oznameni-o-zahajeni-rizeni-velke-poroty-5-2-2022\/\">Reiner Fuellmich: Ozn\u00e1men\u00ed o zah\u00e1jen\u00ed \u0159\u00edzen\u00ed Velk\u00e9 poroty (5. 2. 2022)<\/a><\/strong><\/p>\n<p><strong>P\u0159epis videa:<\/strong><\/p>\n<p><strong>Maria:\u00a0<\/strong>Dr. Reinere Fuellmichu, mockr\u00e1t d\u011bkuji, \u017ee jste tu dnes ve\u010der s n\u00e1mi. Dr. Reiner Fuellmich je vedouc\u00edm pr\u00e1vn\u00edkem a \u010dlenem n\u011bmeck\u00e9 Korona vy\u0161et\u0159uj\u00edc\u00ed komise a celosv\u011btov\u011b se specializuje na st\u00edh\u00e1n\u00ed podvodn\u00fdch korporac\u00ed. Mo\u017en\u00e1 jste o n\u011bm sly\u0161eli ze zn\u00e1m\u00e9ho Norimberku 2.0. Dr. Reinere Fuellmichu, mockr\u00e1t d\u011bkuji, \u017ee jste tu dnes ve\u010der s n\u00e1mi, vlastn\u011b pro v\u00e1s dnes odpoledne.<\/p>\n<p><strong>Reiner:<\/strong>\u00a0Moc d\u011bkuji, \u017ee jste m\u011b pozvala, je mi pot\u011b\u0161en\u00edm.<\/p>\n<p><strong>Maria:\u00a0<\/strong>V\u017edycky tohle pro div\u00e1ky d\u011bl\u00e1m: mohl byste n\u00e1m stru\u010dn\u011b nast\u00ednit va\u0161i profesn\u00ed historii a co v\u00e1s vedlo k tomu, \u017ee jste v \u010dele Norimberku 2.0?<\/p>\n<p><strong>Reiner:<\/strong>\u00a0Rad\u011bji bych tomu ne\u0159\u00edkal Norimberk 2.0, ale v\u00edm, \u017ee mnoho lid\u00ed mi to cht\u011blo p\u0159isoudit a \u017ee vkl\u00e1daj\u00ed hodn\u011b nad\u011bj\u00ed do toho, co tu d\u011bl\u00e1me. Zaprv\u00e9, nejsem jedin\u00fd, jsem jeden z mnoha. Korona vy\u0161et\u0159uj\u00edc\u00ed komisi jsme zalo\u017eili j\u00e1 a moje kolegyn\u011b Viviana Fischerov\u00e1, je pr\u00e1vni\u010dkou tady v Berl\u00edn\u011b, v \u010dervenci 2020. P\u0159ed t\u00edm jsem naprosto v\u011b\u0159il ofici\u00e1ln\u00ed linii. M\u011bl jsem ur\u010dit\u00e1 podez\u0159en\u00ed, proto\u017ee ve sv\u00e9 pr\u00e1vnick\u00e9 kari\u00e9\u0159e jsem \u0161el po v\u011bt\u0161\u00edch n\u011bmeck\u00fdch glob\u00e1ln\u00edch korporac\u00edch, nap\u0159\u00edklad po jedn\u011bch z nejzlo\u010dinn\u011bj\u0161\u00edch korporac\u00edch na sv\u011bt\u011b \u2013 Deutsche Bank, Volkswagen a nejv\u011bt\u0161\u00ed p\u0159epravn\u00ed spole\u010dnosti Kuehne + Nagel. M\u011bl jsem ur\u010dit\u00e1 podez\u0159en\u00ed, tak jako v\u0161ichni m\u00ed kolegov\u00e9, proto\u017ee se zd\u00e1lo, \u017ee v t\u011bchto p\u0159\u00edpadech jsou u soud\u016f karty rozd\u00e1ny proti n\u00e1m. Mezit\u00edm jsme se toho samoz\u0159ejm\u011b hodn\u011b dozv\u011bd\u011bli a ty karty nejen, \u017ee jsou rozd\u00e1ny proti n\u00e1m; je faktem, \u017ee ta opa\u010dn\u00e1 strana, kterou Catherine Austin Fittsov\u00e1 p\u0159ezd\u00edv\u00e1 Pan Glob\u00e1l, \u017ee ti lid\u00e9, kte\u0159\u00ed stoj\u00ed za touhle agendou \u2013 a my jsme do\u0161li k z\u00e1v\u011bru, \u017ee tady jde o agendu, kterou tu zav\u00e1d\u011bj\u00ed \u2013 \u017ee tihle lid\u00e9 u\u017e des\u00edtky let infiltruj\u00ed na\u0161e spole\u010dnosti.<\/p>\n<p>Je to t\u011b\u017eko p\u0159edstaviteln\u00e9, ale k tomuto z\u00e1v\u011bru jsme do\u0161li, a to nejen prost\u0159ednictv\u00edm Sv\u011btov\u00e9ho ekonomick\u00e9ho f\u00f3ra a jejich programu Mlad\u00ed glob\u00e1ln\u00ed l\u00edd\u0159i kter\u00fd vyprodukoval takov\u00e9 absolventy jak\u00fdmi jsou Angela Merkelov\u00e1 a Bill Gates a samoz\u0159ejm\u011b Jacinda Ardernov\u00e1 a Macron ve Francii a, jak se jmenuje, Justin Trudeau v Kanad\u011b. Abych ten hodn\u011b dlouh\u00fd p\u0159\u00edb\u011bh hodn\u011b zkr\u00e1til: moje \u017eena a j\u00e1 jsme tehdy je\u0161t\u011b \u017eili na na\u0161em ran\u010di v severn\u00ed Kalifornii, kdy\u017e jsme dostali zpr\u00e1vu \u2013 \u2013 tohle bylo v b\u0159eznu 2021, chci \u0159\u00edct 2020, kdy n\u00e1m volala spousta p\u0159\u00e1tel a p\u0159\u00edbuzn\u00fdch a \u0159ekla n\u00e1m, \u017ee je lockdown. A j\u00e1 si \u0159\u00edkal: tohle je nesmysl, tohle je \u0161\u00edlen\u00e9. A ty p\u0159\u00edb\u011bhy, kter\u00e9 jsme sly\u0161eli, mi hodn\u011b p\u0159ipom\u00ednaly to, co se d\u011blo p\u0159i prase\u010d\u00ed ch\u0159ipce, i kdy\u017e jsem v\u011bt\u0161inu toho zapomn\u011bl. A jeliko\u017e jsem nerozum\u011bl tomu, co se d\u011bje, tak jsem se spojil se sv\u00fdm p\u0159\u00edtelem dr. Wolfgangem Wodargem. To je \u010dlov\u011bk, kter\u00fd v\u00edcem\u00e9n\u011b\u2026 vydr\u017ete chvilku\u2026 \u00fapln\u011b s\u00e1m zastavil prase\u010d\u00ed ch\u0159ipku p\u0159ed deseti jeden\u00e1cti lety.<\/p>\n<p>Dok\u00e1zal to, proto\u017ee je l\u00e9ka\u0159, plicn\u00ed odborn\u00edk se spoustou zku\u0161enost\u00ed a nav\u00edc byl v mocn\u00e9 pozici. Byl \u010dlenem n\u011bmeck\u00e9ho parlamentu a Evropsk\u00e9 rady. A proto byl tehdy schopen ten podvod odhalit, \u017ee \u0161lo jen o m\u00edrnou ch\u0159ipku. P\u0159esto u\u017e tehdy ti sam\u00ed protagonist\u00e9, v\u010detn\u011b Prof. Dr. Drostena, to je ten chl\u00e1pek, kter\u00fd vynalezl PCR test, kter\u00fd, jak on tvrd\u00ed, n\u00e1m n\u011bco \u0159ekne o infekc\u00edch, co\u017e je naprost\u00e1 le\u017e \u2013 tak tenhle chl\u00e1pek a jeho britsk\u00fd prot\u011bj\u0161ek Neil Ferguson, co\u017e jsou oba bezosty\u0161n\u00ed lh\u00e1\u0159i, oni to dot\u00e1hli hodn\u011b daleko, u\u017e tehdy pomohli farmaceutick\u00e9mu pr\u016fmyslu p\u0159edstavit ty sv\u00e9 \u201evakc\u00edny\u201c. V N\u011bmecku to moc nefungovalo, ale ve skandin\u00e1vsk\u00fdch zem\u00edch nao\u010dkovali spoustu lid\u00ed a kv\u016fli tomu o\u010dkov\u00e1n\u00ed tu te\u010f je 1300 d\u011bt\u00ed, dnes jsou to mladistv\u00ed, kte\u0159\u00ed jsou trvale zdravotn\u011b po\u0161kozeni, proto\u017ee trp\u00ed narkolepsi\u00ed.<\/p>\n<p>Tak takhle to v\u0161echno za\u010dalo. M\u00e1 \u017eena mi tehdy \u0159ekla: Mus\u00edme se vr\u00e1tit, mus\u00edme n\u011bco ud\u011blat, ty um\u00ed\u0161 proti t\u011bmhle parchant\u016fm bojovat. Pou\u017eila samoz\u0159ejm\u011b jin\u00e1 slova. Prost\u011b to mus\u00ed\u0161 ud\u011blat, mus\u00ed\u0161 naj\u00edt n\u011bjak\u00e9 spojence a mus\u00edte bojovat. A j\u00e1 j\u00ed \u0159ekl: T\u011b\u017eko n\u011bjak\u00e9 spojence najdu, proto\u017ee p\u0159edev\u0161\u00edm N\u011bmci, n\u011bmeck\u00e9 soudnictv\u00ed, to je parta zbab\u011blc\u016f. Jedou v tom kv\u016fli pen\u011bz\u016fm, jedou v tom kv\u016fli kari\u00e9\u0159e, nemysl\u00edm, \u017ee s n\u011bk\u00fdm m\u016f\u017eu po\u010d\u00edtat. Ale Wolfgang m\u011b propojil s Viviana Fischerovou, ta v tom nen\u00ed pro pen\u00edze ale pro dobrou v\u011bc. A tak jsme 10. \u010dervence zalo\u017eili Korona vy\u0161et\u0159ovac\u00ed komisi, aby zodpov\u011bd\u011bla jednu z ot\u00e1zek, kterou podle n\u00e1s na\u0161e vl\u00e1da, co\u017e u\u017e nen\u00ed na\u0161e vl\u00e1da, a ofici\u00e1ln\u00ed sd\u011blovac\u00ed prost\u0159edky, kter\u00e9 samoz\u0159ejm\u011b vlastn\u00ed ti stejn\u00ed lid\u00e9, co vlastn\u00ed tuhle korona plandemii, v\u016fbec nezodpov\u011bd\u011bla. Jak nebezpe\u010dn\u00fd ten virus je? Jak spolehliv\u00fd je ten PCR test? Kolik \u0161kod zp\u016fsobuj\u00ed ta protikoronov\u00e1 opat\u0159en\u00ed? A mezit\u00edm u\u017e v\u00edme, \u017ee jsou devastuj\u00edc\u00ed a proto hovo\u0159\u00edme o zlo\u010dinech proti lidstvu. Nejnov\u011bj\u0161\u00ed d\u016fkazy jsou tak p\u0159esv\u011bd\u010div\u00e9 a z\u00e1va\u017en\u00e9, \u017ee \u2013 pr\u00e1v\u011b jsem mluvil s Dr. Michaelem Yeadonem, b\u00fdval\u00fdm vice-prezidentem Pfizeru\u2026<\/p>\n<p><strong>Maria:<\/strong>\u00a0Zrovna jsem se v\u00e1s na to cht\u011bla zeptat, proto\u017ee jsem sly\u0161ela, \u017ee tady nejde o pen\u00edze, \u017ee p\u016fvodn\u00ed pl\u00e1n to bylo zav\u00e9st v roce 2050 a \u017ee to te\u010f urychlili. To ned\u00e1vn\u00e9 zji\u0161t\u011bn\u00ed Mikea Yeadona a dal\u0161\u00edch bylo, \u017ee tohle je hor\u0161\u00ed, ne\u017e co se stalo v 2. sv\u011btov\u00e9 v\u00e1lce. Z\u00edskali nepopirateln\u00e9 d\u016fkazy, \u017ee tohle jsou zabij\u00e1ck\u00e9 injekce, kter\u00e9 jsou pou\u017e\u00edv\u00e1ny k zavra\u017ed\u011bn\u00ed \u010di zmrza\u010den\u00ed lid\u00ed. Mohl byste pros\u00edm tahle zji\u0161t\u011bn\u00ed komentovat?<\/p>\n<p><strong>Reiner:<\/strong>\u00a0Ano, tohle jsou nejnov\u011bj\u0161\u00ed zji\u0161t\u011bn\u00ed Dr. Mikea Yeadona, ale nen\u00ed s\u00e1m, tohle je skupina p\u011bti \u010di \u0161esti v\u011bdc\u016f, ale byl to mysl\u00edm on, kter\u00fd si to dal do souvislost\u00ed. Vid\u011bla jste jeho video? Je to video na Bitchute, a mysl\u00edm, \u017ee ho nazval \u201eP\u0159esv\u011bd\u010div\u00e9 d\u016fkazy o pl\u00e1novan\u00e9 masov\u00e9 vra\u017ed\u011b\u201c. Tohle video detailn\u011b ukazuje, a pust\u00edme se ho op\u011bt z\u00edtra p\u0159i dal\u0161\u00ed sch\u016fzce na\u0161\u00ed Korona komise, jak \u2013 a on se zam\u011b\u0159uje na t\u0159i v\u00fdrobce vakc\u00edn \u2013 oni tvrd\u00ed, \u017ee jde o vakc\u00edny. My v\u00edme, \u017ee to nejsou vakc\u00edny, ani experiment\u00e1ln\u00ed genov\u00e1 terapie, jde o experiment\u00e1ln\u00ed genovou manipulaci.<\/p>\n<p>Pod\u00edval se podrobn\u011bji na BioNTech Pfizer, Moderna a Johnson&amp;Johnson a ty d\u016fkazy, kter\u00e9 n\u00e1m p\u0159edlo\u017eil, jsou opravdu tak z\u00e1va\u017en\u00e9, \u017ee to asi bude \u00fast\u0159edn\u00ed bod na\u0161eho mezin\u00e1rodn\u00edho trestn\u00edho \u0159\u00edzen\u00ed, kter\u00e9 bude zah\u00e1jeno za p\u00e1r t\u00fddn\u016f. Pravd\u011bpodobn\u011b p\u016fjde o vy\u0161et\u0159ov\u00e1n\u00ed veden\u00e9 velkou porotou a budeme cht\u00edt od poroty \u2013 a tou bude lid \u2013 jejich ob\u017ealoby proti \u010dty\u0159em hlavn\u00edm osob\u00e1m: t\u011bmi jsou Bill Gates, Drosten, Fauci a Tedros ze Sv\u011btov\u00e9 zdravotnick\u00e9 organizace (WHO). Jeho zji\u0161t\u011bn\u00ed n\u00e1m uk\u00e1zala, \u017ee v\u0161ichni t\u0159i tito \u201ev\u00fdrobci vakc\u00edn\u201c \u00famysln\u011b hledaj\u00ed smrteln\u00e9 d\u00e1vky. Zkou\u0161ej\u00ed d\u00e1vkov\u00e1n\u00ed. Zapomn\u011bl jsem, jak\u00fd pou\u017eil p\u0159esn\u00fd technick\u00fd term\u00edn, ale t\u00edm se budeme z\u00edtra v komisi zab\u00fdvat.<\/p>\n<p>Je naprosto z\u0159ejm\u00e9, kdy\u017e se zam\u011b\u0159\u00edte na \u010d\u00edsla \u0161ar\u017e\u00ed \u2013 mysl\u00edm, \u017ee Britov\u00e9 pou\u017e\u00edvaj\u00ed slovo \u201echarges\u201c nebo sp\u00ed\u0161 \u201ebatches\u201c, Ameri\u010dani tomu \u0159\u00edkaj\u00ed \u201elots\u201c \u2013 kdy\u017e se pod\u00edv\u00e1te na tahle \u010d\u00edsla \u0161ar\u017e\u00ed, tak n\u011bkter\u00e1 z\u0159ejm\u011b nezp\u016fsobuj\u00ed v\u016fbec \u017e\u00e1dn\u00e9 probl\u00e9my, aspo\u0148 ne te\u010f. Jak jsme se dozv\u011bd\u011bli od jedn\u00e9 na\u0161\u00ed odbornice, profesorky, biolo\u017eky a imunolo\u017eky Ulrike Kemmerov\u00e9 z univerzity ve W\u00fcrzburgu, i ty injekce, kter\u00e9 mohou p\u016fsobit ne\u0161kodn\u011b, pokud jde o mRNA, tak v\u00e1m vypnou imunitn\u00ed syst\u00e9m. To nutn\u011b neznamen\u00e1, \u017ee okam\u017eit\u011b zem\u0159ete, to ne, ale d\u0159\u00edve nebo pozd\u011bji se potk\u00e1te s virem nebo s n\u011bjakou nemoc\u00ed a va\u0161e t\u011blo se s n\u00ed nebude um\u011bt poprat, proto\u017ee v\u00e1m nebude fungovat v\u00e1\u0161 imunitn\u00ed syst\u00e9m.<\/p>\n<p>N\u011bkter\u00e9 ty \u0161ar\u017ee jsou tak nebezpe\u010dn\u00e9, \u017ee kdy\u017e se na n\u011b pod\u00edv\u00e1te a budete je sledovat po cel\u00fdch Spojen\u00fdch st\u00e1tech, v tomto p\u0159\u00edpad\u011b po 36 st\u00e1tech USA, tak ty byly nesm\u00edrn\u011b \u0161kodliv\u00e9, zp\u016fsobily tis\u00edce a tis\u00edce \u00famrt\u00ed po cel\u00e9 zemi. Podle jeho vysv\u011btlen\u00ed to vypad\u00e1, \u017ee podle v\u0161eho to d\u011blali na st\u0159\u00edda\u010dku \u2013 nap\u0159ed Moderna, pak BioNTech Pfizer a pak Johnson&amp;Johnson. A taky bylo vid\u011bt, jak si mezit\u00edm d\u00e1vaj\u00ed pauzu. Bylo p\u00e1r \u0161ar\u017e\u00ed, kter\u00e9 byly naprosto ne\u0161kodn\u00e9 a pak z ni\u010deho nic se s t\u011bmi velmi smrteln\u00fdmi \u0161ar\u017eemi za\u010dalo znovu.<\/p>\n<p><strong>Maria:\u00a0<\/strong>Co znamenaj\u00ed ty pauzy?<\/p>\n<p><strong>Reiner:<\/strong>\u00a0Mysl\u00edm, \u017ee se sna\u017e\u00ed stanovit v\u00fdchoz\u00ed bod, n\u011bco takov\u00e9ho. My se na to detailn\u011bji zam\u011b\u0159\u00edme. P\u0159edt\u00edm, ne\u017e zah\u00e1j\u00edme na\u0161e trestn\u00ed vy\u0161et\u0159ov\u00e1n\u00ed, na\u0161e vy\u0161et\u0159ov\u00e1n\u00ed Velk\u00e9 poroty, tak u\u017e budeme zn\u00e1t celou pravdu. Ale u\u017e nyn\u00ed to je naprosto p\u0159esv\u011bd\u010div\u00e9, nepopirateln\u00e9 a nevyvratiteln\u00e9, \u017ee o tohle se tu sna\u017e\u00ed. Sna\u017e\u00ed se vymyslet, jak zab\u00edt co nejv\u00edce lid\u00ed, ani\u017e by na to moc lid\u00ed upozornili. Proto\u017ee kdyby pou\u017eili tyhle smrteln\u00e9 d\u00e1vky od sam\u00e9ho po\u010d\u00e1tku, tak by zabili v\u0161echny a lidi by si \u0159ekli: Moment, tyhle injekce j\u00e1 nechci. Oni se sna\u017e\u00ed vymyslet, jak zp\u016fsobit hodn\u011b \u0161kody, ale tak aby se lid\u00e9 nevyd\u011bsili. Je to \u010f\u00e1belsk\u00e9! D\u00edvali jsme se jeden na druh\u00e9ho a prost\u011b jsme tomu nemohli uv\u011b\u0159it. Jak mohou b\u00fdt lid\u00e9 tak stra\u0161n\u011b zl\u00ed?<\/p>\n<p><strong>Maria:\u00a0<\/strong>Najdu to video od Mikea Yeadona, co zmi\u0148ujete\u2026<\/p>\n<p><strong>Reiner:\u00a0<\/strong>Po\u0161lu v\u00e1m ho.<\/p>\n<p><strong>Maria:<\/strong>\u00a0D\u00e1m ho na svou webovou str\u00e1nku, aby se pak na n\u011bj div\u00e1ci mohli pod\u00edvat. Abych tomu rozum\u011bla, shr\u0148me si to. Jsou tu \u0161ar\u017ee, kter\u00e9 byly \u00famysln\u011b dan\u00e9 do ob\u011bhu t\u011bmito farma giganty \u2013 placebo, o kter\u00e9m v\u011bd\u011bli, \u017ee to jsou soln\u00e9 roztoky, v\u011bd\u011bli, \u017ee d\u00e1vaj\u00ed do ob\u011bhu zabij\u00e1ck\u00e9 injekce, pak si daj\u00ed pauzu, pak daj\u00ed do ob\u011bhu dal\u0161\u00ed soln\u00e9 roztoky a pak zase zabij\u00e1ck\u00e9 injekce, \u00famysln\u011b a s pln\u00fdm v\u011bdom\u00edm, co d\u011blaj\u00ed?<\/p>\n<p><strong>Reiner:<\/strong>\u00a0K tomuto z\u00e1v\u011bru jsme do\u0161li. Je to nepopirateln\u00e9. Neexistuje \u017e\u00e1dn\u00e9 ne\u0161kodn\u00e9 vysv\u011btlen\u00ed toho, co provedli. Tohle nen\u00ed nevinn\u00e9, tohle je z\u00e1m\u011brn\u00e9.<\/p>\n<p><strong>Maria:<\/strong>\u00a0Zm\u00ednil jste se, \u017ee tu nejde o pen\u00edze, dr. Fuellmichu. M\u016f\u017eete n\u00e1m \u0159\u00edct, co to znamen\u00e1?<\/p>\n<p><strong>Reiner:<\/strong>\u00a0Ano, ti lid\u00e9, co za t\u00edmhle stoj\u00ed \u2013 je jich mo\u017en\u00e1 t\u0159i sta, mo\u017en\u00e1 t\u0159i tis\u00edce, to nev\u00edme, moc lid\u00ed to nen\u00ed \u2013 ale ti lid\u00e9, co za t\u00edmhle stoj\u00ed, maj\u00ed tolik pen\u011bz, \u017ee v\u00edc nepot\u0159ebuj\u00ed, m\u016f\u017eou si koupit des\u00edtky nebo tis\u00edce jachet, kdy\u017e budou cht\u00edt, proto\u017ee n\u00e1m tolik ukradli. Jim na pen\u011bz\u00edch nez\u00e1le\u017e\u00ed, ALE \u2013 oni pou\u017e\u00edvaj\u00ed pen\u00edze k upl\u00e1cen\u00ed politik\u016f, lid\u00ed z ofici\u00e1ln\u00edch sd\u011blovac\u00edch prost\u0159edk\u016f, l\u00e9ka\u0159\u016f, pr\u00e1vn\u00edk\u016f\u2026 To jsou ty dva n\u00e1stroje, kter\u00e9 pou\u017e\u00edvaj\u00ed, aby dostali lidi pod svou kontrolu, aby je poslouchali na slovo: jednak pen\u00edze, aby je uplatili a druh\u00fdm n\u00e1strojem je vyd\u00edr\u00e1n\u00ed. Tahle v\u011bc s vyd\u00edr\u00e1n\u00edm se velmi t\u011b\u017eko zji\u0161\u0165uje. Domn\u00edv\u00e1me se, \u017ee v tom hraje velkou roli ritu\u00e1ln\u00ed zneu\u017e\u00edv\u00e1n\u00ed d\u011bt\u00ed.<\/p>\n<p><strong>Maria<\/strong>: Pro\u010d si to mysl\u00edte? Existuj\u00ed na to d\u016fkazy?<\/p>\n<p><strong>Reiner:<\/strong>\u00a0Oslovili n\u00e1s intern\u00ed inform\u00e1to\u0159i a \u0159\u00edkali n\u00e1m o tom. P\u0159ed osmn\u00e1cti lety \u2013 n\u011bco o t\u00e9hle sc\u00e9n\u011b v\u00edm, proto\u017ee p\u0159ed osmn\u00e1cti lety jsem zastupoval n\u011bkter\u00e9 ob\u011bti tohoto ritu\u00e1ln\u00edho zneu\u017e\u00edv\u00e1n\u00ed d\u011bt\u00ed \u2013 jeden m\u016fj p\u0159\u00edtel, kter\u00fd byl velmi zn\u00e1m\u00fdm \u010dlenem n\u011bmeck\u00e9 novin\u00e1\u0159sk\u00e9 sc\u00e9ny, a j\u00e1: j\u00e1 jsem d\u011blal pr\u00e1vni\u010dinu a on to publikoval a to dokonce v na\u0161em n\u00e1rodn\u00edm ve\u0159ejn\u00e9m rozhlase a televizi, dokud ho nezastavili, proto\u017ee necht\u011bli, aby to d\u00e1l d\u011blal. A moje b\u00fdval\u00e1 man\u017eelka, ta u\u017e to taky d\u00e1l nezvl\u00e1dala. N\u011bco tedy o tom v\u00edm, nedok\u00e1zal jsem v\u016fbec uv\u011b\u0159it, jak obrovsk\u00e9 tohle m\u016f\u017ee b\u00fdt. Mo\u017en\u00e1 je to je\u0161t\u011b v\u011bt\u0161\u00ed, ne\u017e si mysl\u00edme, ale je\u0161t\u011b o tom nem\u00e1me dostatek d\u016fkaz\u016f, tak to je\u0161t\u011b nebudu zve\u0159ej\u0148ovat.<\/p>\n<p><strong>Maria:<\/strong>\u00a0Jist\u011b. Tak\u017ee \u0159\u00edk\u00e1me, \u017ee v\u0161ichni tihle glob\u00e1ln\u00ed l\u00edd\u0159i se na tomhle pod\u00edl\u00ed? \u017de se pod\u00edl\u00ed na ritu\u00e1ln\u00edm zneu\u017e\u00edv\u00e1n\u00ed d\u011bt\u00ed? Jak to souvis\u00ed s t\u00edm pl\u00e1nem redukovat populaci?<\/p>\n<p><strong>Reiner:<\/strong>\u00a0Po tom, co jsme hovo\u0159ili s \u0159adou odborn\u00edk\u016f, profesor\u016f z \u0159ad psychologie a psychiatrie, tak se domn\u00edv\u00e1me, \u017ee tu jde o ob\u0159\u00ed psychologickou operaci. U\u017e to pl\u00e1nuj\u00ed dobr\u00e1 t\u0159i desetilet\u00ed, mo\u017en\u00e1 d\u00e9le, a pou\u017e\u00edvaj\u00ed nejr\u016fzn\u011bj\u0161\u00ed n\u00e1stroje k vyvol\u00e1v\u00e1n\u00ed paniky. Tady v N\u011bmecku nap\u0159\u00edklad se dostala ven tzv. Studie paniky. Napsal ji n\u011bmeck\u00fd ministr vnitra.<\/p>\n<p>Velmi detailn\u011b vysv\u011btluje, jak doc\u00edlit paniky mezi obyvatelstvem. Nap\u0159\u00edklad: chceme, aby se d\u011bti c\u00edtily zodpov\u011bdn\u00e9 za mu\u010divou smrt jejich rodi\u010d\u016f a prarodi\u010d\u016f, pokud si nebudou m\u00edt ruce, nebudou nosit rou\u0161ky, atd. Tohle se tam v\u00fdslovn\u011b p\u00ed\u0161e. Tohle je \u0161\u00edlen\u00e9! Proto v\u011b\u0159\u00edme, \u017ee ti lid\u00e9, co za t\u00edm stoj\u00ed, jsou psychopati a sociopati, vyu\u017e\u00edvaj\u00ed velkou spoustu loutek, proto\u017ee je bu\u010f upl\u00e1cej\u00ed, nebo je vyd\u00edraj\u00ed, to nev\u00edme. Ale o pen\u011bz\u00edch to nen\u00ed, pou\u017e\u00edvaj\u00ed pen\u00edze, ale necht\u011bj\u00ed pen\u00edze. Ve v\u00fdsledku v tom pen\u00edze hraj\u00ed velkou roli, proto\u017ee podle n\u00e1s to je finan\u010dn\u00ed pr\u016fmysl, nebo l\u00e9pe \u0159e\u010deno, finan\u010dn\u00ed mafie \u2013 Blackrock, Vanguard \u2013 kter\u00e9 pou\u017e\u00edvaj\u00ed jako n\u00e1stroje, do kter\u00fdch investuj\u00ed pen\u00edze a pak tyhle fondy investuj\u00ed sv\u00e9 pen\u00edze do Deutsche Bank, do VW a do dal\u0161\u00edch mezin\u00e1rodn\u00edch, glob\u00e1ln\u00edch korporac\u00ed, kde n\u011bjak\u00fdch 147 korporac\u00ed vlastn\u00ed v\u00edce m\u00e9n\u011b v\u0161echno na t\u00e9to planet\u011b.<\/p>\n<p>Tohle u\u017e se d\u011bje n\u011bjak\u00fdch t\u0159icet let a skoro se to prozradilo, tenhle pl\u00e1n t\u00e9 finan\u010dn\u00ed mafie byl skoro prozrazen v letech 2008-2009, kdy jsme za\u017eili ten prvn\u00ed finan\u010dn\u00ed skand\u00e1l. Za\u010dalo to jako realitn\u00ed skand\u00e1l v USA, shodou okolnost\u00ed jsem po t\u011bchto lidech \u0161el, p\u0159edev\u0161\u00edm po Deutsche Bank, za ty stejn\u00e9 zlo\u010diny, kter\u00e9 byly p\u00e1ch\u00e1ny v N\u011bmecku od roku 1992. Z\u0159ejm\u011b ale proto, \u017ee se t\u00edm n\u011bmeck\u00e9 soudy necht\u011bly z n\u011bjak\u00e9ho d\u016fvodu zab\u00fdvat \u2013 te\u010f v\u00edme pro\u010d:, proto\u017ee tam dosadili sv\u00e9 vlastn\u00ed lidi \u2013 tak Deutsche Bank a dal\u0161\u00ed se rozhodly, \u017ee tuhle hru budou v mnohem v\u011bt\u0161\u00edm m\u011b\u0159\u00edtku hr\u00e1t ve Spojen\u00fdch st\u00e1tech, kde za\u010dal tenhle, jak tomu te\u010f \u0159\u00edk\u00e1me, pred\u00e1torsk\u00fd pl\u00e1n p\u016fj\u010dek. Tohle v letech 2008\u20132009 m\u00e1lem prasklo, tehdy vystoupilo mnoho lid\u00ed, v\u010detn\u011b na\u0161eho kancl\u00e9\u0159e a tehdej\u0161\u00edho ministra financ\u00ed: My tyhle lidi dostaneme, zaplat\u00ed za to\u2026 Ne, nikdo za to nezaplatil.<\/p>\n<p>Jedin\u00e9, co se stalo bylo, \u017ee za\u010dali tisknout pen\u00edze, f\u016fry pen\u011bz. V z\u00e1\u0159\u00ed 2019 hrozilo, \u017ee cel\u00e1 tahle z\u00e1le\u017eitost znovu praskne. A oni cht\u011bli, aby to bouchlo, nebo sp\u00ed\u0161 se zhroutilo, ale podle jejich sc\u00e9n\u00e1\u0159e. Proto\u017ee nen\u00ed jin\u00fd zp\u016fsob, jak tenhle probl\u00e9m vy\u0159e\u0161it, proto\u017ee kdyby to bouchlo n\u011bjak nekontrolovateln\u011b, pak by lidi pochopili, \u017ee to jsou \u2013 dnes tomu \u0159\u00edk\u00e1me Liga z Davosu \u2013 \u017ee to jsou ti lid\u00e9, co se pravideln\u011b jednou ro\u010dn\u011b sch\u00e1zej\u00ed na platform\u011b Sv\u011btov\u00e9ho ekonomick\u00e9ho f\u00f3ra \u2013 v\u0161ichni to jsou k\u0159iv\u00e1ci a gangste\u0159i, mafi\u00f3zn\u00ed struktury \u2013 pak bychom p\u0159i\u0161li na to, \u017ee to jsou tihle lid\u00e9, kte\u0159\u00ed se brat\u0159\u00ed\u010dkuj\u00ed se samozvan\u00fdmi korpor\u00e1tn\u00edmi elitami a samozvan\u00fdmi politick\u00fdmi elitami.<\/p>\n<p>Ty politick\u00e9 elity jim pat\u0159\u00ed, oni je uplatili a vy\u0161kolili, nap\u0159\u00edklad v jejich programu Mlad\u00ed glob\u00e1ln\u00ed l\u00edd\u0159i. Soukromo-ve\u0159ejn\u00e9 partnerstv\u00ed znamen\u00e1 jejich nep\u0159\u00e1telsk\u00e9 ovl\u00e1dnut\u00ed na\u0161ich politik\u016f. Mysl\u00edme si, \u017ee to jsou na\u0161i politici, v\u016fbec ne \u2013 to jsou jejich politici. A tohle m\u00e1lem bouchlo a v\u0161ichni bychom se o tom dozv\u011bd\u011bli a oni necht\u011bli, abychom se to dozv\u011bd\u011bli a proto pot\u0159ebovali odv\u00e9st na\u0161i pozornost a tak v prosinci 2019 p\u0159i\u0161li s korona pandemi\u00ed, i kdy\u017e neexistovaly \u017e\u00e1dn\u00e9 p\u0159\u00edpady. Pot\u0159ebovali vytvo\u0159it\u2026 a to je vedlo k urychlen\u00e9mu za\u010d\u00e1tku a proto dnes d\u011blaj\u00ed tolik chyb \u2013 krom\u011b toho, \u017ee v\u011bt\u0161ina z nich jsou stra\u0161n\u011b hloup\u00ed. Oni d\u011blaj\u00ed stra\u0161n\u011b moc chyb a to n\u00e1m pom\u00e1h\u00e1, proto\u017ee byli donuceni to urychlen\u011b spustit. Nem\u011bli \u017e\u00e1dn\u00e9 p\u0159\u00edpady. Dokonce v \u010d\u00ednsk\u00e9m Wuhanu, kde to podle nich cel\u00e9 za\u010dalo \u2013 nev\u00edme, jestli je to pravda \u2013 tam tak\u00e9 nebyly \u017e\u00e1dn\u00e9 p\u0159\u00edpady.<\/p>\n<p>Tak\u017ee pot\u0159ebovali p\u0159\u00edpady. Pro\u010d pot\u0159ebovali p\u0159\u00edpady? Proto\u017ee pot\u0159ebovali vyhl\u00e1sit\u2026 jak tomu \u0159\u00edkaj\u00ed? Glob\u00e1ln\u00ed stav zdravotn\u00ed nouze mezin\u00e1rodn\u00ed v\u00fdznamu, tedy PHEIC jako \u201efake\u201c (\u201epodvod\u201c) \u2013 je to tak z\u0159ejm\u00e9, m\u00e1me to p\u0159\u00edmo p\u0159ed sebou. Ale aby to mohli vyhl\u00e1sit\u2026 a pro\u010d to vlastn\u011b pot\u0159ebovali? Ne kv\u016fli povinn\u00e9mu no\u0161en\u00ed rou\u0161ek, ne kv\u016fli spole\u010densk\u00fdm rozestup\u016fm, ale aby mohli zav\u00e9st nevyzkou\u0161en\u00e9 nov\u00e9 l\u00e9ky, kv\u016fli \u201evakc\u00edn\u00e1m\u201c. To je jedin\u00fd z\u00e1klad, na kter\u00e9m m\u016f\u017eou pou\u017e\u00edvat nevyzkou\u0161en\u00e9 nov\u00e9 l\u00e9ky, na z\u00e1klad\u011b mezin\u00e1rodn\u00ed zdravotn\u00ed nouze, na z\u00e1klad\u011b Glob\u00e1ln\u00edho stavu zdravotn\u00ed nouze mezin\u00e1rodn\u00ed v\u00fdznamu. Nem\u011bli \u017e\u00e1dn\u00e9 p\u0159\u00edpady, tak povolali Drostena \u2013 nen\u00ed to ani profesor ani doktor medic\u00edny, je to podvodn\u00edk.<\/p>\n<p>Tak ho povolali a \u0159ekli mu, tak jako to ud\u011blali p\u0159ed deseti \u010di dvaceti lety s pta\u010d\u00ed ch\u0159ipkou: Vymysli PCR test, kter\u00fd n\u00e1m prok\u00e1\u017ee infekce. A on tvrd\u00ed, \u017ee to ud\u011blal. Ty dv\u011b z\u00e1kladn\u00ed l\u017ei, na kter\u00fdch to v\u0161echno stoj\u00ed, poch\u00e1zej\u00ed od n\u011bho. Zaprv\u00e9, tvrd\u00ed, \u017ee existuj\u00ed bezp\u0159\u00edznakov\u00e9 infekce, ale pochopiteln\u011b \u017e\u00e1dn\u00e9 neexistuj\u00ed, a i kdyby existovaly, tak v tomhle nehraj\u00ed \u017e\u00e1dnou roli. Nejnov\u011bj\u0161\u00ed studie, kterou vypracovali v Wuhanu, \u00fa\u010dastnilo se j\u00ed na 10 mili\u00f3n\u016f lid\u00ed, tohle bylo na konci roku 2020, ukazuje, \u017ee \u017e\u00e1dn\u00e9 bezp\u0159\u00edznakov\u00e9 infekce neexistuj\u00ed.<\/p>\n<p>Tohle je ot\u00e1zka logiky, kdy\u017e p\u016fjdete k l\u00e9ka\u0159i a \u0159eknete mu, \u017ee m\u00e1te probl\u00e9m, prvn\u00ed na co se v\u00e1s l\u00e9ka\u0159 zept\u00e1 je, jak\u00e9 m\u00e1te p\u0159\u00edznaky? Co mu odpov\u00edte? \u017d\u00e1dn\u00e9 nem\u00e1m. S v\u00fdjimkou Drostena a Fauciho, no jasn\u011b\u2026 B\u011b\u017ete za n\u011bjak\u00fdm vym\u00edta\u010dem nebo tak. \u017d\u00e1dn\u00e9 bezp\u0159\u00edznakov\u00e9 infekce neexistuj\u00ed, ale on to pot\u0159eboval, nebo sp\u00ed\u0161 WHO, kter\u00e1 tyhle n\u00e1pady prosadila a doporu\u010dila je cel\u00e9mu sv\u011btu, oni to pot\u0159ebovali, aby se v\u0161ichni v\u0161ech b\u00e1li. Proto\u017ee i kdy\u017e jste \u00fapln\u011b zdrav\u00fd, tak p\u0159edstavujete potenci\u00e1ln\u00ed nebezpe\u010d\u00ed, podle jejich logiky. Pak p\u0159i\u0161el on a \u0159ekl: J\u00e1 na tohle m\u00e1m \u0159e\u0161en\u00ed, proto\u017ee j\u00e1 jsem vynalezl nov\u00fd PCR test a j\u00e1 v\u00e1m m\u016f\u017eu p\u0159esn\u011b \u0159\u00edct, kdo je naka\u017eliv\u00fd a kdo ne.<\/p>\n<p>To je ta druh\u00e1 le\u017e. \u0158\u00edk\u00e1m \u201ele\u017e\u201c, proto\u017ee m\u016f\u017eeme dok\u00e1zat, \u017ee lhal, kdy\u017e \u0159ekl \u201ebezp\u0159\u00edznakov\u00e9 infekce\u201c, proto\u017ee ve sv\u00e9 p\u0159edb\u011b\u017en\u00e9 studii odkazoval na jednu \u017eenu, kter\u00e1 cestovala do n\u011bmeck\u00e9ho Frankfurtu z \u010c\u00edny a on na ni uk\u00e1zal jako na p\u0159\u00edklad n\u011bkoho, kdo nem\u00e1 v\u016fbec \u017e\u00e1dn\u00e9 p\u0159\u00edznaky, ale kdo je velmi naka\u017eliv\u00fd, proto\u017ee nakazila n\u011bkoho v ji\u017en\u00edm N\u011bmecku, v Bavorsku. Tuhle p\u0159edb\u011b\u017enou studii si p\u0159e\u010detl jeden odborn\u00edk a upozornil Drostena, \u017ee se m\u00fdl\u00ed. Tahle \u017eena m\u011bla p\u0159\u00edznaky, proto\u017ee brala l\u00e9ky proti ch\u0159ipce a to asi ned\u011bl\u00e1te proto, \u017ee by tak b\u00e1je\u010dn\u011b chutnaly. Nakonec vy\u0161lo najevo, \u017ee ji nakazili jej\u00ed rodi\u010de a samoz\u0159ejm\u011b, \u017ee m\u011bla p\u0159\u00edznaky \u2013 potila se a tak.<\/p>\n<p>Druh\u00e1 le\u017e, \u0159ekl: J\u00e1 jsem vymyslel PCR test, kter\u00fd v\u00e1m pov\u00ed, kdo je skute\u010dn\u011b naka\u017eliv\u00fd. To je samoz\u0159ejm\u011b nehor\u00e1zn\u00e1 le\u017e, proto\u017ee PCR test, jak opakovan\u011b \u0159\u00edkal jejich skute\u010dn\u00fd vyn\u00e1lezce Kary Mullis \u2013 PCR test nen\u00ed ur\u010den\u00fd pro diagnostick\u00e9 \u00fa\u010dely, je pro v\u011bdeck\u00e9 \u00fa\u010dely, ale ne pro diagnostick\u00e9 \u00fa\u010dely, proto\u017ee nedok\u00e1\u017ee rozli\u0161it mezi ne\u017eivou a \u017eivou l\u00e1tkou. Kdy\u017e v\u00e1m vyjde pozitivn\u00ed test, tak je vysoce pravd\u011bpodobn\u00e9, \u017ee v\u00e1m vy\u0161el pozitivn\u00ed test, proto\u017ee ten test si najde fragmenty imunitn\u00edho syst\u00e9mu va\u0161eho t\u011bla, kter\u00e9 bojuj\u00ed proti oby\u010dejn\u00e9mu nachlazen\u00ed nebo ch\u0159ipce. Nedok\u00e1\u017ee to rozli\u0161it. Aby se \u010dlov\u011bk mohl nakazit virem, pot\u0159ebujete, aby do t\u011bla pronikl cel\u00fd vir a za\u010dal se tam replikovat. Tyhle testy \u2013 p\u0159\u00edstroje firmy Roche \u2013 rozeznaj\u00ed pouze fragmenty viru, nikdy nepoznaj\u00ed cel\u00e9 viry. Z t\u011bchto dvou d\u016fvod\u016f \u2013 a jsou i dal\u0161\u00ed \u2013 z t\u011bchto dvou d\u016fvod\u016f je naprosto, \u00fapln\u011b, tot\u00e1ln\u011b nemo\u017en\u00e9, aby v\u00e1m PCR test \u0159ekl n\u011bco o infekc\u00edch. A nav\u00edc Drosten a pod jeho veden\u00edm i Sv\u011btov\u00e1 zdravotnick\u00e1 organizace, kter\u00e1 pou\u017eila jeho PCR test jako \u0161ablonu, nastavili ten test tak, aby zaru\u010den\u011b vytvo\u0159il fale\u0161n\u011b pozitivn\u00ed v\u00fdsledky.<\/p>\n<p>V\u010dera ve\u010der mi Mike Yeadon \u0159ekl: Reinere, v\u0161echny tyhle p\u0159\u00edpady byly podle m\u011b fale\u0161n\u011b pozitivn\u00ed, ne jenom 97 %. Pro\u010d to \u0159\u00edk\u00e1? No, proto\u017ee vezmete ten st\u011br z nosu a hrdla \u2013 nic nevid\u00edte, proto\u017ee to lidsk\u00e9 oko nevid\u00ed \u2013 a vlo\u017e\u00edte ho do t\u011bch p\u0159\u00edstroj\u016f, v\u0161echny je vlastn\u00ed Roche a vyd\u011bl\u00e1v\u00e1 na tom te\u010f f\u016fru pen\u011bz, a v nich zv\u011bt\u0161\u00edte to, co v n\u011bm je. Naz\u00fdv\u00e1 se to \u201ecykly zv\u011bt\u0161en\u00ed\u201c \u2013 2, 4, 8, 16, atd. U 24 cykl\u016f zv\u011bt\u0161en\u00ed \u2013 jde o miliardy zv\u011bt\u0161en\u00ed t\u011bch l\u00e1tek \u2013 u 24 cykl\u016f zv\u011bt\u0161en\u00ed i frankfurtsk\u00fd Zdravotnick\u00fd institut tvrd\u00ed: v\u0161echno nad to ignorujeme, proto\u017ee to ned\u00e1v\u00e1 v\u016fbec \u017e\u00e1dn\u00fd smysl.<\/p>\n<p>Mike Yeadon tvrd\u00ed \u2013 a nezapome\u0148me, \u017ee to je b\u00fdval\u00fd vice-prezident Pfizeru a \u0161estn\u00e1ct let byl jejich hlavn\u00edm v\u011bdeck\u00fdm pracovn\u00edkem \u2013 \u017ee p\u0159i 35 cyklech zv\u011bt\u0161en\u00ed dos\u00e1hnete nejm\u00e9n\u011b 97 % fale\u0161n\u00fdch pozitivn\u00edch v\u00fdsledk\u016f. O Drostenov\u011b testu a o v\u0161ech t\u011bch dal\u0161\u00edch se tvrdilo, \u017ee a\u017e p\u0159i 45. Takhle tedy vytvo\u0159ili ty p\u0159\u00edpady, aby mohli vyhl\u00e1sit Glob\u00e1ln\u00ed stav zdravotn\u00ed nouze mezin\u00e1rodn\u00ed v\u00fdznamu, aby n\u00e1m mohli na\u0159izovat \u2013 abychom byli poslu\u0161n\u00ed \u2013 povinn\u00e9 no\u0161en\u00ed rou\u0161ek, spole\u010densk\u00e9 rozestupy, lockdowny, a\u017e bychom nakonec souhlasili s \u010d\u00edmkoliv, jen aby to skon\u010dilo, prost\u011b s \u010d\u00edmkoliv, co\u017e znamen\u00e1 i se zabij\u00e1ck\u00fdmi injekcemi.<\/p>\n<p><strong>Maria:<\/strong>\u00a0A kdy\u017e mluv\u00edme o zabij\u00e1ck\u00fdch injekc\u00edch: my tedy te\u010f v\u00edme, podle Karen Kingstonov\u00e9, tak\u00e9 b\u00fdval\u00e9 zam\u011bstnankyn\u011b Pfizeru, kter\u00e1 se zab\u00fdvala anal\u00fdzou t\u011bch patent\u016f, \u017ee v\u0161echny tyhle Covid-19 vakc\u00edny schv\u00e1len\u00e9 Sv\u011btovou zdravotnickou organizac\u00ed obsahuj\u00ed schopnost trasov\u00e1n\u00ed. Oni by je neschv\u00e1lili, kdyby nebyly schopn\u00e9 sledovat ob\u010dany. Tak\u017ee te\u010f, kdy\u017e v\u00edme, \u017ee jde o zabij\u00e1ck\u00e9 injekce, kdy\u017e v\u00edme, \u017ee dok\u00e1\u017eou sledovat lidi, o co se tu doopravdy sna\u017e\u00ed, Dr. Fuellmichu? Sna\u017e\u00ed se ta Liga z Davosu dos\u00e1hnout redukce populace, kter\u00e1 se bude sn\u00e1ze ovl\u00e1dat? Je tohle jejich kone\u010dn\u00fd c\u00edl?<\/p>\n<p><strong>Reiner:<\/strong>\u00a0Mysl\u00edm, \u017ee cht\u011bj\u00ed dv\u011b v\u011bci. Cht\u011bj\u00ed to, \u010demu eufemisticky \u0159\u00edkaj\u00ed \u201eregulace populace\u201c, ale ve skute\u010dnosti jde o \u201esn\u00ed\u017een\u00ed populace\u201c. N\u011bkte\u0159\u00ed tvrd\u00ed, \u017ee n\u00e1s cht\u011bj\u00ed sn\u00ed\u017eit na 500 mili\u00f3n\u016f obyvatel \u2013 nev\u00edm, jestli to je pravda -, ale sn\u00ed\u017een\u00ed populace je jedn\u00edm z jejich hlavn\u00edch c\u00edl\u016f, to je rozhodn\u011b pravda. I Robert Malone, kter\u00fd \u0159ekl, \u017ee kdyby mu tohle n\u011bkdo \u0159ekl p\u0159ed rokem, tak by si pomyslel: No, to ur\u010dit\u011b\u2026 A j\u00e1 s\u00e1m \u2013 kdybyste mi tohle \u0159ekla p\u0159ed rokem a p\u016fl, tak bych v\u00e1m odpov\u011bd\u011bl: B\u011b\u017ete si vz\u00edt pr\u00e1\u0161ky, b\u011b\u017ete k doktorovi a pak v\u00e1m bude l\u00edp. Ale ne, a mezit\u00edm n\u00e1m doch\u00e1zej\u00ed konspira\u010dn\u00ed teorie, tak\u017ee tohle je jeden z jejich hlavn\u00edch c\u00edl\u016f. T\u00edm druh\u00fdm je \u2013 a tady p\u0159ich\u00e1z\u00ed do hry to v\u0161echno kolem trasov\u00e1n\u00ed, aby mohli ovl\u00e1dat zbytek lid\u00ed a opravdu z n\u00e1s ud\u011blat otroky, kte\u0159\u00ed nebudou p\u0159em\u00fd\u0161let, kte\u0159\u00ed se nevzep\u0159ou, ale budou pouze d\u011blat to, co se jim p\u0159ik\u00e1\u017ee.<\/p>\n<p>Tak proto se n\u00e1s sna\u017e\u00ed ovl\u00e1dat, manipulovat na\u0161e DNA prost\u0159ednictv\u00edm t\u011bch mRNA injekc\u00ed. Existuje mnoho experiment\u016f v r\u00e1mci tohoto ob\u0159\u00edho experimentu, kter\u00fd te\u010f prob\u00edh\u00e1. My nev\u00edme, co v t\u011bch injekc\u00edch je, to v\u011bd\u00ed jen oni. Na\u0161e vl\u00e1dy, jak u\u017e jsem \u0159\u00edkal, u\u017e nejsou na\u0161e vl\u00e1dy. Ony jsou tot\u00e1ln\u011b pod kontrolou t\u00e9 druh\u00e9 strany. Tohle p\u0159edev\u0161\u00edm plat\u00ed tady v Evrop\u011b, kde pl\u00e1nuj\u00ed dosadit prvn\u00ed mini sv\u011btovou vl\u00e1du, \u201eskute\u010dnou sv\u011btovou vl\u00e1du\u201c, jak prohl\u00e1sil pape\u017e ve sv\u00e9 knize \u201eFratelli tutti\u201c, kter\u00e1 vy\u0161la v roce 2020, kde prohla\u0161uje, \u017ee se v\u0161ichni mus\u00edme podrobit nov\u00e9 sv\u011btov\u00e9 vl\u00e1d\u011b pod veden\u00edm OSN. Jo, to ur\u010dit\u011b. Oni za\u010dnou s Evropou, ta agenda, podle kter\u00e9 se tady \u0159\u00edd\u00ed, se naz\u00fdv\u00e1 HERA (Health Emergency Response Agency \u2013 Krizov\u00fd zdravotn\u00ed \u00fa\u0159ad) a tohle bude kone\u010dn\u00fd v\u00fdsledek a\u017e se zjist\u00ed, \u017ee na\u0161e n\u00e1rodn\u00ed vl\u00e1dy jsou neschopn\u00e9 \u0159e\u0161it tohle \u201eobrovsk\u00e9\u201c ohro\u017een\u00ed koronavirem.<\/p>\n<p>Podle m\u011b se takhle daleko nedostanou, proto\u017ee p\u0159\u00edli\u0161 mnoho lid\u00ed se mezit\u00edm u\u017e probudilo a i tady v Evrop\u011b, kde se hodn\u011b z toho odehr\u00e1v\u00e1, i tady v Evrop\u011b jde hodn\u011b lid\u00ed znovu do ulic \u2013 stovky tis\u00edc lid\u00ed naprosto v\u0161ude \u2013 v It\u00e1lii a p\u0159edev\u0161\u00edm v b\u00fdval\u00fdch v\u00fdchodoevropsk\u00fdch zem\u00edch (pozn. p\u0159ekl. v postkomunistick\u00fdch zem\u00edch) a zase znovu v N\u011bmecku. Tak\u017ee oni se o moc d\u00e1l u\u017e nedostanou.<\/p>\n<p><strong>Maria:\u00a0<\/strong>Vid\u00edme mnoho lid\u00ed, kte\u0159\u00ed jdou do ulic, Dr. Fuellmichu, ale vypad\u00e1 to, \u017ee se ten pl\u00e1n st\u00e1le v\u00edce stup\u0148uje. Domn\u00edv\u00e1te se, \u017ee tihle lid\u00e9 n\u011bco m\u011bn\u00ed? Tolik jich protestuje.<\/p>\n<p><strong>Reiner:\u00a0<\/strong>Mysl\u00edm, \u017ee ano. Je to ot\u00e1zka \u010dasu, a\u017e bude \u00fapln\u011b nemo\u017en\u00e9, aby cokoliv z toho zametli pod koberec. Byli schopni to d\u011blat, proto\u017ee maj\u00ed naprostou kontrolu nad mainstreamov\u00fdmi m\u00e9dii. Ale je \u010d\u00edm d\u00e1l z\u0159ejm\u011bj\u0161\u00ed, \u017ee p\u0159esto\u017ee nikdo nezn\u00e1 nikoho, kdo by zem\u0159el na covid nebo kdo by utrp\u011bl v\u00e1\u017en\u00e9 n\u00e1sledky z covidu, najednou v\u0161ichni znaj\u00ed n\u011bkoho, kdo utrp\u011bl v\u00e1\u017en\u00e9 probl\u00e9my, dokonce \u00famrt\u00ed, po o\u010dkov\u00e1n\u00ed. A to je dal\u0161\u00ed v\u011bc: nejnov\u011bj\u0161\u00ed \u00fadaje n\u00e1m \u0159\u00edkaj\u00ed \u2013 a tohle bylo potvrzeno v\u00fdkonn\u00fdm \u0159editelem americk\u00e9 poji\u0161\u0165ovny zab\u00fdvaj\u00edc\u00ed se \u017eivotn\u00edmi pojistkami \u2013 \u017ee od po\u010d\u00e1tku t\u011bch opat\u0159en\u00ed a p\u0159edev\u0161\u00edm od za\u010d\u00e1tku aplikace t\u011bch d\u00e1vek vakcinace tu zhruba za posledn\u00ed rok m\u00e1me o 40 % vy\u0161\u0161\u00ed \u00famrtnost. Tohle je nev\u00eddan\u00e9, naprosto nev\u00eddan\u00e9. Tohle se u\u017e moc dlouho pod koberec zametat ned\u00e1.<\/p>\n<p><strong>Maria:<\/strong>\u00a0Souhlas\u00edm. A n\u011bkter\u00e1 m\u00e9dia musela za\u010d\u00edt pod\u00e1vat zpr\u00e1vy, nemaj\u00ed na vybranou. Proto\u017ee p\u0159\u00edli\u0161 mnoho lid\u00ed mluv\u00ed o lidech, kter\u00e9 znaj\u00ed, co jsou te\u010f bu\u010f zdravotn\u011b posti\u017een\u00ed nebo mrtv\u00ed kv\u016fli t\u011bm zabij\u00e1ck\u00fdm injekc\u00edm. Zm\u00ednil jste se o \u010dty\u0159ech osob\u00e1ch \u2013 Gatesovi, Tedrosovi a dvou dal\u0161\u00edch; to prob\u00edhaj\u00edc\u00ed soudn\u00ed \u0159\u00edzen\u00ed, m\u016f\u017eete n\u00e1m k tomu n\u011bco \u0159\u00edct?<\/p>\n<p><strong>Reiner:\u00a0<\/strong>Ano. Vlo\u017eili jsme do toho spoustu \u010dasu a energie, proto\u017ee v\u011b\u0159\u00edme, \u017ee to je nesm\u00edrn\u011b d\u016fle\u017eit\u00e9, proto\u017ee je mnoho lid\u00ed, kte\u0159\u00ed mluv\u00ed o Norimberku 2.0 a cht\u011bj\u00ed n\u00e1s jako pr\u00e1vn\u00edky a v\u011bdce, kte\u0159\u00ed budou vystupovat jako na\u0161i odborn\u00edci, cht\u011bj\u00ed, abychom jim uk\u00e1zali fakta a cht\u011bj\u00ed, abychom jim poskytli pr\u00e1vn\u00ed platformu, na kter\u00e9 se budou moct bezpe\u010dn\u011b br\u00e1nit. Do\u0161li jsme k tomuto z\u00e1v\u011bru potom, co jsme to velmi podrobn\u011b prodiskutovali s lidmi, velmi chytr\u00fdmi lidmi, jako je Catherine Austin Fittsov\u00e1, kter\u00e1 v\u00ed hodn\u011b o t\u011bch zmi\u0148ovan\u00fdch struktur\u00e1ch t\u00e9 finan\u010dn\u00ed mafie, kter\u00e1 se velmi sna\u017e\u00ed, aby odvedla na\u0161i pozornost od toho, co d\u011bl\u00e1.<\/p>\n<p>Tohle je formalizovan\u00e9 soudn\u00ed \u0159\u00edzen\u00ed po vzoru americk\u00e9ho vy\u0161et\u0159ov\u00e1n\u00ed velk\u00e9 poroty, kter\u00e9 p\u0159edlo\u017e\u00ed v\u0161echny na\u0161e d\u016fkazy za p\u0159\u00edtomnosti skute\u010dn\u00fdch odborn\u00edk\u016f, skute\u010dn\u00fdch sv\u011bdk\u016f, skute\u010dn\u00fdch pr\u00e1vn\u00edk\u016f, budeme m\u00edt skute\u010dn\u00e9ho soudce. V\u0161echny d\u016fkazy pro na\u0161i porotu, kterou budou tvo\u0159it na\u0161i div\u00e1ci a pak je po\u017e\u00e1d\u00e1me, aby n\u00e1m p\u0159edali ob\u017ealoby proti Drostenovi, kter\u00fd je jejich hlavn\u00ed loutkou co se t\u00fd\u010de PCR test\u016f, Faucimu, Tedrosovi a samoz\u0159ejm\u011b Billu Gatesovi. Nev\u00edm, jak d\u016fle\u017eit\u00ed tihle lid\u00e9 jsou, mo\u017en\u00e1 jsou to jenom nastr\u010den\u00e9 figurky, mo\u017en\u00e1 si Bill Gates mysl\u00ed, \u017ee je jeden z t\u011bch hlavn\u00edch, co tahaj\u00ed za nitky, to si sice nemysl\u00edm, ale uvid\u00edme. Je\u0161t\u011b d\u016fle\u017eit\u011bj\u0161\u00ed ne\u017e tyhle ob\u017ealoby je mo\u017enost poskytnout lidem kompletn\u00ed informace, ov\u011b\u0159iteln\u00e9 informace od opravdov\u00fdch odborn\u00edk\u016f, od lid\u00ed, co opravdu v\u011bd\u00ed, o \u010dem mluv\u00ed.<\/p>\n<p>Robert Malone, nap\u0159\u00edklad, on byl velmi dlouho na druh\u00e9 stran\u011b, on v\u00ed v\u0161echno, co se tam d\u011blo a zrovna tak Peter McCullough a zrovna tak Catherine Austin Fittsov\u00e1, ona byla n\u011bjakou dobu \u010dlenkou americk\u00e9 vl\u00e1dy a tak\u00e9 velmi zku\u0161enou investi\u010dn\u00ed bank\u00e9\u0159kou. Tak\u017ee v\u0161ichni tito lid\u00e9, v\u010detn\u011b mnoha politik\u016f, kte\u0159\u00ed se p\u0159idali do na\u0161ich \u0159ad, budou velmi podrobn\u011b vypov\u00eddat o tom, co se opravdu stalo. O tom, jak tohle je dlouho pl\u00e1novan\u00e1 agenda, kter\u00e1 se zavedla, aby rozpt\u00fdlili na\u0161i pozornost od toho, co se ve skute\u010dnosti d\u011bje.<\/p>\n<p>To, co se ve skute\u010dnosti d\u011bje, je sni\u017eov\u00e1n\u00ed populace a ovl\u00e1d\u00e1n\u00ed obyvatel. A co se ve skute\u010dnosti d\u011bje je \u00famysln\u00e9 ni\u010den\u00ed na\u0161ich ekonomik ve prosp\u011bch americk\u00fdch platforem, jak\u00fdm je nap\u0159\u00edklad Amazon. Intern\u00ed inform\u00e1to\u0159i n\u00e1m nap\u0159\u00edklad \u0159ekli, \u017ee ve stejnou dobu \u010c\u00ed\u0148an\u00e9 p\u0159eb\u00edrali kontrolu nad na\u0161\u00edm a americk\u00fdm automobilov\u00fdm pr\u016fmyslem \u2013 nev\u00edme, co je na tom pravdy, ale existuj\u00ed ur\u010dit\u00e9 d\u016fkazy, kter\u00e9 nazna\u010duj\u00ed, \u017ee by to mohla b\u00fdt pravda. Rozhodn\u011b tu vid\u00edme dv\u011b v\u011bci: \u00famysln\u00e9 ni\u010den\u00ed na\u0161ich ekonomik a \u00famysln\u00e9 ni\u010den\u00ed na\u0161eho zdrav\u00ed.<\/p>\n<p><strong>Maria:<\/strong>\u00a0A co tedy m\u016f\u017eeme\u2026 Tohle se d\u011bje u mezin\u00e1rodn\u00edm soudu, je to tak?<\/p>\n<p><strong>Reiner:\u00a0<\/strong>Ano.<\/p>\n<p><strong>Maria:\u00a0<\/strong>To, co vid\u00edme u m\u00edstn\u00edch soud\u016f, je skute\u010dn\u00e1 korupce soudc\u016f, kte\u0159\u00ed vyhazuj\u00ed p\u0159\u00edpady. Jak\u00e9 jsou mo\u017enosti, \u017ee se tohle stane i u mezin\u00e1rodn\u00edho soudu? Kdy\u017e v\u0161ichni tihle velc\u00ed hr\u00e1\u010di v tom jedou?<\/p>\n<p><strong>Reiner:<\/strong>\u00a0V\u00fdborn\u00e1 ot\u00e1zka. Pr\u00e1v\u011b jsem mluvil s n\u011bkolika m\u00fdmi kolegy tady v N\u011bmecku, mluvil jsem s nimi p\u00e1r minut p\u0159ed t\u00edm, ne\u017e jsme zah\u00e1jili v\u00e1\u0161 po\u0159ad. Domn\u00edv\u00e1me se, \u017ee p\u0159i tro\u0161e \u0161t\u011bst\u00ed budeme m\u00edt jednotliv\u00e9 soudce, kte\u0159\u00ed je\u0161t\u011b budou ochotni prosazovat pr\u00e1vo. Nicm\u00e9n\u011b tady v N\u011bmecku je to t\u00e9m\u011b\u0159 nemo\u017en\u00e9 a pro\u010d tomu tak je? Proto\u017ee N\u011bmci jsou tradi\u010dn\u011b velmi poslu\u0161n\u00ed u\u017e dobr\u00fdch 150 let, to v\u0161echno za\u010dal Bismarck. A situace je \u0161patn\u00e1 p\u0159edev\u0161\u00edm v soudnictv\u00ed, proto\u017ee tehdy, p\u0159ed t\u011bmi 150 lety, mohl \u010dlov\u011bk vstoupit do soudnictv\u00ed, pouze pokud naprosto souhlasil s vl\u00e1dou. Tohle tedy nen\u00ed Hitler\u016fv vyn\u00e1lez, ten to samoz\u0159ejm\u011b je\u0161t\u011b zhor\u0161il, ale nikdy se to u\u017e nezlep\u0161ilo.<\/p>\n<p>A pr\u00e1v\u011b te\u010f vid\u00edme v\u00fdsledky tohoto mnoho desetilet\u00ed trvaj\u00edc\u00edho u\u010den\u00ed. To se mus\u00ed zm\u011bnit. Podle m\u011b, pokud to chceme n\u011bjak prorazit, pokud chceme dos\u00e1hnout n\u011bjak\u00e9ho pokroku na na\u0161ich mezin\u00e1rodn\u00edch soudn\u00edch \u00farovn\u00edch, budeme muset za\u010d\u00edt na mezin\u00e1rodn\u00ed \u00farovni. Budeme muset uk\u00e1zat lidu, \u017ee to jsme my \u2013 lid \u2013 kdo to \u0159\u00edd\u00ed. My jejich syst\u00e9m nepot\u0159ebujeme. Nap\u0159\u00edklad dokonce m\u00ed ameri\u010dt\u00ed kolegov\u00e9 a jihoafrick\u00fd kolega n\u00e1m \u0159ekli: Spou\u0161t\u00edme na\u0161e vlastn\u00ed soudnictv\u00ed, u\u017e na tom pracujeme. Proto\u017ee ten syst\u00e9m je tak zkorumpovan\u00fd, \u017ee u\u017e na n\u011bj nem\u016f\u017eeme spol\u00e9hat. Tohle neplat\u00ed pouze pro justici, to tak\u00e9 plat\u00ed pro ekonomick\u00fd syst\u00e9m, pro vzd\u011bl\u00e1vac\u00ed syst\u00e9m\u2026<\/p>\n<p>Budeme muset zav\u00e9st n\u00e1\u0161 vlastn\u00ed syst\u00e9m. Budeme se muset odpoutat od t\u011bch glob\u00e1ln\u00edch korporac\u00ed a glob\u00e1ln\u00edch nevl\u00e1dn\u00edch organizac\u00ed a soust\u0159edit se na na\u0161e region\u00e1ln\u00ed ekonomiky, na na\u0161e region\u00e1ln\u00ed vl\u00e1dy, proto\u017ee o tohle tu ve skute\u010dnosti jde: jde o n\u00e1vrat ke ko\u0159en\u016fm. To je demokracie. Proto jsem se stal \u010dlenem nov\u00e9 strany, strany pro nej\u0161ir\u0161\u00ed vrstvy tady v N\u011bmecku, proto\u017ee oni opravdu v\u011b\u0159\u00ed\u2026 jedin\u00ed lid\u00e9, kte\u0159\u00ed doopravdy v\u011bd\u00ed, co je pro n\u011b dobr\u00e9, jsou lid\u00e9 v regionech, v na\u0161ich vlastn\u00edch komunit\u00e1ch! Nesm\u00edme p\u0159ipustit, aby n\u00e1s tihle lid\u00e9 ovl\u00e1dali prost\u0159ednictv\u00edm sv\u011btov\u00e9 vl\u00e1dy! V \u017e\u00e1dn\u00e9m p\u0159\u00edpad\u011b! Vid\u00edme, kam n\u00e1s to a\u017e p\u0159ivedlo, a\u017e sem n\u00e1s to p\u0159ivedlo a hor\u0161\u00ed to b\u00fdt nem\u016f\u017ee.<\/p>\n<p>Proto se tomu mus\u00edme postavit a mus\u00edme zalo\u017eit na\u0161e vlastn\u00ed syst\u00e9my, v\u010detn\u011b vlastn\u00edho pr\u00e1vn\u00edho syst\u00e9mu, tak abychom m\u011bli v\u0161echny tyto region\u00e1ln\u00ed vl\u00e1dy, m\u016f\u017eeme se propojit, v\u0161echny tyto jednotliv\u00e9 syst\u00e9my se m\u016f\u017eou propojit, ale u\u017e nikdy nesm\u00edme dovolit, aby n\u00e1s ovl\u00e1dal n\u011bjak\u00fd glob\u00e1ln\u00ed subjekt. A tohle p\u0159esn\u011b nyn\u00ed d\u011bl\u00e1 WHO! Nikdo, ani pr\u00e1vn\u00edci, nerozum\u00ed, o co jde v t\u011bch \u2013 jak se tomu \u0159\u00edk\u00e1? Sv\u011btov\u00fdch zdravotn\u00edch p\u0159edpisech. Tohle je vyn\u00e1lez WHO! Tohle nen\u00ed demokracie! Demokracie je, kdy\u017e hlasujeme pro n\u011bkoho, kdo n\u00e1s bude zastupovat v parlamentu. Nikdo, nikdo tyhle lidi ve Sv\u011btov\u00e9 zdravotnick\u00e9 organizaci nezvolil! Nezapome\u0148te, \u017ee Tedros \u2013 ten chl\u00e1pek, co tomu \u0161\u00e9fuje, jejich hlavn\u00ed loutka \u2013 tak mysl\u00edm, \u017ee proti n\u011bmu vloni v New Yorku podali trestn\u00ed ozn\u00e1men\u00ed za sp\u00e1ch\u00e1n\u00ed genocidy! Vid\u011bl jsem fotky, kde je ozbrojen\u00fd a za n\u00edm le\u017e\u00ed mrtv\u00ed lid\u00e9! S takov\u00fdmi lidmi m\u00e1me tu \u010dest! Je to mafie!<\/p>\n<p><strong>Maria:<\/strong>\u00a0Tedros je zn\u00e1m\u00fd terorista!<\/p>\n<p><strong>Reiner:<\/strong>\u00a0Ano, on je zn\u00e1m\u00fd terorista, ano.<\/p>\n<p><strong>Maria:<\/strong>\u00a0Najednou je zdravotn\u00ed poradce, kter\u00fd chce zachr\u00e1nit lidstvo v r\u00e1mci opat\u0159en\u00ed WHO. Neuv\u011b\u0159iteln\u00e9. Jak\u00e9 to m\u016f\u017ee m\u00edt pro tyto vrahy d\u016fsledky? Co z toho m\u016f\u017ee b\u00fdt? Dr. Fuellmichu, lid\u00e9 jsou na\u0161tvan\u00ed, lid\u00e9 cht\u011bj\u00ed spravedlnost!<\/p>\n<p><strong>Reiner:<\/strong>\u00a0Mysl\u00edm, \u017ee mus\u00edme b\u00fdt nesm\u00edrn\u011b opatrn\u00ed, aby se to nevymklo kontrole a nedo\u0161lo k n\u00e1silnostem, proto\u017ee tohle oni cht\u011bj\u00ed. Pokud za\u010dneme jednat n\u00e1siln\u011b, pak podle m\u011b nasad\u00ed vlastn\u00ed vojsko, pokud n\u011bjak\u00e9 maj\u00ed, o tom nic nev\u00edm. Existuje spousta domn\u011bnek a nedok\u00e1zali jsme cokoliv ov\u011b\u0159it. M\u011bli bychom pokra\u010dovat v nen\u00e1siln\u00fdch protestech a tak\u00e9 mus\u00edme pokra\u010dovat v \u00fasil\u00ed p\u0159esm\u011brovat na\u0161i pozornost na na\u0161e regiony m\u00edsto na tenhle globalismus. Je tu dal\u0161\u00ed faktor: jsou t\u0159i roviny, na kter\u00fdch mus\u00edme bojovat.<\/p>\n<p>Prvn\u00ed je vzd\u011bl\u00e1n\u00ed, uka\u017eme pravdu, odhalme je v\u0161echny. Dal\u0161\u00ed je pr\u00e1vn\u00ed \u010dinnost: mus\u00edme pokra\u010dovat s na\u0161\u00ed pr\u00e1vn\u00ed \u010dinnost\u00ed, p\u0159edev\u0161\u00edm s mezin\u00e1rodn\u00ed pr\u00e1vn\u00ed \u010dinnost\u00ed. Ale m\u00e1me tu tak\u00e9 duchovn\u00ed str\u00e1nku v\u011bci. A opakuji \u2013 kdybyste mi o tomhle \u0159ekla p\u0159ed rokem, tak bych v\u00e1m odpov\u011bd\u011bl: Jasn\u011b, vemte si pr\u00e1\u0161ky. Ale s\u00e1m Robert Malone s t\u00edm souhlas\u00ed, a tohle je kovan\u00fd v\u011bdec, v\u0161ichni souhlas\u00edme, \u017ee tu je je\u0161t\u011b n\u011bco dal\u0161\u00edho, a t\u00edm je duchovno, \u0159\u00edkejte tomu n\u00e1bo\u017eenstv\u00ed \u2013 j\u00e1 tomu tak ne\u0159\u00edk\u00e1m, proto\u017ee nev\u011b\u0159\u00edm na organizovan\u00e9 n\u00e1bo\u017eenstv\u00ed, podle m\u011b jde hlavn\u011b o moc -, ale m\u00e1me tady duchovn\u00ed str\u00e1nku. A mysl\u00edm, \u017ee n\u00e1m ten duchovn\u00ed aspekt nab\u00eddne pomoc a tohle mimochodem n\u00e1s spojuje.<\/p>\n<p>Proto tolik z n\u00e1s \u2013 p\u0159esto, \u017ee tvrd\u00ed, \u017ee p\u0159i\u0161li o tolik p\u0159\u00e1tel, ale ne, nev\u011b\u0159te tomu, tihle lid\u00e9 nikdy nebyli na\u0161imi p\u0159\u00e1teli \u2013 z\u00edskali jsme tolik nov\u00fdch p\u0159\u00e1tel, hned jsme poc\u00edtili tu soun\u00e1le\u017eitost. A to jsme se ani nemuseli hodinu bavit, hned tu byl pocit soun\u00e1le\u017eitosti. Toto duchovno n\u00e1m ur\u010dit\u011b pom\u016f\u017ee. Existuje duchovn\u00ed s\u00edla, a k tomuhle jsem do\u0161el po tom, co jsem mluvil s n\u011bk\u00fdm z Austr\u00e1lie, s domorodcem, kter\u00fd se jmenuje David Cole, to je hodn\u011b chytr\u00fd \u010dlov\u011bk. A j\u00e1 mu \u0159\u00edk\u00e1m: Davide, mluvil jsem s jedn\u00edm \u010dlov\u011bkem od v\u00e1s, velmi star\u00fdm a velmi slavn\u00fdm domorodcem, kter\u00fd se jmenuje Max. A on na to: No ano, str\u00fdc Max, on n\u00e1s prov\u00e1zel p\u0159ed p\u00e1r t\u00fddny takov\u00fdm ceremoni\u00e1lem, ale bohu\u017eel u\u017e zem\u0159el.<\/p>\n<p>Tenhle \u010dlov\u011bk, kdy\u017e jsem s n\u00edm mluvil, tak na m\u011b ud\u011blal velk\u00fd dojem. Tak jako p\u016fvodn\u00ed obyvatel\u00e9 v Kanad\u011b a Spojen\u00fdch st\u00e1tech, se kter\u00fdmi jsem mluvil\u2026 \u0158ekli mi: My jsme na va\u0161\u00ed stran\u011b, my v\u00e1s chr\u00e1n\u00edme. Chv\u00edli jsem si \u0159\u00edkal: Kdy\u017e jdu b\u011bhat se sv\u00fdmi psy\u2026 j\u00e1 jsem pro n\u011b perfektn\u00ed ter\u010d. A oni \u0159ekli: To jste, ale my v\u00e1s budeme chr\u00e1nit, a\u0165 se stane cokoliv. A j\u00e1 tomu v\u011b\u0159\u00edm. Kdy\u017e mi lid\u00e9 \u0159\u00edkaj\u00ed: Neboj\u00edte se? Ne, neboj\u00edm se. Jin\u00fd zp\u016fsob neexistuje. Mus\u00edme bojovat, v\u0161ichni mus\u00edme bojovat!<\/p>\n<p><strong>Maria:\u00a0<\/strong>Dr. Fuellmichu, mnoho mnoho lid\u00ed v dne\u0161n\u00ed dob\u011b hledaj\u00ed odpov\u011b\u010f na hlub\u0161\u00ed ot\u00e1zky, jako co je se sv\u011btem v nepo\u0159\u00e1dku, mnoho lid\u00ed se v t\u00e9hle dob\u011b obrac\u00ed k Bohu jako k \u00fakrytu, \u00fat\u011b\u0161e, ochran\u011b, ke v\u0161em t\u011bmto v\u011bcem. J\u00e1, tak jako vy, se neboj\u00edm, m\u00e1me tu \u00fakol, jsme na spr\u00e1vn\u00e9 stran\u011b historie a mus\u00edme d\u011blat, co je t\u0159eba, za ka\u017edou cenu. Ale znovu se pt\u00e1m: jak\u00e9 jsou mo\u017en\u00e9 d\u016fsledky pro ty, kte\u0159\u00ed za to nesou vinu? Pokud se prok\u00e1\u017ee jejich vina, jak\u00e9 jsou pro tyhle lidi mo\u017en\u00e9 d\u016fsledky?<\/p>\n<p><strong>Reiner:<\/strong>\u00a0Zaplat\u00ed velmi velmi velmi vysokou cenu. Mysl\u00edm, \u017ee nakonec my \u2013 lid \u2013 tuhle situaci zvr\u00e1t\u00edme, soudy to neud\u011blaj\u00ed. Soudy nastoup\u00ed a\u017e potom a provedou \u00faklid, po tom v\u0161em. Jsem naprosto p\u0159esv\u011bd\u010den, \u017ee dojde k z\u00fa\u010dtov\u00e1n\u00ed, kter\u00e9 je z\u0159ejm\u011b opo\u017ed\u011bn\u00e9 o stovky let, dojde k z\u00fa\u010dtov\u00e1n\u00ed! A proto si mysl\u00edm, \u017ee zaplat\u00ed velmi vysokou cenu. A ti z n\u00e1s, kdo to p\u0159e\u017eij\u00ed, to s nimi z\u00fa\u010dtujeme u soud\u016f. Nakonec \u2013 kdy\u017e se pod\u00edv\u00e1m na tu pr\u00e1vn\u00ed str\u00e1nku, kter\u00e1 se te\u010f rozv\u00edj\u00ed, tak je to celkem jasn\u00e9\u2026 Je to jako obrovsk\u00e9 puzzle o tis\u00edci d\u00edlc\u00edch, ale chyb\u00ed tu pouze deset patn\u00e1ct d\u00edlk\u016f. Je p\u0159esn\u011b vid\u011bt, co se tu d\u011bje, i kdy\u017e p\u00e1r d\u00edlk\u016f je\u0161t\u011b chyb\u00ed. Mike Yeadon m\u00e1 pravdu; ta fakta, kter\u00e1 tu vid\u00edme, p\u0159edstavuj\u00ed z\u00e1va\u017en\u00e9, nevyvratiteln\u00e9 d\u016fkazy o \u00fakladn\u00e9 vra\u017ed\u011b.<\/p>\n<p>A za to musej\u00ed zaplatit, na to \u017e\u00e1dn\u00e1 beztrestnost neexistuje! Ani v na\u0161ich pr\u00e1vn\u00edch syst\u00e9mech neexistuje pro nikoho beztrestnost za \u00fakladnou vra\u017edu. Jak by mohlo? Tak\u017ee v\u0161ichni l\u00e9ka\u0159i, kte\u0159\u00ed se na tomhle pod\u00edlej\u00ed, v\u0161echny farmaceutick\u00e9 spole\u010dnosti, kter\u00e9 se na tom pod\u00edl\u00ed, v\u0161ichni co v tomhle jedou, v\u0161ichni ti tzv. VIP, politikov\u00e9, kte\u0159\u00ed se sna\u017e\u00ed p\u0159esv\u011bd\u010dit lidi, aby se nechali nao\u010dkovat \u2013 ti v\u0161ichni budou muset zaplatit velmi vysokou cenu. A ta cena \u2013 no m\u016f\u017eete \u0159\u00edct n\u011bjakou sumu, ale \u0161kody kv\u016fli tomu, co se tu v posledn\u00edch dvou letech d\u011bje, utrp\u011bli v\u0161ichni, v\u0161ichni! Kdy\u017e za\u010dnete na cen\u011b od\u0161kodn\u011bn\u00ed jeden milion dolar\u016f \u2013 to by nebyla a\u017e tak vysok\u00e1 \u010d\u00e1stka \u2013 ale my tu nemluv\u00edme jenom o milionu dolar\u016f nap\u0159\u00edklad za bolest a utrpen\u00ed, pokud se v\u00e1m nestalo nic jin\u00e9ho.<\/p>\n<p>D\u00e1le tady budete m\u00edt zni\u010den\u00e9 podniky, zni\u010den\u00e9 zdrav\u00ed, ale kdy\u017e za\u010dnete na jednom milionu dolar\u016f \u2013 a to je podle m\u011b velmi n\u00edzk\u00e9 \u010d\u00edslo \u2013 tak to m\u016f\u017eete zn\u00e1sobit, proto\u017ee tady mluv\u00edme o \u00famysln\u00e9m ubl\u00ed\u017een\u00ed. \u00damysln\u00e9 ubl\u00ed\u017een\u00ed n\u00e1s p\u0159\u00edmo dovede k tomu, \u010demu Ameri\u010dan\u00e9 \u0159\u00edkaj\u00ed \u201esank\u010dn\u00ed n\u00e1hrada \u0161kody\u201c. Jedin\u00fd zp\u016fsob, jak nakonec za v\u0161echno tohle zaplatit, je, \u017ee se v\u0161echny ty glob\u00e1ln\u00ed korporace demontuj\u00ed a \u017ee si vezmeme zp\u00e1tky to, co n\u00e1m ukradli a \u017ee se ty jejich pen\u00edze pou\u017eij\u00ed na \u00fapln\u011b novou spole\u010dnost, takovou, kter\u00e1 bude hum\u00e1nn\u00ed, kter\u00e1 bude postavena na spolupr\u00e1ci, takovou kter\u00e1 d\u00e1v\u00e1 lidsky smysl.<\/p>\n<p><strong>Maria:<\/strong>\u00a0P\u016fjdou do v\u011bzen\u00ed?<\/p>\n<p><strong>Reiner:\u00a0<\/strong>Ano, ti, co p\u0159e\u017eij\u00ed to velk\u00e9 z\u00fa\u010dtov\u00e1n\u00ed, tak rozhodn\u011b p\u016fjdou do v\u011bzen\u00ed, ano.<\/p>\n<p><strong>Maria<\/strong>: Co mysl\u00edte t\u00edm \u201eti, co to p\u0159e\u017eij\u00ed\u201c?<\/p>\n<p><strong>Reiner:\u00a0<\/strong>Mysl\u00edm, \u017ee dojde na velk\u00e9 z\u00fa\u010dtov\u00e1n\u00ed a mnoz\u00ed ti, co jsou za tohle zodpov\u011bdni, byli tak hloup\u00ed, \u017ee se sami nechali nao\u010dkovat \u2013 mysl\u00edm, \u017ee to nep\u0159e\u017eij\u00ed. Nem\u00e1m jasnou p\u0159edstavu, jak tohle duchovn\u00ed z\u00fa\u010dtov\u00e1n\u00ed bude p\u0159esn\u011b vypadat, ale mysl\u00edm, \u017ee budou muset zaplatit hodn\u011b vysokou cenu. A proto \u0159\u00edk\u00e1m, \u017ee ty pr\u00e1vn\u00ed syst\u00e9my, n\u00e1\u0161 nov\u00fd pr\u00e1vn\u00ed syst\u00e9m, si to s nimi vy\u0159\u00edd\u00ed, s t\u011bmi, co tam je\u0161t\u011b zbydou, ale mysl\u00edm, \u017ee budeme muset jenom prov\u00e9st ten \u00faklid.<\/p>\n<p><strong>Maria:\u00a0<\/strong>A m\u00e1te podporu pr\u00e1vn\u00edk\u016f po cel\u00e9m sv\u011bt\u011b, ve v\u0161ech st\u00e1tech, kte\u0159\u00ed by byli t\u00e9 v\u011bci odd\u00e1ni? V\u00edm, \u017ee Tony Nikolic v Austr\u00e1lii poskytuje velkou pomoc, je to m\u016fj dobr\u00fd p\u0159\u00edtel a tak\u00e9 mi pomohl\u2026<\/p>\n<p><strong>Reiner:<\/strong>\u00a0On je v\u00fdborn\u00fd \u010dlov\u011bk, \u00fa\u017easn\u00fd aktivista, je nezdoln\u00fd, miluju ho, je super.<\/p>\n<p><strong>Maria:\u00a0<\/strong>Tak\u017ee m\u00e1te lidi po cel\u00e9m sv\u011bt\u011b, kte\u0159\u00ed v\u00e1s v tomhle podporuj\u00ed?<\/p>\n<p><strong>Reiner:\u00a0<\/strong>Ano, m\u00e1me velk\u00fd t\u00fdm, a nejsou v tom \u017e\u00e1dn\u00e1 ega, nikdo z n\u00e1s nemus\u00ed nikomu dal\u0161\u00edmu n\u011bco dokazovat. D\u011bl\u00e1me to, proto\u017ee v\u011b\u0159\u00edme v to, co d\u011bl\u00e1me a my v\u00edme, \u017ee v z\u00e1sad\u011b tu jde o boj mezi dobrem a zlem. My v\u00edme, \u017ee jsme ti dob\u0159\u00ed, to v\u00edme!<\/p>\n<p><strong>Maria:\u00a0<\/strong>A tenhle nov\u00fd syst\u00e9m, tahle nov\u00e1 spole\u010dnost, kdo tam bude zodpov\u011bdn\u00fd za ur\u010dov\u00e1n\u00ed, jak to bude fungovat?<\/p>\n<p><strong>Reiner:<\/strong>\u00a0Nikdo, budeme to jen my, v\u0161ichni zavedeme vlastn\u00ed syst\u00e9my v r\u00e1mci na\u0161ich vlastn\u00edch region\u016f. Nejprve za\u010dneme v na\u0161ich vlastn\u00edch regionech \u2013 a ka\u017ed\u00fd jsme jin\u00fd \u2013 proto po\u0159\u00e1d \u0159\u00edk\u00e1m lidem tady v Evrop\u011b: Zbavte se t\u00e9hle zasran\u00e9 Evropsk\u00e9 unie! Evropsk\u00e1 unie pouze slou\u017e\u00ed jako n\u00e1stroj ke kr\u00e1de\u017ei pen\u011bz od \u010dlensk\u00fdch st\u00e1t\u016f EU! A proto to byl opravdu chytr\u00fd tah od Brit\u016f, \u017ee opustili EU. A te\u010f i b\u00fdval\u00e9 v\u00fdchodoevropsk\u00e9 st\u00e1ty (pozn. p\u0159ekl. \u201epostkomunistick\u00e9 st\u00e1ty\u201c) se chystaj\u00ed k odchodu. Budeme muset za\u010d\u00edt od p\u00edky, budeme muset postavit vlastn\u00ed syst\u00e9my, dod\u00e1vkov\u00e9 syst\u00e9my co se t\u00fd\u010de energi\u00ed a potravin v r\u00e1mci vlastn\u00edch region\u016f. A pak se mus\u00edme vz\u00e1jemn\u011b propojit, vym\u011b\u0148ovat si n\u00e1pady, ale u\u017e nikdy nesm\u00edme dopustit, aby n\u00e1m n\u011bkdo vl\u00e1dl ze shora, z obrovsk\u00e9 d\u00e1lky.<\/p>\n<p><strong>Maria:<\/strong>\u00a0A budou v\u0161echny tyto spole\u010dnosti a organizace odhaleny, v\u0161echny, co se na tom pod\u00edlely? Bude to v\u0161echno odhaleno?<\/p>\n<p><strong>Reiner:\u00a0<\/strong>Ano, rozhodn\u011b. Nikdo tomu neute\u010de.<\/p>\n<p><strong>Maria:<\/strong>\u00a0Jak se m\u016f\u017ee ve\u0159ejnost o tomhle dov\u00eddat? O tom, co se d\u011bje?<\/p>\n<p><strong>Reiner:\u00a0<\/strong>Mysl\u00edm, \u017ee u\u017e k tomu doch\u00e1z\u00ed. Ty zpr\u00e1vy u\u017e se nedaj\u00ed potla\u010dit a jak u\u017e jsem \u0159\u00edkal \u2013 v\u0161echny tyhle \u201evedlej\u0161\u00ed \u00fa\u010dinky\u201c, co\u017e ve skute\u010dnosti nejsou vedlej\u0161\u00ed \u00fa\u010dinky t\u011bch vakcinac\u00ed, ty u\u017e se d\u00e1l nedaj\u00ed zametat pod koberec, \u00famrtnost zv\u00fd\u0161en\u00e1 o 40 %, co v\u00edc k tomu dodat. Pokud ale chcete podrobn\u00e9 informace tak my \u2013 na\u0161e Korona komise, nechci tady na n\u00e1s vr\u0161it samou chv\u00e1lu \u2013 ale na\u0161e Korona komise ud\u011blala rozhovory s v\u00edce ne\u017e 150 odborn\u00edky ze v\u0161ech oblast\u00ed v\u011bdy. Luc Montangier, to je francouzsk\u00fd profesor, kter\u00fd obdr\u017eel Nobelovu cenu, Catherine Austin Fittsov\u00e1, o n\u00ed jsem se ji\u017e zm\u00ednil, Dr. Mike Yeadon, Robert Malone, Peter McCullough, se v\u0161emi t\u011bmito lidmi jsme d\u011blali velmi podrobn\u00e9 rozhovory.<\/p>\n<p>Robert Malone nejd\u0159\u00edv hodn\u011b v\u00e1hal, to bylo p\u0159ed p\u00e1r m\u011bs\u00edci, ale b\u011bhem t\u011bchto posledn\u00edch m\u011bs\u00edc\u016f \u00fapln\u011b oto\u010dil a pochopil, \u017ee to, co pova\u017eoval za konspira\u010dn\u00ed teorie \u2013 i ty, co se nap\u0159\u00edklad t\u00fdkaj\u00ed Sv\u011btov\u00e9ho ekonomick\u00e9ho f\u00f3ra \u2013 je skute\u010dn\u011b pravda. On \u0159\u00edk\u00e1: v\u017edy\u0165 to m\u00e1me p\u0159\u00edmo p\u0159ed nosem, m\u016f\u017eete si to p\u0159e\u010d\u00edst, oni to vyd\u00e1vaj\u00ed, oni jsou tak stra\u0161n\u011b hloup\u00ed, opravdu hloup\u00ed. Nesm\u00edme je ale podce\u0148ovat, mus\u00edme je br\u00e1t v\u00e1\u017en\u011b, proto\u017ee uplatili spoustu lid\u00ed, zaplatili spoustu pen\u011bz, aby je poslouchali na slovo a mnoz\u00ed z nich jsou ve strategicky d\u016fle\u017eit\u00fdch pozic\u00edch. Tak\u017ee s t\u011bmito lidmi se mus\u00edme vypo\u0159\u00e1dat. A to se vypo\u0159\u00e1d\u00e1me!<\/p>\n<p><strong>Maria:\u00a0<\/strong>Ten pl\u00e1n Velk\u00e9ho resetu, toho mo\u017en\u00e9ho kyber-covidov\u00e9ho vypnut\u00ed v\u0161ech s\u00edt\u00ed? V\u00edme o tom n\u011bco v\u00edc?<\/p>\n<p><strong>Reiner:<\/strong>\u00a0V\u0161echno je mo\u017en\u00e9, nemysl\u00edm si, \u017ee k tomu dojde. Ve sv\u011bt\u011b je tolik domn\u011bnek, tolik \u00famysln\u00e9ho vyvol\u00e1v\u00e1n\u00ed paniky. Hodn\u011b toho je sou\u010d\u00e1st\u00ed t\u00e9 iluze, kterou tu vytv\u00e1\u0159ej\u00ed, hodn\u011b toho je sou\u010d\u00e1st\u00ed psychologick\u00e9 operace, kter\u00e1 do velk\u00e9 m\u00edry z\u00e1vis\u00ed na tom, aby n\u00e1s udr\u017eeli ve stavu dezorientovanosti a paniky, aby n\u00e1s udr\u017eeli v pozici \u2013 jak se to jmenuje? Biderman\u016fv p\u0159ehled donucovac\u00edch prost\u0159edk\u016f. N\u011bco neskute\u010dn\u00e9ho, to si vyhledejte, z 50. let 20. stolet\u00ed. Je to z\u00e1m\u011brn\u00e1 psychologick\u00e1 operace, kterou n\u00e1m vysv\u011btlil Prof. Mattias Desmet, je to jakoby\u2026, on \u0159\u00edk\u00e1: nen\u00ed to jakoby, oni opravdu hypnotizuj\u00ed 30 % populace. Takhle to opravdu funguje u 30% populace \u2013 k t\u011bm u\u017e se ned\u00e1 propracovat, proto\u017ee kdy\u017e je \u010dlov\u011bk zhypnotizovan\u00fd, tak nic nevid\u00ed a nec\u00edt\u00ed.<\/p>\n<p>On to srovn\u00e1val se starou \u010d\u00ednskou technikou, v \u010c\u00edn\u011b dodnes prov\u00e1d\u011bj\u00ed operace, ne v\u0161echny, ale v n\u011bkter\u00fdch p\u0159\u00edpadech tak, \u017ee lidi zhypnotizuj\u00ed. Kdy\u017e v\u00e1m tedy prov\u00e1d\u011bj\u00ed operaci srdce a jste v hypn\u00f3ze, tak samoz\u0159ejm\u011b nic neusly\u0161\u00edte. Oni neusly\u0161\u00ed nic z toho, co jim \u0159\u00edk\u00e1me. Tohle \u0159ekl. ALE dobr\u00e1 zpr\u00e1va je, \u017ee ke 40 % populace se d\u00e1 propracovat, t\u011bch 40 % jsou tak n\u011bjak neutr\u00e1ln\u00ed, nev\u00ed, na kterou stranu se p\u0159idat, a ty my je\u0161t\u011b dok\u00e1\u017eeme oslovit. A st\u00e1le v\u00edce z nich se probouzej\u00ed, v\u010detn\u011b t\u011bch, co jsou o\u010dkovan\u00ed, proto\u017ee maj\u00ed pocit, \u017ee byli podvedeni. Z ni\u010deho nic se dozv\u00eddaj\u00ed: Ne, vy nejste o\u010dkovan\u00ed, proto\u017ee jste nedostali t\u0159et\u00ed nebo \u010dtvrtou d\u00e1vku\u2026<\/p>\n<p><strong>Maria:<\/strong>\u00a0A p\u00e1tou! V Holandsku p\u00e1tou proboha! A ty po\u010dty nao\u010dkovan\u00fdch lid\u00ed, o kter\u00fdch n\u00e1m \u0159\u00edkaj\u00ed, d\u00e1 se jim v\u011b\u0159it? Proto\u017ee zrovna vy\u0161la zpr\u00e1va z Velk\u00e9 Brit\u00e1nie, kter\u00e1 tvrd\u00ed, \u017ee \u00fadajn\u011b 25 mili\u00f3n\u016f lid\u00ed nedostalo ani jednu d\u00e1vku.<\/p>\n<p><strong>Reiner:<\/strong>\u00a0Podle m\u011b jsou ta \u010d\u00edsla naprosto fale\u0161n\u00e1. L\u017eou n\u00e1m, v\u017edycky kdy\u017e otev\u0159ou pusu, tak n\u00e1m l\u017eou. Podle n\u00e1s tady v N\u011bmecku je 40 % lid\u00ed, co je\u0161t\u011b nejsou o\u010dkovan\u00ed. Oni tvrd\u00ed, \u017ee 80 % nebo i v\u00edc je nao\u010dkov\u00e1no, ale tomu nev\u011b\u0159\u00edme. To sam\u00e9 plat\u00ed ve Spojen\u00fdch st\u00e1tech a\u017e na to, \u017ee ve Spojen\u00fdch st\u00e1tech je to je\u0161t\u011b hor\u0161\u00ed, co se jich t\u00fd\u010de. Proto\u017ee my se domn\u00edv\u00e1me, \u017ee mo\u017en\u00e1 50-55 % jsou nao\u010dkovan\u00ed, v\u00edc ne.<\/p>\n<p>A lidi, co pracuj\u00ed ve zdravotnictv\u00ed, odch\u00e1zej\u00ed ze zam\u011bstn\u00e1n\u00ed. Budou muset uzav\u0159\u00edt cel\u00fd zdravotnick\u00fd pr\u016fmysl a my ud\u011bl\u00e1me to sam\u00e9 v Rakousku a v N\u011bmecku, proto\u017ee jsme zalo\u017eili odbory a jeden z nejd\u016fle\u017eit\u011bj\u0161\u00edch sekc\u00ed t\u011bchto odbor\u016f je zdravotnick\u00e1 sekce. Proto\u017ee my v\u00edme, \u017ee hodn\u011b \u010dlen\u016f zdravotnick\u00e9ho pr\u016fmyslu, v\u010detn\u011b a p\u0159edev\u0161\u00edm zdravotn\u00edch sester, se nao\u010dkovat nenechaj\u00ed. Tito lid\u00e9 pot\u0159ebuj\u00ed ochranu a proto jsme zalo\u017eili ty odbory.<\/p>\n<p><strong>Maria:<\/strong>\u00a0M\u00e1te v pl\u00e1nu ty odbory roz\u0161\u00ed\u0159it po cel\u00e9m sv\u011bt\u011b? Zalo\u017eit je pro ty lidi v\u0161ude?<\/p>\n<p><strong>Reiner:<\/strong>\u00a0Ano, u\u017e to spole\u010dn\u011b prob\u00edr\u00e1me v r\u00e1mci mezin\u00e1rodn\u00ed skupiny pr\u00e1vn\u00edk\u016f, ano.<\/p>\n<p><strong>Maria:<\/strong>\u00a0To je skv\u011bl\u00e1 zpr\u00e1va, skv\u011bl\u00e1 zpr\u00e1va. Tak\u017ee existuje nad\u011bje? Hodn\u011b lid\u00ed to v\u0161echno pova\u017euje za ztracen\u00e9. Sv\u011btov\u00e1 zdravotnick\u00e1 organizace n\u00e1m dala term\u00edn \u2013 do 1. \u010dervence 2022 bude pln\u011b nao\u010dkov\u00e1no 70 % sv\u011bta! A co pro n\u011b znamen\u00e1 \u201epln\u011b nao\u010dkov\u00e1no\u201c do 1. \u010dervence, kdy\u017e po\u0159\u00e1d posunuj\u00ed tu la\u0165ku. Ale my \u0159\u00edk\u00e1me, \u017ee tu je nad\u011bje. Dr. Fuellmichu, vy m\u00e1te Telegram a na t\u00e9 webov\u00e9 str\u00e1nce je uvedeno, \u017ee v\u00e1s lid\u00e9 tak\u00e9 najdou na str\u00e1nk\u00e1ch Korona vy\u0161et\u0159ovac\u00ed komise.<\/p>\n<p><strong>Reiner:\u00a0<\/strong>Ano, najdete to, ale v\u011bt\u0161inou je to v angli\u010dtin\u011b, mysl\u00edm, \u017ee tam je tla\u010d\u00edtko Angli\u010dtina, kdy\u017e na to klepnete, tak se v\u00e1m v\u0161echno otev\u0159e v angli\u010dtin\u011b. J\u00e1 t\u011bm IT z\u00e1le\u017eitostech moc nerozum\u00edm, ale kdy\u017e si to budete cht\u00edt naj\u00edt, tak ta n\u011bmeck\u00e1 webov\u00e1 str\u00e1nka je corona-ausschuss.de. \u201eAusschuss\u201c v n\u011bm\u010din\u011b znamen\u00e1 \u201ekomise\u201c. Tak\u00e9 m\u00e1m kan\u00e1l na Telegramu, o kter\u00fd se star\u00e1 m\u016fj p\u0159\u00edtel a mana\u017eer Korvin Robinstein. Denn\u011b dost\u00e1v\u00e1m stovky a stovky email\u016f, ale moji kolegov\u00e9 je filtruj\u00ed, tak\u017ee nakonec dost\u00e1v\u00e1m tak stovku denn\u011b, ale pak je tu dal\u0161\u00edch asi 150 zpr\u00e1v na Threema, Telegramu, Signal, Wire, na v\u0161ech t\u011bchto komunika\u010dn\u00edch serverech. Nav\u00edc mus\u00edm ps\u00e1t br\u00edfinky, v\u010dera ve\u010der jsem napsal p\u00e1r br\u00edfink\u016f, nav\u00edc d\u011bl\u00e1m rozhovory, hovory na Zoomu a telekonference, atd. atd. Ale j\u00e1 v\u00edm, \u017ee to za to stoj\u00ed. A tak\u00e9 v\u00edm, \u017ee je vid\u011bt pokrok.<\/p>\n<p><strong>Maria:\u00a0<\/strong>To r\u00e1da sly\u0161\u00edm. Po tomto rozhovoru p\u0159id\u00e1m pro div\u00e1ky odkazy, aby si mohli vyhledat, co se d\u011bje na va\u0161em Telegramu. Bude na va\u0161em Telegramu ozn\u00e1men\u00ed o tom dvout\u00fddenn\u00edm mezin\u00e1rodn\u00edm\u2026?<\/p>\n<p><strong>Reiner:<\/strong>\u00a0Ano, bude. Budeme se sna\u017eit, aby toto soudn\u00ed \u0159\u00edzen\u00ed z\u00edskalo co nejv\u011bt\u0161\u00ed pozornost, proto\u017ee na n\u011bm pracuje tolik opravdu skv\u011bl\u00fdch lid\u00ed, co nejv\u00edc pozornosti, proto\u017ee my v\u00edme, \u017ee\u2026 Jak \u0159\u00edk\u00e1 Catherine Austin Fittsov\u00e1: nen\u00ed to tolik o tom dostat od lid\u00ed ta obvin\u011bn\u00ed, je to hlavn\u011b o tom poskytnout lidem faktickou a pr\u00e1vn\u00ed platformu, na kter\u00e9 povstanou, zvednou se a postav\u00ed se t\u011bmhle parchant\u016fm. Pravd\u011bpodobn\u011b tam vystoup\u00ed n\u011bkolik profesor\u016f \u00fastavn\u00edho pr\u00e1va, kte\u0159\u00ed n\u00e1m \u0159eknou ze sv\u00e9ho pohledu, jestli v\u016fbec tohle budeme moct ud\u011blat.<\/p>\n<p>Proto\u017ee n\u011bmeck\u00e1 \u00dastava \u2013 na rozd\u00edl od v\u0161ech ostatn\u00edch \u2013 obsahuje \u010cl\u00e1nek 20, odst. 4, kter\u00fd v\u00fdslovn\u011b d\u00e1v\u00e1 lidu pr\u00e1vo na odpor, pokud jsou d\u016fkazy, \u017ee se n\u011bkdo sna\u017e\u00ed \u00fapln\u011b zlikvidovat \u00dastavu nebo demokracii. Nem\u00e1me jen n\u011bjak\u00fdch p\u00e1r d\u016fkaz\u016f, ale existuj\u00ed u\u017e jednozna\u010dn\u00e9 a p\u0159esv\u011bd\u010div\u00e9 d\u016fkazy o tom, co se te\u010f d\u011bje, proto\u017ee oni se sna\u017e\u00ed zav\u00e9st fa\u0161istick\u00fd syst\u00e9m a proto se mus\u00ed zbavit demokracie.<\/p>\n<p><strong>Maria:\u00a0<\/strong>A jak se maj\u00ed lid\u00e9 po cel\u00e9m sv\u011bt\u011b zapojit do toho, co se te\u010f d\u011bje?<\/p>\n<p><strong>Reiner:<\/strong>\u00a0Mysl\u00edm, \u017ee nejd\u016fle\u017eit\u011bj\u0161\u00ed je opat\u0159it si ty informace a \u0161\u00ed\u0159it je d\u00e1l. P\u0159edejte ty informace co nejv\u00edce lidem, proto\u017ee to je to, co n\u00e1m d\u00e1v\u00e1 s\u00edlu. Mus\u00edte v\u011bd\u011bt, co se d\u011bje, mus\u00edte zn\u00e1t pravdiv\u00e1 fakta.<\/p>\n<p><strong>Maria:\u00a0<\/strong>Rozhodn\u011b si mysl\u00edm, \u017ee \u0159\u00edkat lidem, co z\u016fst\u00e1vaj\u00ed neutr\u00e1ln\u00ed, \u017ee za ty zlo\u010diny proti lidstvu bude zah\u00e1jeno vy\u0161et\u0159ov\u00e1n\u00ed, \u017ee to je nepochybn\u011b zaujme. J\u00e1 osobn\u011b jsem mluvila s lidmi, kte\u0159\u00ed mi \u0159\u00edkali, \u017ee si pro dal\u0161\u00ed u\u017e rozhodn\u011b nep\u016fjdou, \u017ee to je absurdn\u00ed. Tak\u017ee ano, lid\u00e9 u\u017e se probouzej\u00ed a m\u00e1te pravdu \u2013 30 % populace se neprobud\u00ed a ti mo\u017en\u00e1 budou dokonce v\u011b\u0159it, a\u017e se to v\u0161echno proval\u00ed, \u017ee to v\u0161echno bylo pro na\u0161e zdrav\u00ed. Lid\u00e9 po\u0159\u00e1d je\u0161t\u011b maj\u00ed moc ve sv\u00fdch rukou. Dr. Fuellmichu, mockr\u00e1t v\u00e1m d\u011bkuji a vy div\u00e1ci se pros\u00edm p\u0159ihlaste na tento kan\u00e1l, dole v\u00e1m d\u00e1m v\u0161echny odkazy. D\u011bkuji, \u017ee jste se d\u00edvali a v\u0161ude tyto informace sd\u00edlejte, v\u0161ichni mus\u00ed v\u011bd\u011bt, \u017ee se ty l\u017ei u\u017e odhaluj\u00ed a u\u017e d\u00e1l tento pl\u00e1n nebudou moct skr\u00fdvat. To zabij\u00e1ck\u00e9 o\u010dkov\u00e1n\u00ed c\u00edlen\u00e9 na glob\u00e1ln\u00ed, masov\u00e9 sni\u017eov\u00e1n\u00ed populace mus\u00ed p\u0159estat! Dobrou noc v\u0161em a dobrou noc, Dr. Reinere Fuellmichu.<\/p>\n<p><strong>Reiner:<\/strong>\u00a0D\u011bkuji a hodn\u011b \u0161t\u011bst\u00ed! Nevzd\u00e1vejte se! Bojujte!<\/p>\n<p><strong>Maria:<\/strong>\u00a0D\u011bkuji, nep\u0159estaneme! Dobrou noc v\u0161em!<\/p>\n<p><a href=\"https:\/\/otevrisvoumysl.cz\/reiner-fuellmich-jaky-je-cil-covidu-a-ockovani-kam-to-cele-smeruje-odhaleni-podvodu-tito-lide-zaplati-vysokou-cenu\/\">ZDROJ<\/a><\/p>\n<p>&nbsp;<\/p>\n","protected":false},"excerpt":{"rendered":"<p>Ve zkratce&#8230; N\u011bmeck\u00fd pr\u00e1vn\u00edk Reiner Fuellmich v tomto rozhovoru skv\u011ble vystihuje podstatu toho, o \u010dem&#8230;<\/p>\n","protected":false},"author":2,"featured_media":8084,"comment_status":"closed","ping_status":"closed","sticky":false,"template":"","format":"standard","meta":[],"categories":[7],"tags":[213,259,1845,1288,324,889],"_links":{"self":[{"href":"https:\/\/www.infokuryr.cz\/n\/wp-json\/wp\/v2\/posts\/8083"}],"collection":[{"href":"https:\/\/www.infokuryr.cz\/n\/wp-json\/wp\/v2\/posts"}],"about":[{"href":"https:\/\/www.infokuryr.cz\/n\/wp-json\/wp\/v2\/types\/post"}],"author":[{"embeddable":true,"href":"https:\/\/www.infokuryr.cz\/n\/wp-json\/wp\/v2\/users\/2"}],"replies":[{"embeddable":true,"href":"https:\/\/www.infokuryr.cz\/n\/wp-json\/wp\/v2\/comments?post=8083"}],"version-history":[{"count":0,"href":"https:\/\/www.infokuryr.cz\/n\/wp-json\/wp\/v2\/posts\/8083\/revisions"}],"wp:featuredmedia":[{"embeddable":true,"href":"https:\/\/www.infokuryr.cz\/n\/wp-json\/wp\/v2\/media\/8084"}],"wp:attachment":[{"href":"https:\/\/www.infokuryr.cz\/n\/wp-json\/wp\/v2\/media?parent=8083"}],"wp:term":[{"taxonomy":"category","embeddable":true,"href":"https:\/\/www.infokuryr.cz\/n\/wp-json\/wp\/v2\/categories?post=8083"},{"taxonomy":"post_tag","embeddable":true,"href":"https:\/\/www.infokuryr.cz\/n\/wp-json\/wp\/v2\/tags?post=8083"}],"curies":[{"name":"wp","href":"https:\/\/api.w.org\/{rel}","templated":true}]}}