{"id":8082,"date":"2022-02-06T06:25:18","date_gmt":"2022-02-06T05:25:18","guid":{"rendered":"http:\/\/www.infokuryr.cz\/n\/?p=8082"},"modified":"2022-02-06T06:25:18","modified_gmt":"2022-02-06T05:25:18","slug":"americka-media-rusko-zautocilo-na-ukrajinu-a-pak-to-odvolali-provokace-jim-nevysla","status":"publish","type":"post","link":"https:\/\/www.infokuryr.cz\/n\/2022\/02\/06\/americka-media-rusko-zautocilo-na-ukrajinu-a-pak-to-odvolali-provokace-jim-nevysla\/","title":{"rendered":"Americk\u00e1 media: Rusko za\u00fato\u010dilo na Ukrajinu! A pak to odvolali, provokace jim nevy\u0161la?"},"content":{"rendered":"<div id=\"fb-root\"><\/div>\n<div><strong><a href=\"https:\/\/www.eurabia.cz\/Articles\/66324-bloomberg-rusko-vtrhlo-na-ukrajinu-.aspx\">Agentura Bloomberg na sv\u00e9m webu dnes v 16:00 EST\u00a0<\/a><\/strong><strong><a href=\"https:\/\/www.eurabia.cz\/Articles\/66324-bloomberg-rusko-vtrhlo-na-ukrajinu-.aspx\">(tj. v sobotu 5. 2.2022)\u00a0zve\u0159ejnila pod titulkem \u201aRusko napad\u00e1 Ukrajinu\u2018 informaci o &#8222;rusk\u00e9 invazi\u201c.\u00a0<\/a>Po n\u011bjak\u00e9 dob\u011b agentura \u00fadajn\u011b &#8222;p\u0159iznala chybu&#8220; a titulek odstranila.\u00a0Mo\u017en\u00e1 se \u010dasem dozv\u00edme, co se &#8222;zvrhlo&#8220; a pro\u010d nevy\u0161la z\u0159ejm\u011b dob\u0159e p\u0159ipraven\u00e1 provokace, kter\u00e1 m\u011bla v\u00e9st k ozna\u010den\u00ed RF za agresora a rozpout\u00e1n\u00ed v\u00e1le\u010dn\u00e9ho konfliktu. Pokud mo\u017eno na \u00fazem\u00ed v\u00fdchodn\u00ed Evropy. Bloomberg z\u0159ejm\u011b zapomn\u011bli informovat, \u017ee se to nepovedlo.<\/strong><\/div>\n<div><\/div>\n<div>\u010clov\u011bku man\u011b p\u0159ich\u00e1z\u00ed na mysl nejen &#8222;p\u0159ed\u010dasn\u00e1&#8220; informace o p\u00e1du &#8222;dvoj\u010dat&#8220; WTC 11\/9, kterou z\u0159ejm\u011b tak\u00e9 &#8222;omylem&#8220; pustila p\u0159ed\u010dasn\u011b do \u00e9teru jin\u00e1 americk\u00e1 agentura 20&#8242; p\u0159ed t\u00edm, ne\u017e se skute\u010dn\u011b z\u0159\u00edtila, ale i &#8222;zaru\u010den\u00e1&#8220; informace o vlastnictv\u00ed ZHN Saddamov\u00fdm re\u017eimem v Ir\u00e1ku. Nebo t\u0159eba pravda o tzv. &#8222;Tonkinsk\u00e9m incidentu&#8220;, kter\u00fd odstartoval americk\u00e9 dobrodru\u017estv\u00ed ve Vietnamu.<\/div>\n<div><\/div>\n<div><img decoding=\"async\" src=\"https:\/\/www.eurabia.cz\/UserFiles\/image\/nemeckoruskocitat.jpg\" alt=\"\" \/><\/div>\n<div><\/div>\n<div>Zp\u016fsob\u016f, jak rozpoutat v\u00e1le\u010dn\u00fd konflikt, je nep\u0159ebern\u00e9 mno\u017estv\u00ed. V naprost\u00e9 v\u011bt\u0161in\u011b p\u0159\u00edpad\u016f jde o malichern\u00e9, naaran\u017eovan\u00e9 nebo p\u0159\u00edmo vylhan\u00e9 z\u00e1minky, podobn\u00e9 t\u00e9 v Gliwic\u00edch, nebo provokace, obdobn\u00e9 &#8222;chemick\u00fdm \u00fatok\u016fm&#8220; v S\u00fdrii, kter\u00e9 vedly ke komick\u00e9mu, tot\u00e1ln\u011b zpackan\u00e9mu &#8222;hromadn\u00e9mu \u00faderu&#8220;, kdy naprost\u00e1 v\u011bt\u0161ina odp\u00e1len\u00fdch st\u0159el s plochou dr\u00e1hou letu USA, GB a Francie byla sest\u0159elena &#8222;zastaral\u00fdmi&#8220; syrsk\u00fdmi syst\u00e9my PVO, poch\u00e1zej\u00edc\u00edmi v\u011bt\u0161inov\u011b je\u0161t\u011b z dob SSSR.<\/div>\n<div><\/div>\n<div>Pokud bylo n\u011bco podobn\u00e9ho skute\u010dn\u011b p\u0159ipraveno na hranic\u00edch Ukrajiny a Ruska, tentokr\u00e1t viditeln\u011b narazila osv\u011bd\u010den\u00e1 &#8222;kosa&#8220; na pov\u011bstn\u00fd k\u00e1men. T\u011b\u017eko \u0159\u00edci, kdo byl hybatelem d\u011bn\u00ed za situace, kdy vlastn\u011b jedin\u00fdmi skute\u010dn\u00fdmi &#8222;v\u00e1le\u010dn\u00fdmi \u0161tv\u00e1\u010di&#8220; je p\u00e1r evropsk\u00fdch zem\u00ed (v\u010detn\u011b na\u0161\u00ed pidizemi\u010dky), hl\u00e1sn\u00e9 trouby v \u010dele EU a p\u00e1r lid\u00ed ve veden\u00ed de facto neexistuj\u00edc\u00ed organizace, zvan\u00e9 NATO. A\u0165 tak nebo tak, viditeln\u011b se to &#8222;n\u011bco&#8220; nepovedlo.<\/div>\n<div><\/div>\n<div>Na\u0161i politici viditeln\u011b nedok\u00e1\u017e\u00ed pochopit jednoduch\u00fd a z\u0159ejm\u00fd fakt, \u017ee z dlouhodob\u011b p\u0159ipravovan\u00e9ho konfliktu s Ruskem u\u017e couv\u00e1 nejen samotn\u00e1 Ukrajina, jej\u00edmu\u017e veden\u00ed je st\u00e1le jasn\u011bj\u0161\u00ed, k \u010demu by tato v\u00e1lka vedla, ale s v\u011bdom\u00edm faktu, \u017ee nedok\u00e1\u017e\u00ed zastavit pronikaj\u00edc\u00ed rusk\u00e9 hyperzvukov\u00e9 st\u0159ely, couvaj\u00ed i realisti\u010dt\u011bji uva\u017euj\u00edc\u00ed politi\u010dt\u00ed p\u0159edstavitel\u00e9 USA. M\u00edsto toho se v rozporu se z\u00e1kony \u010cR vesele pod\u00edlej\u00ed na p\u00e1ch\u00e1n\u00ed trestn\u00e9ho \u010dinu podle paragraf\u016f trestn\u00edho z\u00e1kon\u00edku, jasn\u011b hovo\u0159\u00edc\u00edch o trestnosti pod\u00edlu na p\u0159\u00edprav\u011b \u00fato\u010dn\u00e9 v\u00e1lky. Se sazbami od 8 do 10 let &#8222;natvrdo&#8220;.<\/div>\n<div><\/div>\n<div>Jaroslav \u0160tefec<\/div>\n<div><\/div>\n<div><img decoding=\"async\" loading=\"lazy\" class=\"alignnone size-medium wp-image-509\" src=\"http:\/\/www.infokuryr.cz\/n\/wp-content\/uploads\/2021\/04\/jaroslav-stefec-300x200.jpeg\" alt=\"\" width=\"300\" height=\"200\" srcset=\"https:\/\/www.infokuryr.cz\/n\/wp-content\/uploads\/2021\/04\/jaroslav-stefec-300x200.jpeg 300w, https:\/\/www.infokuryr.cz\/n\/wp-content\/uploads\/2021\/04\/jaroslav-stefec-1024x683.jpeg 1024w, https:\/\/www.infokuryr.cz\/n\/wp-content\/uploads\/2021\/04\/jaroslav-stefec-768x512.jpeg 768w, https:\/\/www.infokuryr.cz\/n\/wp-content\/uploads\/2021\/04\/jaroslav-stefec.jpeg 1200w\" sizes=\"(max-width: 300px) 100vw, 300px\" \/><\/div>\n<div><\/div>\n<div><\/div>\n","protected":false},"excerpt":{"rendered":"<p>Agentura Bloomberg na sv\u00e9m webu dnes v 16:00 EST\u00a0(tj. v sobotu 5. 2.2022)\u00a0zve\u0159ejnila pod titulkem&#8230;<\/p>\n","protected":false},"author":2,"featured_media":1062,"comment_status":"closed","ping_status":"closed","sticky":false,"template":"","format":"standard","meta":[],"categories":[6],"tags":[1844,28,29,22,26,37,40],"_links":{"self":[{"href":"https:\/\/www.infokuryr.cz\/n\/wp-json\/wp\/v2\/posts\/8082"}],"collection":[{"href":"https:\/\/www.infokuryr.cz\/n\/wp-json\/wp\/v2\/posts"}],"about":[{"href":"https:\/\/www.infokuryr.cz\/n\/wp-json\/wp\/v2\/types\/post"}],"author":[{"embeddable":true,"href":"https:\/\/www.infokuryr.cz\/n\/wp-json\/wp\/v2\/users\/2"}],"replies":[{"embeddable":true,"href":"https:\/\/www.infokuryr.cz\/n\/wp-json\/wp\/v2\/comments?post=8082"}],"version-history":[{"count":0,"href":"https:\/\/www.infokuryr.cz\/n\/wp-json\/wp\/v2\/posts\/8082\/revisions"}],"wp:featuredmedia":[{"embeddable":true,"href":"https:\/\/www.infokuryr.cz\/n\/wp-json\/wp\/v2\/media\/1062"}],"wp:attachment":[{"href":"https:\/\/www.infokuryr.cz\/n\/wp-json\/wp\/v2\/media?parent=8082"}],"wp:term":[{"taxonomy":"category","embeddable":true,"href":"https:\/\/www.infokuryr.cz\/n\/wp-json\/wp\/v2\/categories?post=8082"},{"taxonomy":"post_tag","embeddable":true,"href":"https:\/\/www.infokuryr.cz\/n\/wp-json\/wp\/v2\/tags?post=8082"}],"curies":[{"name":"wp","href":"https:\/\/api.w.org\/{rel}","templated":true}]}}