{"id":80815,"date":"2025-06-09T05:27:56","date_gmt":"2025-06-09T03:27:56","guid":{"rendered":"https:\/\/www.infokuryr.cz\/n\/?p=80815"},"modified":"2025-06-09T05:32:25","modified_gmt":"2025-06-09T03:32:25","slug":"ukrajina-odmita-od-rusu-prevzit-6-000-tel-svych-padlych-vojaku","status":"publish","type":"post","link":"https:\/\/www.infokuryr.cz\/n\/2025\/06\/09\/ukrajina-odmita-od-rusu-prevzit-6-000-tel-svych-padlych-vojaku\/","title":{"rendered":"Ukrajina odm\u00edt\u00e1 od Rus\u016f p\u0159evz\u00edt 6 000 t\u011bl sv\u00fdch padl\u00fdch voj\u00e1k\u016f &#8230;"},"content":{"rendered":"<div id=\"fb-root\"><\/div>\n<h4>Ukrajina odm\u00edt\u00e1 od Rus\u016f p\u0159evz\u00edt 6 000 t\u011bl sv\u00fdch padl\u00fdch voj\u00e1k\u016f, proto\u017ee by musela vdov\u00e1m vyplatit \u010d\u00e1stky od 500 000 do 2 500 000 h\u0159iven na z\u00e1klad\u011b smluv voj\u00e1k\u016f! A pen\u00edze v Kyjev\u011b na vyplacen\u00ed 6 000 kontrakt\u016f pr\u00fd nejsou! A geroj AFU naplno potvrdil slova n\u00e1\u010deln\u00edka Bundeswehru, \u017ee se bude bojovat do roku 2030, ne\u017e se NATO p\u0159ezbroj\u00ed a p\u0159ijde Ukrajin\u011b na pomoc!<\/h4>\n<p>Ji\u017e druh\u00fd den \u010dekaj\u00ed n\u00e1kladn\u00ed auta Ministerstva pro mimo\u0159\u00e1dn\u00e9 situace (\u041c\u0427\u0421) na hranic\u00edch s Ukrajinou, kde v chlad\u00edrensk\u00fdch autech jsou prvn\u00ed stovky z celkov\u00fdch 6 000 padl\u00fdch ukrajinsk\u00fdch voj\u00e1k\u016f, kter\u00e9 se Rusko zav\u00e1zalo p\u0159edat Ukrajin\u011b b\u011bhem posledn\u00edch m\u00edrov\u00fdch rozhovor\u016f v Istanbulu minul\u00fd t\u00fdden. Ukrajinci odm\u00edtaj\u00ed t\u011bla p\u0159evz\u00edt\u00a0<strong>[<a href=\"https:\/\/href.li\/?https:\/\/www.rt.com\/russia\/618774-ukraine-halts-prisoner-return-russia\/\" target=\"_blank\" rel=\"nofollow noopener\">1<\/a>]<\/strong>.<\/p>\n<p>Podle informac\u00ed na\u0161\u00ed redakce, kter\u00e9 jsme v ned\u011bli dostali od na\u0161ich rusk\u00fdch koleg\u016f, se cel\u00e1 operace zadrhla na ukrajinsk\u00e9 stran\u011b z naprosto prozaick\u00e9ho d\u016fvodu \u2013\u00a0<strong>Kyjev by p\u0159ijet\u00edm t\u011bl od Rus\u016f musel podle ukrajinsk\u00fdch z\u00e1kon\u016f v tom okam\u017eiku realizovat v\u00fdplatu tzv. \u201c<em>\u00famrtn\u00e9ho<\/em>\u201d padl\u00fdch voj\u00e1k\u016f<\/strong>, kte\u0159\u00ed m\u011bli podepsan\u00e9 smlouvy s AFU do speci\u00e1ln\u00edch a elitn\u00edch operac\u00ed. V\u00e1le\u010dn\u00fd korespondent Dmitrij Kulko nato\u010dil video s mrtvolami v chlad\u00edrensk\u00fdch vozech, kter\u00e9 si Ukrajinci necht\u011bj\u00ed p\u0159evz\u00edt.<\/p>\n<p>&nbsp;<\/p>\n<div id=\"rumble_v6saj1x\">\n<div id=\"vid_v6saj1x\" class=\"rumble_v6saj1x-Rumble-cls\" tabindex=\"-1\">\n<div class=\"bigPlayUI ctp\">\n<div class=\"bigPlayUIInner ctp\"><\/div>\n<\/div>\n<div class='videoWrapper'>\r\n\t            <iframe src='https:\/\/rumble.com\/embed\/pj.v6saj1x\/' frameborder='0' allowfullscreen><\/iframe>\r\n\t        <\/div>\n<\/div>\n<\/div>\n<p>&nbsp;<\/p>\n<p>Informaci odhalil seznam padl\u00fdch, kter\u00fd postupn\u011b uve\u0159ej\u0148uje Z\u00e1poro\u017esk\u00fd gubern\u00e1tor Jevgenij Balickij. Seznam je d\u016fkazem, \u017ee t\u011bla padl\u00fdch voj\u00e1k\u016f poch\u00e1z\u00ed z boji\u0161\u0165, kde AFU nasadila elitn\u00ed smluvn\u00ed jednotky. Jednalo se o boji\u0161t\u011b Kursk, Bachmut, Selidovo, Avd\u011bjevka, Pokrovsk, Soledar, Marinka, Andrejevka a dal\u0161\u00ed nejt\u011b\u017e\u0161\u00ed bojov\u00e9 z\u00f3ny, kam Kyjev a\u017e doned\u00e1vna pos\u00edlal ty nejelitn\u011bj\u0161\u00ed jednotky a dobrovoln\u00e9 voj\u00e1ky, aby dr\u017eeli a zpomalovali rusk\u00fd postup.<\/p>\n<p>Situace se zm\u011bnila a\u017e vloni v srpnu, kdy Kyjev spustil operaci v Kursk\u00e9 oblasti a za\u010dal elitn\u00ed formace z Donbasu stahovat do Ruska. Mnoho t\u011bl nachystan\u00fdch pro v\u00fdm\u011bnu tak poch\u00e1z\u00ed z boji\u0161\u0165 p\u0159ed zah\u00e1jen\u00edm Kursk\u00e9 operace vloni 6. srpna, a n\u011bkter\u00e1 t\u011bla z doby pot\u00e9. Rusov\u00e9 se o t\u011bla padl\u00fdch staraj\u00ed, maj\u00ed je zmrazen\u00e1 a jsou p\u0159ipraveni je p\u0159edat ukrajinsk\u00fdm rodin\u00e1m. Ukrajina v\u0161ak na mrtv\u00e9 ka\u0161le a chyst\u00e1 se na pokra\u010dov\u00e1n\u00ed v\u00e1lky.<\/p>\n<h3>Br\u00e1nit se budeme a\u017e do roku 2030, ne\u017e NATO p\u0159ezbroj\u00ed, aby se mohlo pohnout a p\u0159ij\u00edt na pomoc<\/h3>\n<p>P\u0159esn\u011b to potvrdil ukrajinsk\u00fd medi\u00e1ln\u00ed geroj a povol\u00e1n\u00edm u\u010ditel Janis Tere\u0161\u010denko, kter\u00fd v posledn\u00edm rozhovoru prohl\u00e1sil, \u017ee v\u00e1lka bude prodlou\u017eena a\u017e do roku 2030, proto\u017ee se bude \u010dekat, a\u017e NATO provede sv\u00e9 p\u0159ezbrojen\u00ed, kter\u00e9 ozn\u00e1mil gener\u00e1ln\u00ed tajemn\u00edk aliance Mark Rutte.<\/p>\n<p><strong>Ukrajina podle Tere\u0161\u010denka\u00a0mus\u00ed vydr\u017eet je\u0161t\u011b 5 let, a\u017e se bude moci NATO, podle jeho slov,\u00a0<em>\u201cpohnout\u201d<\/em>, tedy ve smyslu vstoupen\u00ed NATO do konfliktu na Ukrajin\u011b.<\/strong>\u00a0Do t\u00e9 doby pr\u00fd nem\u00e1 smysl o m\u00edru nebo p\u0159\u00edm\u011b\u0159\u00ed mluvit, proto\u017ee t\u0159eba v okol\u00ed Charkova je nasunuto tolik ukrajinsk\u00fdch a rusk\u00fdch voj\u00e1k\u016f, \u017ee tam ka\u017edou chv\u00edli m\u016f\u017ee vypuknout \u201c<em>Ragnarok<\/em>\u201c, tedy zni\u010duj\u00edc\u00ed v\u00e1lka, kter\u00e1 zni\u010d\u00ed cel\u00fd sv\u011bt.<\/p>\n<p>&nbsp;<\/p>\n<div id=\"rumble_v6sajin\">\n<div id=\"vid_v6sajin\" class=\"rumble_v6sajin-Rumble-cls\" tabindex=\"-1\">\n<div class=\"bigPlayUI ctp\">\n<div class=\"bigPlayUIInner ctp\"><\/div>\n<\/div>\n<div class='videoWrapper'>\r\n\t            <iframe src='https:\/\/rumble.com\/embed\/pj.v6sajin\/' frameborder='0' allowfullscreen><\/iframe>\r\n\t        <\/div>\n<\/div>\n<\/div>\n<p>&nbsp;<\/p>\n<p>Tere\u0161\u010denko prost\u011b pouze potvrdil to, o \u010dem mluvil\u00a0<strong>[<a href=\"https:\/\/aeronet.news\/nacelnik-generalniho-stabu-bundeswehru-ocekava-valku-nato-s-ruskem-nejpozdeji-v-roce-2029-a-cela-evropa-se-pry-musi-vyzbrojit-generalni-tajemnik-nato-k-tomu-dodal-ze-aliance-je-pry-silnejsi\/\">2<\/a>]<\/strong>\u00a0ned\u00e1vno Carsten Breuer, n\u00e1\u010deln\u00edk gen\u0161t\u00e1bu Bundeswehru, \u017ee NATO se mus\u00ed do roku 2029 p\u0159ipravit na v\u00e1lku s Ruskem. To je v podstat\u011b ten sam\u00fd \u010dasov\u00fd r\u00e1mec, o kter\u00e9m mluv\u00ed Tere\u0161\u010denko, tedy prodlou\u017eit v\u00e1lku a p\u0159e\u017e\u00edt prezidentov\u00e1n\u00ed Donalda Trumpa, kter\u00fd v lednu 2029 odejde z B\u00edl\u00e9ho domu do penze, a potom snad bude v USA jin\u00fd prezident, kter\u00fd bude pro-v\u00e1le\u010dn\u00fd, a podpo\u0159\u00ed vstup NATO do konfliktu na Ukrajin\u011b.<\/p>\n<p>Je to v podstat\u011b pl\u00e1n, kter\u00fd \u00fapln\u011b opovrhuje realitou americk\u00e9ho n\u00e1rodn\u00edho prediktora. Ten m\u00e1 obrovsk\u00e9 starosti s \u010c\u00ednou a Ukrajina je\u00a0<em>failed project<\/em>, jeho\u017e se chce prediktor zbavit a p\u0159ehodit ten projekt na bedra nacifikovan\u00e9 EU. A ta proto se pot\u0159ebuje na konflikt s Ruskem nejprve vyzbrojit. A to jsou ty 4 roky, o kter\u00fdch mluv\u00ed Breuer, resp. 5 let, o kter\u00fdch mluv\u00ed Tere\u0161\u010denko.<\/p>\n<h3>Ukrajina nechce p\u0159evz\u00edt sv\u00e9 mrtv\u00e9 voj\u00e1ky od Rus\u016f, navzdory dohod\u011b z Istanbulu<\/h3>\n<p>Ru\u0161t\u00ed p\u0159edstavitel\u00e9 tak odhalili toto\u017enost t\u00e9m\u011b\u0159 100 padl\u00fdch ukrajinsk\u00fdch voj\u00e1k\u016f, kte\u0159\u00ed byli mezi v\u00edce ne\u017e 6000, je\u017e Moskva nab\u00eddla Kyjevu k navr\u00e1cen\u00ed v r\u00e1mci jednostrann\u00e9ho humanit\u00e1rn\u00edho gesta podle dohod z Istanbulu. Gubern\u00e1tor rusk\u00e9 Z\u00e1poro\u017esk\u00e9 oblasti Jevgenij Balickij v sobotu zve\u0159ejnil\u00a0<strong>[<a href=\"https:\/\/href.li\/?https:\/\/t.me\/BalitskyEV\/5508\" target=\"_blank\" rel=\"nofollow noopener\">3<\/a>]<\/strong>\u00a0prvn\u00edch \u0161est str\u00e1nek obsahuj\u00edc\u00edch 97 jmen, identifika\u010dn\u00ed doklady a m\u00edsta \u00famrt\u00ed pot\u00e9, co Ukrajina \u00fadajn\u011b odm\u00edtla p\u0159ijmout ostatky tis\u00edc\u016f sv\u00fdch voj\u00e1k\u016f. Seznam m\u00e1te n\u00ed\u017ee v galerii.<\/p>\n<p><strong>\u201c<em>Za\u010d\u00edn\u00e1me zve\u0159ej\u0148ovat seznamy identifikovan\u00fdch t\u011bl, aby p\u0159\u00edbuzn\u00ed mohli naj\u00edt sv\u00e9 mrtv\u00e9<\/em>,\u201d napsal. \u201c<em>Ch\u00e1peme, \u017ee Kyjev tyto \u00fadaje m\u00e1, ale z\u00e1m\u011brn\u011b je p\u0159ed ve\u0159ejnost\u00ed taj\u00ed<\/em>.\u201d<\/strong>\u00a0V\u00fdsledkem istanbulsk\u00fdch rozhovor\u016f byla dohoda o v\u00fdm\u011bn\u011b nejm\u00e9n\u011b 1000 v\u011bz\u0148\u016f na obou stran\u00e1ch, v\u010detn\u011b kriticky nemocn\u00fdch a mlad\u0161\u00edch zadr\u017een\u00fdch. Rusko rovn\u011b\u017e nab\u00eddlo, \u017ee v r\u00e1mci jednostrann\u00e9 humanit\u00e1rn\u00ed iniciativy vr\u00e1t\u00ed v\u00edce ne\u017e 6 000 padl\u00fdch ukrajinsk\u00fdch voj\u00e1k\u016f k \u0159\u00e1dn\u00e9mu poh\u0159ben\u00ed.<\/p>\n<div id=\"td_uid_1_684649f91d173\" class=\"td-slide-on-2-columns\">\n<div class=\"post_galery_slide_1\">\n<div class=\"td-gallery-slide-top\">\n<div class=\"td-gallery-title\">Seznam padl\u00fdch AFU publikovan\u00fd Jevgenijem Balick\u00fdm<\/div>\n<div class=\"td-gallery-controls-wrapper\">\n<div class=\"td-gallery-slide-count\"><span class=\"td-gallery-slide-item-focus\">1<\/span>\u00a0of 6<\/div>\n<div class=\"td-gallery-slide-prev-next-but\"><i class=\"td-icon-left doubleSliderPrevButton\"><\/i>\u00a0<i class=\"td-icon-right doubleSliderNextButton\"><\/i><\/div>\n<\/div>\n<\/div>\n<div class=\"td-doubleSlider-1\">\n<div class=\"td-slider\">\n<div class=\"td-slide-item td-item1\">\n<figure class=\"td-slide-galery-figure td-slide-popup-gallery\"><a class=\"slide-gallery-image-link\" title=\"AFU_DeadSoldiers1\" href=\"https:\/\/aeronet.news\/wp-content\/uploads\/AFU_DeadSoldiers1.jpg\" data-caption=\"\" data-description=\"\"><img decoding=\"async\" loading=\"lazy\" class=\"aligncenter\" src=\"https:\/\/aeronet.news\/wp-content\/uploads\/AFU_DeadSoldiers1-248x357.jpg\" alt=\"\" width=\"455\" height=\"655\" \/><\/a><\/figure>\n<\/div>\n<div class=\"td-slide-item td-item2\">\n<figure class=\"td-slide-galery-figure td-slide-popup-gallery\"><a class=\"slide-gallery-image-link\" title=\"AFU_DeadSoldiers2\" href=\"https:\/\/aeronet.news\/wp-content\/uploads\/AFU_DeadSoldiers2.jpg\" data-caption=\"\" data-description=\"\"><img decoding=\"async\" loading=\"lazy\" class=\"aligncenter\" src=\"https:\/\/aeronet.news\/wp-content\/uploads\/AFU_DeadSoldiers2-242x357.jpg\" alt=\"\" width=\"439\" height=\"647\" \/><\/a><\/figure>\n<\/div>\n<div class=\"td-slide-item td-item3\">\n<figure class=\"td-slide-galery-figure td-slide-popup-gallery\"><a class=\"slide-gallery-image-link\" title=\"AFU_DeadSoldiers3\" href=\"https:\/\/aeronet.news\/wp-content\/uploads\/AFU_DeadSoldiers3.jpg\" data-caption=\"\" data-description=\"\"><img decoding=\"async\" loading=\"lazy\" class=\"aligncenter\" src=\"https:\/\/aeronet.news\/wp-content\/uploads\/AFU_DeadSoldiers3-242x357.jpg\" alt=\"\" width=\"432\" height=\"637\" \/><\/a><\/figure>\n<\/div>\n<div class=\"td-slide-item td-item4\">\n<figure class=\"td-slide-galery-figure td-slide-popup-gallery\"><a class=\"slide-gallery-image-link\" title=\"AFU_DeadSoldiers4\" href=\"https:\/\/aeronet.news\/wp-content\/uploads\/AFU_DeadSoldiers4.jpg\" data-caption=\"\" data-description=\"\"><img decoding=\"async\" loading=\"lazy\" class=\"aligncenter\" src=\"https:\/\/aeronet.news\/wp-content\/uploads\/AFU_DeadSoldiers4-243x357.jpg\" alt=\"\" width=\"430\" height=\"631\" \/><\/a><\/figure>\n<\/div>\n<div class=\"td-slide-item td-item5\">\n<figure class=\"td-slide-galery-figure td-slide-popup-gallery\"><a class=\"slide-gallery-image-link\" title=\"AFU_DeadSoldiers5\" href=\"https:\/\/aeronet.news\/wp-content\/uploads\/AFU_DeadSoldiers5.jpg\" data-caption=\"\" data-description=\"\"><img decoding=\"async\" loading=\"lazy\" class=\"aligncenter\" src=\"https:\/\/aeronet.news\/wp-content\/uploads\/AFU_DeadSoldiers5-251x357.jpg\" alt=\"\" width=\"436\" height=\"620\" \/><\/a><\/figure>\n<\/div>\n<div class=\"td-slide-item td-item6\">\n<figure class=\"td-slide-galery-figure td-slide-popup-gallery\"><a class=\"slide-gallery-image-link\" title=\"AFU_DeadSoldiers6\" href=\"https:\/\/aeronet.news\/wp-content\/uploads\/AFU_DeadSoldiers6.jpg\" data-caption=\"\" data-description=\"\"><img decoding=\"async\" loading=\"lazy\" class=\"aligncenter\" src=\"https:\/\/aeronet.news\/wp-content\/uploads\/AFU_DeadSoldiers6-258x357.jpg\" alt=\"\" width=\"431\" height=\"596\" \/><\/a><\/figure>\n<\/div>\n<\/div>\n<\/div>\n<div class=\"td-doubleSlider-2 td_center_slide2\">\n<div class=\"td-slider\">\n<div class=\"td-button td-item1\">\n<div class=\"td-border\">Podle gener\u00e1lporu\u010d\u00edka Alexandra Zorina, \u010dlena rusk\u00e9ho vyjedn\u00e1vac\u00edho t\u00fdmu, dorazil prvn\u00ed konvoj s ostatky 1212 voj\u00e1k\u016f na ur\u010den\u00e9 m\u00edsto v\u00fdm\u011bny v sobotu \u2013 ale ukrajinsk\u00e1 strana se nedostavila. \u201c<em>Ukrajinsk\u00e1 strana ne\u010dekan\u011b odlo\u017eila jak p\u0159evzet\u00ed t\u011bl, tak v\u00fdm\u011bnu v\u00e1le\u010dn\u00fdch zajatc\u016f na neur\u010dito<\/em>,\u201d uvedl Zorin. Hlavn\u00ed rusk\u00fd vyjednava\u010d Vladimir Medinskij potvrdil, \u017ee Kyjevu byl p\u0159ed\u00e1n seznam 640 zran\u011bn\u00fdch a mlad\u00fdch zajatc\u016f, kte\u0159\u00ed se v\u0161ak na m\u00edsto v\u00fdm\u011bny nedostavili.<\/div>\n<\/div>\n<\/div>\n<\/div>\n<\/div>\n<\/div>\n<p>\u201c<em>Uveden\u00e9 d\u016fvody byly r\u016fzn\u00e9 a pon\u011bkud podivn\u00e9<\/em>,\u201d \u0159ekl a vyzval Kyjev, aby \u201c<em>striktn\u011b dodr\u017eoval harmonogram a dohody<\/em>\u201d a zajistil mrtv\u00fdm \u0159\u00e1dn\u00fd poh\u0159eb. Ukrajinsk\u00fd koordina\u010dn\u00ed \u0161t\u00e1b obvin\u011bn\u00ed odm\u00edtl, tvrd\u00ed, \u017ee ob\u011b strany se na v\u00fdm\u011bnu zajatc\u016f a t\u011bl p\u0159ipravovaly. Ukrajinsk\u00e1 m\u00e9dia pozd\u011bji uvedla, \u017ee proces byl odlo\u017een na p\u0159\u00ed\u0161t\u00ed t\u00fdden, a\u010dkoli \u017e\u00e1dn\u00fd nov\u00fd ofici\u00e1ln\u00ed term\u00edn nebyl potvrzen.<\/p>\n<h3>Za neochotou k vyzvednut\u00ed t\u011bl voj\u00e1k\u016f AFU jsou finan\u010dn\u00ed kompenzace vdov\u00e1m a d\u011btem vypl\u00fdvaj\u00edc\u00edch ze slu\u017eebn\u00edch smluv padl\u00fdch voj\u00e1k\u016f<\/h3>\n<p>Neofici\u00e1ln\u00ed d\u016fvod ale ji\u017e v redakc\u00ed zn\u00e1me. T\u00edm je podle rusk\u00fdch koleg\u016f novin\u00e1\u0159\u016f pr\u00e1zdn\u00e1 st\u00e1tn\u00ed kasa v Kyjev\u011b. Nen\u00ed pr\u00fd jasn\u00e9, kolik z t\u011bch 6 000 padl\u00fdch voj\u00e1k\u016f AFU m\u011blo profesion\u00e1ln\u00ed smlouvy s AFU, a kolik jich bylo n\u00e1siln\u011b mobilizov\u00e1no bez lukrativn\u00edch smluv, ale vzhledem k tomu, \u017ee jde ve v\u011bt\u0161in\u011b p\u0159\u00edpad\u016f o p\u0159\u00edslu\u0161n\u00edky elitn\u00edch brig\u00e1d AFU nasazen\u00fdch na medi\u00e1ln\u011b nejexponovan\u011bj\u0161\u00edch sm\u011brech na \u010dele s Kurskou oblast\u00ed a sm\u011brem Soledar \u2013 Bachmut \u2013 Avd\u011bjevka, tak se bez velk\u00fdch pochyb jedn\u00e1 o elitn\u00ed dobrovoln\u00e9 voj\u00e1ky se smlouvami.<\/p>\n<p><strong>A tyto smlouvy maj\u00ed sjednanou tzv. v\u00fdplatu \u201c\u00famrtn\u00e9ho\u201d vdov\u00e1m, p\u0159i\u010dem\u017e \u010d\u00e1stka se pohybuje\u00a0od 500 000 h\u0159iven do 2 500 000 h\u0159iven.<\/strong>\u00a0A to nen\u00ed v\u0161echno. Vdov\u00e1m n\u00e1le\u017e\u00ed krom\u011b toho pravideln\u00fd vdovsk\u00fd d\u016fchod po mrtv\u00e9m man\u017eelovi a rovn\u011b\u017e st\u00e1tem hrazen\u00e9 v\u00fd\u017eivn\u00e9 na nezletil\u00e9 d\u011bti, p\u0159\u00edpadn\u011b p\u0159\u00edsp\u011bvky pro zletil\u00e9 d\u011bti studuj\u00edc\u00ed na V\u0160, a to do v\u011bku 26 let. Jedna h\u0159ivna je zhruba 50 \u010desk\u00fdch hal\u00e9\u0159\u016f, tak\u017ee ty sumy vyd\u011blte dv\u011bma a m\u00e1te v\u00fd\u0161ky \u00famrtn\u00e9ho v korun\u00e1ch. Na \u010desk\u00e9 pom\u011bry to nen\u00ed moc, ale na ukrajinsk\u00e9 pom\u011bry jde o hotov\u00fd majlant.<\/p>\n<figure id=\"attachment_63809\" class=\"wp-caption aligncenter\" style=\"width: 696px;\"><a href=\"https:\/\/aeronet.news\/wp-content\/uploads\/JevgenijBalickij.jpg\"><img decoding=\"async\" loading=\"lazy\" class=\"wp-image-63809 \" src=\"https:\/\/aeronet.news\/wp-content\/uploads\/JevgenijBalickij-1024x576.jpg\" sizes=\"(max-width: 700px) 100vw, 700px\" srcset=\"https:\/\/aeronet.news\/wp-content\/uploads\/JevgenijBalickij-1024x576.jpg 1024w, https:\/\/aeronet.news\/wp-content\/uploads\/JevgenijBalickij-300x169.jpg 300w, https:\/\/aeronet.news\/wp-content\/uploads\/JevgenijBalickij-768x432.jpg 768w, https:\/\/aeronet.news\/wp-content\/uploads\/JevgenijBalickij-700x394.jpg 700w, https:\/\/aeronet.news\/wp-content\/uploads\/JevgenijBalickij-635x357.jpg 635w, https:\/\/aeronet.news\/wp-content\/uploads\/JevgenijBalickij-859x483.jpg 859w, https:\/\/aeronet.news\/wp-content\/uploads\/JevgenijBalickij.jpg 1280w\" alt=\"\" width=\"696\" height=\"392\" \/><\/a><figcaption class=\"wp-caption-text\">Jevgenij Balickij, gubern\u00e1tor Z\u00e1poro\u017esk\u00e9 oblasti<\/figcaption><\/figure>\n<p>Gubern\u00e1tor Balickij uvedl\u00a0\u00fapln\u011b stejn\u00fd n\u00e1zor. Obvinil Kyjev, \u017ee z\u00e1m\u011brn\u011b br\u00e1n\u00ed navr\u00e1cen\u00ed t\u011bl, a tvrd\u00ed, \u017ee se ukrajinsk\u00e9 \u00fa\u0159ady sna\u017e\u00ed utajit rozsah sv\u00fdch vojensk\u00fdch ztr\u00e1t a vyhnout se vyplacen\u00ed od\u0161kodn\u00e9ho rodin\u00e1m mrtv\u00fdch. \u201c<em>Dokud bude ukrajinsk\u00fd voj\u00e1k veden jako nezv\u011bstn\u00fd, nedostane jeho rodina ani h\u0159ivnu pomoci<\/em>,\u201d uvedl gubern\u00e1tor.<\/p>\n<p>\u201c<em>Je to promy\u0161len\u00e1 snaha zakr\u00fdt ztr\u00e1ty a u\u0161et\u0159it pen\u00edze.<\/em>\u201d Odm\u00edtnut\u00ed vyzvednout t\u011bla je sou\u010d\u00e1st\u00ed \u0161ir\u0161\u00edho vzorce poru\u0161ov\u00e1n\u00ed pravidel ze strany Ukrajiny, tvrd\u00ed Balickij a tvrd\u00ed, \u017ee Kyjev \u201c<em>se ani nepokou\u0161\u00ed dodr\u017eovat dohody<\/em>\u201c. Obvinil tak\u00e9 z\u00e1padn\u00ed zem\u011b, \u017ee \u201c<em>ma\u0159\u00ed snahy o m\u00edrov\u00e9 \u0159e\u0161en\u00ed<\/em>\u201d t\u00edm, \u017ee nad\u00e1le vyzbrojuj\u00ed Kyjev a eskaluj\u00ed konflikt.<\/p>\n<h3>Rusov\u00e9 ji\u017e vn\u00edmaj\u00ed N\u011bmce a Brity za v\u011bt\u0161\u00ed nep\u0159\u00e1tele ne\u017e USA<\/h3>\n<p>Spolu s t\u00edm se m\u011bn\u00ed i v Rusku ve\u0159ejn\u00e9 m\u00edn\u011bn\u00ed a vn\u00edman\u00ed toho, kdo je nejv\u011bt\u0161\u00ed nep\u0159\u00edtel.\u00a0<strong>Rusov\u00e9 u\u017e nepova\u017euj\u00ed USA za \u201c<em>nejnep\u0159\u00e1tel\u0161t\u011bj\u0161\u00ed zemi<\/em>\u201d a tento titul nyn\u00ed pat\u0159\u00ed N\u011bmecku [<a href=\"https:\/\/href.li\/?https:\/\/www.rt.com\/russia\/618794-us-germany-uk-ukraine\/\" target=\"_blank\" rel=\"nofollow noopener\">4<\/a>]<\/strong>, vypl\u00fdv\u00e1 z pr\u016fzkumu Levada Center, organizace financovan\u00e9 Z\u00e1padem, kter\u00e1 byla v Rusku ozna\u010dena za \u201c<em>zahrani\u010dn\u00edho agenta<\/em>\u201c. Spojen\u00e9 st\u00e1ty poprv\u00e9 po 13 letech ztratily prvn\u00ed m\u00edsto a v pr\u016fzkumu, kter\u00fd byl zve\u0159ejn\u011bn ve \u010dtvrtek, klesly na \u010dtvrtou p\u0159\u00ed\u010dku.<\/p>\n<p>Pouze 40% dot\u00e1zan\u00fdch uvedlo USA mezi hlavn\u00edmi nep\u0159\u00e1teli Ruska, p\u0159i\u010dem\u017e jejich po\u010det se oproti lo\u0148sk\u00e9mu roku sn\u00ed\u017eil o 36%, uvedla agentura. Postoj k Americe se zm\u011bnil s n\u00e1vratem americk\u00e9ho prezidenta Donalda Trumpa.<\/p>\n<figure id=\"attachment_61647\" class=\"wp-caption aligncenter\" style=\"width: 698px;\"><a href=\"https:\/\/aeronet.news\/wp-content\/uploads\/FriedrichMerzFists.jpg\"><img decoding=\"async\" loading=\"lazy\" class=\"wp-image-61647 \" src=\"https:\/\/aeronet.news\/wp-content\/uploads\/FriedrichMerzFists-1024x574.jpg\" sizes=\"(max-width: 700px) 100vw, 700px\" srcset=\"https:\/\/aeronet.news\/wp-content\/uploads\/FriedrichMerzFists-1024x574.jpg 1024w, https:\/\/aeronet.news\/wp-content\/uploads\/FriedrichMerzFists-300x168.jpg 300w, https:\/\/aeronet.news\/wp-content\/uploads\/FriedrichMerzFists-768x431.jpg 768w, https:\/\/aeronet.news\/wp-content\/uploads\/FriedrichMerzFists-700x393.jpg 700w, https:\/\/aeronet.news\/wp-content\/uploads\/FriedrichMerzFists-636x357.jpg 636w, https:\/\/aeronet.news\/wp-content\/uploads\/FriedrichMerzFists-861x483.jpg 861w, https:\/\/aeronet.news\/wp-content\/uploads\/FriedrichMerzFists.jpg 1280w\" alt=\"\" width=\"698\" height=\"392\" \/><\/a><figcaption class=\"wp-caption-text\">Friedrich Merz, n\u011bmeck\u00fd kancl\u00e9\u0159<\/figcaption><\/figure>\n<p>Od jeho inaugurace B\u00edl\u00fd d\u016fm vyv\u00edj\u00ed \u00fasil\u00ed o zprost\u0159edkov\u00e1n\u00ed diplomatick\u00e9ho \u0159e\u0161en\u00ed konfliktu na Ukrajin\u011b, poznamenal pr\u016fzkum ve\u0159ejn\u00e9ho m\u00edn\u011bn\u00ed. Podle studie je nyn\u00ed na prvn\u00edm m\u00edst\u011b N\u011bmecko, kter\u00e9 56% respondent\u016f ozna\u010dilo za \u201c<em>nep\u0159\u00e1telskou zemi<\/em>\u201d v\u016f\u010di Rusku, n\u00e1sleduje Spojen\u00e9 kr\u00e1lovstv\u00ed se 49% a Ukrajina se 43%. Tyto posuny zkr\u00e1tka potvrzuj\u00ed, \u017ee financov\u00e1n\u00ed t\u00e9to v\u00e1lky na Ukrajin\u011b se m\u011bn\u00ed. Berl\u00edn a Lond\u00fdn jsou znovu po 90 letech od poloviny 30. let minul\u00e9ho stolet\u00ed spolu v jedn\u00e9 posteli a znovu financuj\u00ed zbrojen\u00ed a pl\u00e1nuj\u00ed celoevropsk\u00e9 ta\u017een\u00ed proti Rusku.<\/p>\n<h3>NATO mus\u00ed p\u0159ezbrojit, aby mohlo vstoupit do boj\u016f na Ukrajin\u011b mezi roky 2029 a\u017e 2030<\/h3>\n<p><strong>A na to p\u0159ezbrojen\u00ed NATO budou cht\u00edt pou\u017e\u00edt pen\u00edze z bankovn\u00edch \u00faspor obyvatel EU, podle n\u00e1vrhu [<a href=\"https:\/\/aeronet.news\/sergej-lavrov-vystoupil-na-americke-televizi-a-potvrdil-ze-mezi-usa-a-ruskem-je-na-stole-dohoda-ve-ktere-se-ladi-posledni-detaily-tiskova-mluvci-bileho-domu-potvrdila-ze-trumpovi-dochazi-s-kyjevem\/#:~:text=Vrchn%C3%AD%20euronacistka%20a,takov%C3%A9ho%20investov%C3%A1n%C3%AD%20hrnuli.\">5<\/a>] nejvy\u0161\u0161\u00ed nacistky v EU, Ursuly von der Leyen.<\/strong>\u00a0Prost\u011b pl\u00e1n na v\u00e1le\u010dn\u00e9 dluhopisy nab\u00edzen\u00e9 400 milion\u016fm obyvatel EU. Bez Ukrajiny by ten pl\u00e1n nebyl. Bez v\u00e1lky by ten pl\u00e1n nevznikl. Bez oboj\u00edho by \u017e\u00e1dn\u00fd pl\u00e1n na z\u00e1chranu kolabuj\u00edc\u00ed euro-ekonomiky nep\u0159i\u0161el. Je to kopie toho, co d\u011blal Hitler.<\/p>\n<p>Nejprve mohutn\u00fdm zbrojen\u00edm vy\u0159e\u0161il nezam\u011bstnanost, chudobu a b\u00eddu, a pot\u00e9 vyt\u00e1hl s celou Evropou do Ruska, aby bylo z \u010deho spl\u00e1cet ty \u00fav\u011bry od Rothschilda za to zbrojen\u00ed, kter\u00e9 tomu p\u0159edch\u00e1zelo. Dnes je to stejn\u00e9, resp. podobn\u00e9. EU nabrala \u00fav\u011bry na nesmysly, na Green Dealy a zelen\u00e9 programy, na covidov\u00e9 programy, na dotovan\u00e1 elektrick\u00e1 auta, ale te\u010f nen\u00ed z \u010deho ty \u00fav\u011bry spl\u00e1cet.<\/p>\n<p><a href=\"https:\/\/aeronet.news\/wp-content\/uploads\/UrsulaVonDerLeyenNazi.jpg\"><img decoding=\"async\" loading=\"lazy\" class=\"wp-image-63647 aligncenter\" src=\"https:\/\/aeronet.news\/wp-content\/uploads\/UrsulaVonDerLeyenNazi.jpg\" sizes=\"(max-width: 1280px) 100vw, 1280px\" srcset=\"https:\/\/aeronet.news\/wp-content\/uploads\/UrsulaVonDerLeyenNazi.jpg 1280w, https:\/\/aeronet.news\/wp-content\/uploads\/UrsulaVonDerLeyenNazi-300x195.jpg 300w, https:\/\/aeronet.news\/wp-content\/uploads\/UrsulaVonDerLeyenNazi-768x500.jpg 768w, https:\/\/aeronet.news\/wp-content\/uploads\/UrsulaVonDerLeyenNazi-1024x667.jpg 1024w, https:\/\/aeronet.news\/wp-content\/uploads\/UrsulaVonDerLeyenNazi-700x456.jpg 700w, https:\/\/aeronet.news\/wp-content\/uploads\/UrsulaVonDerLeyenNazi-100x65.jpg 100w, https:\/\/aeronet.news\/wp-content\/uploads\/UrsulaVonDerLeyenNazi-548x357.jpg 548w, https:\/\/aeronet.news\/wp-content\/uploads\/UrsulaVonDerLeyenNazi-741x483.jpg 741w\" alt=\"\" width=\"809\" height=\"527\" \/><\/a><\/p>\n<p>A proto je t\u0159eba za\u010d\u00edt zbrojit a vyvolat do roku 2029 v\u00e1lku s Ruskem, aby m\u011bla EU nov\u00e9 majetky, nov\u00e9 pozemky, nov\u00e9 nerostn\u00e9 suroviny, prost\u011b nov\u00e1 aktiva, ze kter\u00fdch by mohla hradit \u00fav\u011bry a financovat sv\u016fj rozvoj. Kdy\u017e to nevy\u0161lo Hitlerovi, tak to je\u0161t\u011b neznamen\u00e1, \u017ee se Berl\u00edn a Lond\u00fdn se skupinkou znacifikovan\u00e9 tlupy dal\u0161\u00edch ochotn\u00fdch o to nepokus\u00ed po v\u00edce n\u011b\u017e 80 letech znovu.<\/p>\n<p>Pam\u011btn\u00edci II. sv. v\u00e1lky ji\u017e um\u0159eli, a\u017e na v\u00fdjimky, tak\u017ee je mo\u017en\u00e9 znovu proces zopakovat, znovu znacifikovat Evropu, znovu roz\u0161\u00ed\u0159it nen\u00e1vist proti Rus\u016fm a znovu vehnat evropsk\u00e9 n\u00e1rody do dobrodru\u017estv\u00ed v z\u00e1jmu Domu Sion. O ni\u010dem jin\u00e9m to nen\u00ed. V\u00e1lka na revan\u0161 proti Rusovi!<\/p>\n<p><a href=\"https:\/\/aeronet.news\/ukrajina-odmita-od-rusu-prevzit-6-000-tel-svych-padlych-vojaku-protoze-by-musela-vdovam-vyplatit-castky-od-500-000-do-2-500-000-hriven-na-zaklade-smluv-vojaku-a-penize-v-kyjeve-na-vyplaceni\/\">-VK-<\/a><\/p>\n","protected":false},"excerpt":{"rendered":"<p>Ukrajina odm\u00edt\u00e1 od Rus\u016f p\u0159evz\u00edt 6 000 t\u011bl sv\u00fdch padl\u00fdch voj\u00e1k\u016f, proto\u017ee by musela vdov\u00e1m&#8230;<\/p>\n","protected":false},"author":2,"featured_media":80816,"comment_status":"closed","ping_status":"closed","sticky":false,"template":"","format":"standard","meta":[],"categories":[6],"tags":[1042,41,45,353,39,26],"_links":{"self":[{"href":"https:\/\/www.infokuryr.cz\/n\/wp-json\/wp\/v2\/posts\/80815"}],"collection":[{"href":"https:\/\/www.infokuryr.cz\/n\/wp-json\/wp\/v2\/posts"}],"about":[{"href":"https:\/\/www.infokuryr.cz\/n\/wp-json\/wp\/v2\/types\/post"}],"author":[{"embeddable":true,"href":"https:\/\/www.infokuryr.cz\/n\/wp-json\/wp\/v2\/users\/2"}],"replies":[{"embeddable":true,"href":"https:\/\/www.infokuryr.cz\/n\/wp-json\/wp\/v2\/comments?post=80815"}],"version-history":[{"count":0,"href":"https:\/\/www.infokuryr.cz\/n\/wp-json\/wp\/v2\/posts\/80815\/revisions"}],"wp:featuredmedia":[{"embeddable":true,"href":"https:\/\/www.infokuryr.cz\/n\/wp-json\/wp\/v2\/media\/80816"}],"wp:attachment":[{"href":"https:\/\/www.infokuryr.cz\/n\/wp-json\/wp\/v2\/media?parent=80815"}],"wp:term":[{"taxonomy":"category","embeddable":true,"href":"https:\/\/www.infokuryr.cz\/n\/wp-json\/wp\/v2\/categories?post=80815"},{"taxonomy":"post_tag","embeddable":true,"href":"https:\/\/www.infokuryr.cz\/n\/wp-json\/wp\/v2\/tags?post=80815"}],"curies":[{"name":"wp","href":"https:\/\/api.w.org\/{rel}","templated":true}]}}