{"id":80813,"date":"2025-06-09T05:23:23","date_gmt":"2025-06-09T03:23:23","guid":{"rendered":"https:\/\/www.infokuryr.cz\/n\/?p=80813"},"modified":"2025-06-09T05:23:23","modified_gmt":"2025-06-09T03:23:23","slug":"rusove-nasli-noveho-nejvetsiho-nepritele-ktery-nahradi-usa-tvrdi-pruzkum","status":"publish","type":"post","link":"https:\/\/www.infokuryr.cz\/n\/2025\/06\/09\/rusove-nasli-noveho-nejvetsiho-nepritele-ktery-nahradi-usa-tvrdi-pruzkum\/","title":{"rendered":"Rusov\u00e9 na\u0161li nov\u00e9ho nejv\u011bt\u0161\u00edho nep\u0159\u00edtele, kter\u00fd nahrad\u00ed USA, tvrd\u00ed pr\u016fzkum"},"content":{"rendered":"<div id=\"fb-root\"><\/div>\n<h3>Amerika podle pr\u016fzkumu poprv\u00e9 za 13 let ztratila prvn\u00ed m\u00edsto v \u017eeb\u0159\u00ed\u010dku<\/h3>\n<p><span>Rusov\u00e9 u\u017e USA nepova\u017euj\u00ed za\u00a0<\/span><em><span>\u201enejnep\u0159\u00e1tel\u0161t\u011bj\u0161\u00ed zemi\u201c<\/span><\/em><span>\u00a0a tento titul nyn\u00ed pat\u0159\u00ed N\u011bmecku, jak vypl\u00fdv\u00e1 z pr\u016fzkumu Levada Center, organizace financovan\u00e9 Z\u00e1padem, kter\u00e1 byla\u00a0v Rusku ozna\u010dena za\u00a0<\/span><em><span>\u201ezahrani\u010dn\u00edho agenta\u201c .<\/span><\/em><\/p>\n<p><span>USA poprv\u00e9 za 13 let ztratily prvn\u00ed m\u00edsto a v pr\u016fzkumu, kter\u00fd byl zve\u0159ejn\u011bn ve \u010dtvrtek, klesly na \u010dtvrt\u00e9 m\u00edsto.<\/span><\/p>\n<p><span>Pouze 40 % dot\u00e1zan\u00fdch uvedlo USA mezi hlavn\u00edmi nep\u0159\u00e1teli Ruska, p\u0159i\u010dem\u017e toto \u010d\u00edslo se ve srovn\u00e1n\u00ed s lo\u0148sk\u00fdm rokem sn\u00ed\u017eilo o 36 %, uvedla zpr\u00e1va.<\/span><\/p>\n<p><span>Postoje k Americe se zm\u011bnily s n\u00e1vratem americk\u00e9ho prezidenta Donalda Trumpa. Pr\u016fzkumn\u00edk poznamenal, \u017ee B\u00edl\u00fd d\u016fm se od jeho inaugurace sna\u017e\u00ed zprost\u0159edkovat diplomatick\u00e9 \u0159e\u0161en\u00ed ukrajinsk\u00e9ho konfliktu.<\/span><\/p>\n<p><span>Podle studie je nyn\u00ed na prvn\u00edm m\u00edst\u011b N\u011bmecko, kter\u00e9 56 % respondent\u016f ozna\u010duje za\u00a0<\/span><em><span>\u201enep\u0159\u00e1telskou zemi\u201c<\/span><\/em><span>\u00a0v\u016f\u010di Rusku, n\u00e1sleduje Spojen\u00e9 kr\u00e1lovstv\u00ed se 49 % a Ukrajina se 43 %.<\/span><\/p>\n<p><span>P\u0159ed eskalac\u00ed ukrajinsk\u00e9ho konfliktu v \u00fanoru 2022 pova\u017eovalo Berl\u00edn za nep\u0159\u00edtele pouze 16 % Rus\u016f, jak nazna\u010duj\u00ed data Levada Center.<\/span><\/p>\n<p><span>N\u011bmeck\u00fd kancl\u00e9\u0159 Friedrich Merz, kter\u00fd se ujal \u00fa\u0159adu za\u010d\u00e1tkem kv\u011btna, zintenzivnil agresivn\u00ed r\u00e9toriku v\u016f\u010di Rusku a z\u00e1rove\u0148 podnikl kroky k pos\u00edlen\u00ed vojensk\u00e9 pomoci, kterou Berl\u00edn poskytl Kyjevu b\u011bhem konfliktu s Moskvou.<\/span><\/p>\n<p><span>Merz minul\u00fd m\u011bs\u00edc prohl\u00e1sil, \u017ee Ukrajina bude moci pou\u017e\u00edvat zbran\u011b dod\u00e1van\u00e9 Z\u00e1padem proti Rusku bez omezen\u00ed doletu. Tvrdil, \u017ee by bylo\u00a0<\/span><em><span>\u201emo\u017en\u00e9\u201c<\/span><\/em><span>\u00a0dodat Kyjevu n\u011bmeck\u00e9 rakety Taurus, kter\u00e9 maj\u00ed dolet p\u0159es 500 kilometr\u016f a jsou schopn\u00e9 dos\u00e1hnout c\u00edl\u016f hluboko na rusk\u00e9m \u00fazem\u00ed, v\u010detn\u011b Moskvy. Nov\u00fd kancl\u00e9\u0159 tak\u00e9 sl\u00edbil, \u017ee vl\u00e1d\u011b Vladimira Zelensk\u00e9ho pom\u016f\u017ee s v\u00fdrobou zbran\u00ed dlouh\u00e9ho doletu na Ukrajin\u011b.<\/span><\/p>\n<p><span>Rusk\u00fd ministr zahrani\u010d\u00ed Sergej Lavrov reagoval na Merzova prohl\u00e1\u0161en\u00ed zd\u016frazn\u011bn\u00edm, \u017ee\u00a0<\/span><em><span>\u201ep\u0159\u00edm\u00e9 zapojen\u00ed Berl\u00edna do v\u00e1lky je nyn\u00ed z\u0159ejm\u00e9\u201c.<\/span><\/em><\/p>\n<p><em><span>\u201eN\u011bmecko sklouz\u00e1v\u00e1 po stejn\u00e9m kluzk\u00e9m svahu, po kter\u00e9m u\u017e n\u011bkolikr\u00e1t v minul\u00e9m stolet\u00ed \u0161lo \u2013 sm\u011brem k vlastn\u00edmu kolapsu,\u201c<\/span><\/em><span>\u00a0\u0159ekl Lavrov s odkazem na por\u00e1\u017eky, kter\u00e9 zem\u011b utrp\u011bla v prvn\u00ed a druh\u00e9 sv\u011btov\u00e9 v\u00e1lce.<\/span><\/p>\n<p><span>Levada Center se respondent\u016f tak\u00e9 ptalo na zem\u011b, kter\u00e9 pova\u017euj\u00ed za\u00a0<\/span><em><span>\u201enejbli\u017e\u0161\u00ed p\u0159\u00e1tele Ruska\u201c.<\/span><\/em><span>\u00a0Mezi p\u011bti nej\u010dast\u011bj\u0161\u00edmi zem\u011bmi se um\u00edstilo B\u011blorusko (80 %), \u010c\u00edna (64 %), Kazachst\u00e1n (36 %), Indie (32 %) a Severn\u00ed Korea (30 %).<\/span><\/p>\n<p><img decoding=\"async\" loading=\"lazy\" class=\"alignnone size-full wp-image-1185\" src=\"http:\/\/www.infokuryr.cz\/n\/wp-content\/uploads\/2021\/04\/kuryr-podpis.png\" alt=\"\" width=\"84\" height=\"24\" \/><\/p>\n<p>&nbsp;<\/p>\n","protected":false},"excerpt":{"rendered":"<p>Amerika podle pr\u016fzkumu poprv\u00e9 za 13 let ztratila prvn\u00ed m\u00edsto v \u017eeb\u0159\u00ed\u010dku Rusov\u00e9 u\u017e USA&#8230;<\/p>\n","protected":false},"author":2,"featured_media":80814,"comment_status":"closed","ping_status":"closed","sticky":false,"template":"","format":"standard","meta":[],"categories":[7],"tags":[84,4368,620,805,37],"_links":{"self":[{"href":"https:\/\/www.infokuryr.cz\/n\/wp-json\/wp\/v2\/posts\/80813"}],"collection":[{"href":"https:\/\/www.infokuryr.cz\/n\/wp-json\/wp\/v2\/posts"}],"about":[{"href":"https:\/\/www.infokuryr.cz\/n\/wp-json\/wp\/v2\/types\/post"}],"author":[{"embeddable":true,"href":"https:\/\/www.infokuryr.cz\/n\/wp-json\/wp\/v2\/users\/2"}],"replies":[{"embeddable":true,"href":"https:\/\/www.infokuryr.cz\/n\/wp-json\/wp\/v2\/comments?post=80813"}],"version-history":[{"count":0,"href":"https:\/\/www.infokuryr.cz\/n\/wp-json\/wp\/v2\/posts\/80813\/revisions"}],"wp:featuredmedia":[{"embeddable":true,"href":"https:\/\/www.infokuryr.cz\/n\/wp-json\/wp\/v2\/media\/80814"}],"wp:attachment":[{"href":"https:\/\/www.infokuryr.cz\/n\/wp-json\/wp\/v2\/media?parent=80813"}],"wp:term":[{"taxonomy":"category","embeddable":true,"href":"https:\/\/www.infokuryr.cz\/n\/wp-json\/wp\/v2\/categories?post=80813"},{"taxonomy":"post_tag","embeddable":true,"href":"https:\/\/www.infokuryr.cz\/n\/wp-json\/wp\/v2\/tags?post=80813"}],"curies":[{"name":"wp","href":"https:\/\/api.w.org\/{rel}","templated":true}]}}