{"id":8079,"date":"2022-02-06T06:16:05","date_gmt":"2022-02-06T05:16:05","guid":{"rendered":"http:\/\/www.infokuryr.cz\/n\/?p=8079"},"modified":"2022-02-06T06:16:05","modified_gmt":"2022-02-06T05:16:05","slug":"skody-na-ceskem-uzemi-vznikaji-dale-pravnicka-tvrdi-ze-dohoda-o-turowu-nic-nezmeni","status":"publish","type":"post","link":"https:\/\/www.infokuryr.cz\/n\/2022\/02\/06\/skody-na-ceskem-uzemi-vznikaji-dale-pravnicka-tvrdi-ze-dohoda-o-turowu-nic-nezmeni\/","title":{"rendered":"\u201e\u0160kody na \u010desk\u00e9m \u00fazem\u00ed vznikaj\u00ed d\u00e1le.\u201c Pr\u00e1vni\u010dka tvrd\u00ed, \u017ee dohoda o Tur\u00f3wu nic nezm\u011bn\u00ed"},"content":{"rendered":"<div id=\"fb-root\"><\/div>\n<p><strong>V souladu s dohodou o podm\u00ednk\u00e1ch provozu dolu Tur\u00f3w m\u00e1 Polsko dostav\u011bt podzemn\u00ed st\u011bnu, kter\u00e1 by br\u00e1nila odtoku podzemn\u00edch vod z \u010desk\u00e9ho \u00fazem\u00ed. Pr\u00e1vni\u010dka Petra Urbanov\u00e1 z organizace Frank Bold ale tvrd\u00ed, \u017ee tato st\u011bna nem\u00e1 a nebude m\u00edt po\u017eadovan\u00fd efekt. \u010cesko se p\u0159itom t\u00e9 funk\u010dnosti nedo\u017e\u00e1d\u00e1 kv\u016fli tomu, jak jsou nastaveny parametry dohody.<\/strong><\/p>\n<p>\u201eZ dokument\u016f, kter\u00e9 m\u00e1me k dispozici, vypl\u00fdv\u00e1, p\u0159\u00edmo z hodnocen\u00ed\u00a0<strong>t\u011b\u017ea\u0159sk\u00e9 spole\u010dnosti PGE<\/strong>, \u017ee st\u011bna nem\u00e1 po\u017eadovan\u00fd efekt. Voda skrze ni prot\u00e9k\u00e1, je pot\u0159eba ji ut\u011bsnit, a tak\u00e9 prodlou\u017eit. To potvrzuj\u00ed tak\u00e9 data \u010cesk\u00e9 geologick\u00e9 slu\u017eby, \u017ee pozitivn\u00ed efekt se na \u010desk\u00e9m \u00fazem\u00ed neprojevil,\u201c\u00a0uvedla\u00a0Urbanov\u00e1.<\/p>\n<p>Zd\u016fraznila rovn\u011b\u017e, \u017ee se jedn\u00e1 podzemn\u00ed bari\u00e9\u0159e, kter\u00e1 ut\u011bs\u0148uje pouze jednu ze \u010dty\u0159 podzem\u00edch vrstev, a nav\u00edc se nach\u00e1z\u00ed t\u0159i kilometry od zdroj\u016f pitn\u00e9 vody v Uheln\u00e9.<\/p>\n<p>\u201eMezi zdrojem pitn\u00e9 vody v Uheln\u00e9 a dolem \u017e\u00e1dn\u00e1 bari\u00e9ra v tuto chv\u00edli nestoj\u00ed a \u010cesk\u00e1 republika ani takovou bari\u00e9ru v dohledn\u00e9 dob\u011b nepo\u017eaduje,\u201c upozornila pr\u00e1vni\u010dka.<\/p>\n<p>Zat\u00edmco dohoda jasn\u011b specifikuje podm\u00ednky, za kter\u00fdch by polsk\u00e1 strana m\u011bla bari\u00e9ru upravit, \u201e\u010f\u00e1bel\u201c je podle pr\u00e1vni\u010dky skute\u010dn\u011b v detailu. Z\u00e1sadn\u00ed je tu pr\u00e1v\u011b specifikace funk\u010dnosti.<\/p>\n<p>\u201eFunk\u010dnost, jak je nastaven\u00e1 v t\u00e9 dohod\u011b, je nastaven\u00e1 na ukazatel, kolik vody prote\u010de skrz podzemn\u00ed bari\u00e9ru a monitoruje se dopad bari\u00e9ry na tu jednu podzemn\u00ed vrstvu. Jedn\u00e1 se o \u00fazem\u00ed, kter\u00e9 je t\u0159i kilometry daleko a na to znemo\u017en\u011bn\u00ed odb\u011bru v\u00a0Uheln\u00e9\u00a0a prevenci k tomu, aby odb\u011br nebyl znemo\u017en\u011bn, to nebude m\u00edt \u017e\u00e1dn\u00fd vliv i v p\u0159\u00edpad\u011b, \u017ee by pap\u00edrov\u011b \u2013 podle toho, co v t\u00e9 dohod\u011b je \u2013 byla podzemn\u00ed bari\u00e9ra vyhodnocena jako funk\u010dn\u00ed. Ale v tuto chv\u00edli podle informac\u00ed k dohod\u011b, i kdyby funk\u010dn\u00ed byla, tak ten vliv m\u00edt nebude,\u201c vysv\u011btlila pr\u00e1vni\u010dka.<\/p>\n<p>Funk\u010dnost se tedy v dohod\u011b nevyhodnocuje podle zdroj\u016f a hladiny podzemn\u00ed vody, zat\u00edmco pr\u00e1v\u011b kv\u016fli ochran\u011b zdroj\u016f Uheln\u00e9 cel\u00fd spor\u00a0vznikl.<\/p>\n<p>\u201eTo je ta funk\u010dnost, kterou bychom si p\u0159edstavovali \u2013 \u017ee na \u010desk\u00e9 stran\u011b bude v d\u016fle\u017eit\u00fdch vodn\u00edch zdroj\u00edch hladina stoupat. Ale podle dohody tohle nen\u00ed ta funk\u010dnost,\u201c tvrd\u00ed pr\u00e1vni\u010dka.<\/p>\n<p>Budou tam tedy n\u011bjak\u00e9 vrty, kter\u00e9 se budou monitorovat, ale pap\u00edrov\u011b bude st\u011bna funk\u010dn\u00ed.<\/p>\n<p>\u201ePolsko proto nebude m\u00edt povinnost ji upravovat. Ale re\u00e1ln\u011b bude voda d\u00e1le odt\u00e9kat,\u201c dodala.<\/p>\n<p><strong>Co pro \u010cesko znamen\u00e1 sta\u017een\u00ed \u017ealoby na Polsko u Evropsk\u00e9ho soudu?<\/strong><\/p>\n<p>Pr\u00e1vni\u010dka tvrd\u00ed, \u017ee i kdy\u017e uzav\u0159en\u00ed dohody a\u00a0sta\u017een\u00ed \u017ealoby\u00a0\u0159e\u0161en\u00ed nep\u0159ineslo, soudn\u00ed spor by to ne\u0159e\u0161il tak\u00e9, proto\u017ee \u010ceska republika neuplatnila v \u017ealob\u011b \u0161kody na \u017eivotn\u00edm prost\u0159ed\u00ed.<\/p>\n<p>\u201eTen soud by nikdy pr\u00e1v\u011b ochranu \u010desk\u00e9ho \u00fazem\u00ed ne\u0159e\u0161il. Ani kdyby vydal rozsudek, tak by to na ochranu \u010desk\u00e9ho \u017eivotn\u00edho prost\u0159ed\u00ed nem\u011blo dopad. A Polsko i \u010cesk\u00e1 republika by st\u00e1le m\u011bly povinnost naj\u00edt spole\u010dn\u00e9 \u0159e\u0161en\u00ed, jak \u010desk\u00e9 \u00fazem\u00ed ochr\u00e1nit,\u201c \u0159\u00edk\u00e1 pr\u00e1vni\u010dka.<\/p>\n<p>Sta\u017een\u00ed \u017ealoby tedy podle n\u00ed nic nezm\u011bnilo. \u0158e\u0161en\u00ed ov\u0161em nep\u0159ich\u00e1z\u00ed ani te\u010f. \u201e\u0160kody na \u010desk\u00e9m \u00fazem\u00ed vznikaj\u00ed d\u00e1le a ta dohoda na tom v tuto chv\u00edli nic nezm\u011bn\u00ed,\u201c tvrd\u00ed.<\/p>\n<p>\u201eV\u00fdsledkem je, \u017ee \u010cesk\u00e1 republika v\u00edcem\u00e9n\u011b dala souhlas s t\u00edm, \u017ee budou \u0161kody na jej\u00edm \u00fazem\u00ed d\u00e1le vznikat, a z\u00e1rove\u0148 se uzav\u0159ela mo\u017enosti, jak proti t\u011bmto \u0161kod\u00e1m sv\u00e9 \u00fazem\u00ed do budoucna br\u00e1nit, proto\u017ee se zav\u00e1zala, \u017ee u\u017e znovu na Polsko \u017e\u00e1dnou \u017ealobu pro vynucen\u00ed evropsk\u00e9ho pr\u00e1va nepod\u00e1,\u201c shrnula pr\u00e1vni\u010dka Petra Urbanov\u00e1.<\/p>\n<p><a href=\"https:\/\/cz.sputniknews.com\/20220205\/skody-na-ceskem-uzemi-vznikaji-dale-pravnicka-tvrdi-ze-dohoda-o-turowu-nic-nezmeni-17490158.html\">ZDROJ<\/a><\/p>\n<p>&nbsp;<\/p>\n","protected":false},"excerpt":{"rendered":"<p>V souladu s dohodou o podm\u00ednk\u00e1ch provozu dolu Tur\u00f3w m\u00e1 Polsko dostav\u011bt podzemn\u00ed st\u011bnu, kter\u00e1&#8230;<\/p>\n","protected":false},"author":2,"featured_media":5002,"comment_status":"closed","ping_status":"closed","sticky":false,"template":"","format":"standard","meta":[],"categories":[6],"tags":[924,31,431,99,422],"_links":{"self":[{"href":"https:\/\/www.infokuryr.cz\/n\/wp-json\/wp\/v2\/posts\/8079"}],"collection":[{"href":"https:\/\/www.infokuryr.cz\/n\/wp-json\/wp\/v2\/posts"}],"about":[{"href":"https:\/\/www.infokuryr.cz\/n\/wp-json\/wp\/v2\/types\/post"}],"author":[{"embeddable":true,"href":"https:\/\/www.infokuryr.cz\/n\/wp-json\/wp\/v2\/users\/2"}],"replies":[{"embeddable":true,"href":"https:\/\/www.infokuryr.cz\/n\/wp-json\/wp\/v2\/comments?post=8079"}],"version-history":[{"count":0,"href":"https:\/\/www.infokuryr.cz\/n\/wp-json\/wp\/v2\/posts\/8079\/revisions"}],"wp:featuredmedia":[{"embeddable":true,"href":"https:\/\/www.infokuryr.cz\/n\/wp-json\/wp\/v2\/media\/5002"}],"wp:attachment":[{"href":"https:\/\/www.infokuryr.cz\/n\/wp-json\/wp\/v2\/media?parent=8079"}],"wp:term":[{"taxonomy":"category","embeddable":true,"href":"https:\/\/www.infokuryr.cz\/n\/wp-json\/wp\/v2\/categories?post=8079"},{"taxonomy":"post_tag","embeddable":true,"href":"https:\/\/www.infokuryr.cz\/n\/wp-json\/wp\/v2\/tags?post=8079"}],"curies":[{"name":"wp","href":"https:\/\/api.w.org\/{rel}","templated":true}]}}