{"id":8075,"date":"2022-02-06T06:03:24","date_gmt":"2022-02-06T05:03:24","guid":{"rendered":"http:\/\/www.infokuryr.cz\/n\/?p=8075"},"modified":"2022-02-06T06:03:24","modified_gmt":"2022-02-06T05:03:24","slug":"pandemicky-zakon-celi-odporu-i-po-schvaleni-v-praze-se-na-protest-shromazdily-stovky-lidi","status":"publish","type":"post","link":"https:\/\/www.infokuryr.cz\/n\/2022\/02\/06\/pandemicky-zakon-celi-odporu-i-po-schvaleni-v-praze-se-na-protest-shromazdily-stovky-lidi\/","title":{"rendered":"Pandemick\u00fd z\u00e1kon \u010del\u00ed odporu i po schv\u00e1len\u00ed. V Praze se na protest shrom\u00e1\u017edily stovky lid\u00ed"},"content":{"rendered":"<div id=\"fb-root\"><\/div>\n<p><strong>Nez\u00e1visl\u00e1 iniciativa Jdeme spole\u010dn\u011b dnes na V\u00e1clavsk\u00e9m n\u00e1m\u011bst\u00ed uspo\u0159\u00e1dala protestn\u00ed demonstraci proti novele pandemick\u00e9ho z\u00e1kona, kter\u00e1 byla ve \u010dtvrtek p\u0159ijata Poslaneckou sn\u011bmovnou P\u010cR. Podle slov organiz\u00e1tor\u016f m\u00e1 j\u00edt o poklidnou demonstraci doprov\u00e1zenou audiovizu\u00e1ln\u00edm programem a n\u00e1sledn\u00fdm pr\u016fvodem se sv\u00ed\u010dkami.<\/strong><\/p>\n<p>P\u0159ijet\u00ed vl\u00e1dn\u00ed novely pandemick\u00e9ho z\u00e1kona, k n\u011bmu\u017e\u00a0do\u0161lo\u00a0ve \u010dtvrtek po 35 hodin\u00e1ch jedn\u00e1n\u00ed ve Sn\u011bmovn\u011b, se nesetkalo s pochopen\u00edm ze strany opozice a \u010d\u00e1sti \u010desk\u00e9 ve\u0159ejnosti. Proti p\u0159ijet\u00ed novely se\u00a0aktivn\u011b protestovalo\u00a0p\u0159ed samotn\u00fdm vyjedn\u00e1v\u00e1n\u00edm, protestn\u00ed akce ale pokra\u010duj\u00ed i po schv\u00e1len\u00ed z\u00e1kona doln\u00ed komorou \u010desk\u00e9ho parlamentu. Dnes toti\u017e iniciativa Jdeme spole\u010dn\u011b uspo\u0159\u00e1dala na V\u00e1clavsk\u00e9m n\u00e1m\u011bst\u00ed poklidnou protestn\u00ed akci, jej\u00edm\u017e prost\u0159ednictv\u00edm cht\u011bla p\u0159ipomenout ob\u010dan\u016fm jejich pr\u00e1va. Sou\u010d\u00e1st\u00ed akce se m\u011bla st\u00e1t z\u00e1bava pro rodiny s d\u011btmi a audiovizu\u00e1ln\u00ed program s hudbou. Na konci akce se \u00fa\u010dastn\u00edci m\u011bli vydat na tich\u00fd pr\u016fvod se sv\u00ed\u010dkami.<\/p>\n<p>\u201eSvedla n\u00e1s dohromady jedna spole\u010dn\u00e1 v\u011bc, a tou je \u00fatlak, kter\u00fd se nyn\u00ed vyskytuje nejen na \u0161kol\u00e1ch a univerzit\u00e1ch, ale i v cel\u00e9 spole\u010dnosti. Nechceme se podvolit bezd\u016fvodn\u00e9mu n\u00e1tlaku. Jsme ti, kte\u0159\u00ed kriticky p\u0159em\u00fd\u0161lej\u00ed a nekonaj\u00ed bezmy\u0161lenkovit\u011b a slep\u011b,\u201c\u00a0sd\u011blili\u00a0po\u0159adatel\u00e9 akce.<\/p>\n<p><strong>Jak\u00e9 zm\u011bny p\u0159inese schv\u00e1len\u00ed pandemick\u00e9ho z\u00e1kona?<\/strong><\/p>\n<p>Novela z\u00e1kona p\u0159edpokl\u00e1d\u00e1, \u017ee protikoronavirov\u00e1 mimo\u0159\u00e1dn\u00e1 opat\u0159en\u00ed vydan\u00e1 podle\u00a0pandemick\u00e9ho z\u00e1kona\u00a0z\u0159ejm\u011b budou moci zahrnout \u0161ir\u0161\u00ed okruh \u010dinnost\u00ed ne\u017e te\u010f. Jako p\u0159\u00edklad se uv\u00e1d\u00ed, \u017ee \u00fa\u0159ady budou moci na\u0159\u00eddit testov\u00e1n\u00ed na koronavirus i podnikatel\u016fm, student\u016fm, \u017e\u00e1k\u016fm a p\u0159ed\u0161kol\u00e1k\u016fm, tedy nejen zam\u011bstnanc\u016fm a jin\u00fdm pracovn\u00edk\u016fm.<\/p>\n<p>D\u016fle\u017eit\u00fd je i bod t\u00fdkaj\u00edc\u00ed se na\u0159\u00edzen\u00ed izolace a karant\u00e9ny po telefonu. To toti\u017e budou moci org\u00e1ny ochrany ve\u0159ejn\u00e9ho zdrav\u00ed dle p\u0159edlohy oznamovat lidem i telefonicky nebo kr\u00e1tkou textovou zpr\u00e1vou. Tento postup se ale v minulosti nel\u00edbil \u010dlen\u016fm v\u00fdboru za opozi\u010dn\u00ed ANO a SPD.<\/p>\n<p>Dodejme, \u017ee resort bude moci na\u0159\u00eddit samoizolaci lidem, kte\u0159\u00ed se vracej\u00ed ze zem\u00ed se zv\u00fd\u0161en\u00fdm rizikem n\u00e1kazy koronavirem. Bude moct stanovit povinnost vypl\u0148ov\u00e1n\u00ed p\u0159\u00edjezdov\u00e9ho formul\u00e1\u0159e.<\/p>\n<p>Za zm\u00ednku stoj\u00ed, \u017ee dle novely budou moci na\u0159\u00edzen\u00ed pro sv\u00e9 resorty vyd\u00e1vat i ministerstva obrany a vnitra. D\u016fvodem m\u00e1 b\u00fdt to, aby byla \u201ezachov\u00e1na akceschopnost bezpe\u010dnostn\u00edch slo\u017eek\u201c.<\/p>\n<p>Jist\u00e9 zm\u011bny by mohly prob\u011bhnout i co se t\u00fd\u010de omezen\u00ed kulturn\u00edch akc\u00ed i sportovi\u0161\u0165. Nap\u0159\u00edklad mimo\u0159\u00e1dn\u00e1 opat\u0159en\u00ed resortu zdravotnictv\u00ed nebo krajsk\u00fdch hygienick\u00fdch stanic budou moci nov\u011b regulovat jakoukoli \u010dinnost provozovanou v provozovn\u011b, na tr\u017ei\u0161ti a v tr\u017enici, a to v\u010detn\u011b provozn\u00ed doby.<\/p>\n<p>M\u011bly by se tak t\u00fdkat i zoologick\u00fdch a botanick\u00fdch zahrad, r\u016fzn\u00fdch kulturn\u00edch instituc\u00ed, pam\u00e1tek nebo t\u0159eba hv\u011bzd\u00e1ren. Pravomoc omezovat dle pandemick\u00e9ho z\u00e1kona budou moci \u00fa\u0159ady tak\u00e9 hudebn\u00ed, divadeln\u00ed a filmov\u00e1 p\u0159edstaven\u00ed, tane\u010dn\u00ed produkce, slavnosti, kulturn\u00ed festivaly \u010di veletrhy, d\u011btsk\u00e9 zotavovac\u00ed akce a p\u0159\u00edm\u011bstsk\u00e9 t\u00e1bory.<\/p>\n<p>V neposledn\u00ed \u0159ad\u011b zmi\u0148me i omezen\u00ed provozu vnit\u0159n\u00edch a venkovn\u00edch sportovi\u0161\u0165, stejn\u011b jako v\u00fduku ve v\u0161ech typech \u0161kol i v p\u0159ed\u0161koln\u00edch za\u0159\u00edzen\u00edch. D\u00e1le se regulace dotkne \u010dinnost\u00ed vykon\u00e1van\u00fdch mimo provozovny, nap\u0159\u00edklad p\u0159\u00edmo u z\u00e1kazn\u00edka (v\u010detn\u011b kade\u0159nick\u00fdch slu\u017eeb a kosmetiky). D\u00e1le by \u00fapln\u00fd z\u00e1kaz provozu mohl hrozit hudebn\u00edm, tane\u010dn\u00edm a hern\u00edm klub\u016fm, diskot\u00e9k\u00e1m, hern\u00e1m a kasin\u016fm.<\/p>\n<p>Platnost z\u00e1kona nakonec bude nejsp\u00ed\u0161 omezen\u00e1. Zdravotnick\u00fd v\u00fdbor Sn\u011bmovny toti\u017e doporu\u010dil, aby jeho platnost vypr\u0161ela k 30. listopadu leto\u0161n\u00edho roku.<\/p>\n<p><a href=\"https:\/\/cz.sputniknews.com\/20220205\/pandemicky-zakon-celi-odporu-i-po-schvaleni-v-praze-se-na-protest-shromazdily-stovky-lidi-17488512.html\">ZDROJ<\/a><\/p>\n<p>&nbsp;<\/p>\n","protected":false},"excerpt":{"rendered":"<p>Nez\u00e1visl\u00e1 iniciativa Jdeme spole\u010dn\u011b dnes na V\u00e1clavsk\u00e9m n\u00e1m\u011bst\u00ed uspo\u0159\u00e1dala protestn\u00ed demonstraci proti novele pandemick\u00e9ho z\u00e1kona,&#8230;<\/p>\n","protected":false},"author":2,"featured_media":7960,"comment_status":"closed","ping_status":"closed","sticky":false,"template":"","format":"standard","meta":[],"categories":[6],"tags":[1207,234,95],"_links":{"self":[{"href":"https:\/\/www.infokuryr.cz\/n\/wp-json\/wp\/v2\/posts\/8075"}],"collection":[{"href":"https:\/\/www.infokuryr.cz\/n\/wp-json\/wp\/v2\/posts"}],"about":[{"href":"https:\/\/www.infokuryr.cz\/n\/wp-json\/wp\/v2\/types\/post"}],"author":[{"embeddable":true,"href":"https:\/\/www.infokuryr.cz\/n\/wp-json\/wp\/v2\/users\/2"}],"replies":[{"embeddable":true,"href":"https:\/\/www.infokuryr.cz\/n\/wp-json\/wp\/v2\/comments?post=8075"}],"version-history":[{"count":0,"href":"https:\/\/www.infokuryr.cz\/n\/wp-json\/wp\/v2\/posts\/8075\/revisions"}],"wp:featuredmedia":[{"embeddable":true,"href":"https:\/\/www.infokuryr.cz\/n\/wp-json\/wp\/v2\/media\/7960"}],"wp:attachment":[{"href":"https:\/\/www.infokuryr.cz\/n\/wp-json\/wp\/v2\/media?parent=8075"}],"wp:term":[{"taxonomy":"category","embeddable":true,"href":"https:\/\/www.infokuryr.cz\/n\/wp-json\/wp\/v2\/categories?post=8075"},{"taxonomy":"post_tag","embeddable":true,"href":"https:\/\/www.infokuryr.cz\/n\/wp-json\/wp\/v2\/tags?post=8075"}],"curies":[{"name":"wp","href":"https:\/\/api.w.org\/{rel}","templated":true}]}}