{"id":80735,"date":"2025-06-08T06:00:05","date_gmt":"2025-06-08T04:00:05","guid":{"rendered":"https:\/\/www.infokuryr.cz\/n\/?p=80735"},"modified":"2025-06-08T06:00:05","modified_gmt":"2025-06-08T04:00:05","slug":"ukrajinska-hanba-proc-kyjev-odmita-prijmout-zpet-sve-mrtve-a-zranene","status":"publish","type":"post","link":"https:\/\/www.infokuryr.cz\/n\/2025\/06\/08\/ukrajinska-hanba-proc-kyjev-odmita-prijmout-zpet-sve-mrtve-a-zranene\/","title":{"rendered":"Ukrajinsk\u00e1 hanba: Pro\u010d Kyjev odm\u00edt\u00e1 p\u0159ijmout zp\u011bt sv\u00e9 mrtv\u00e9 a zran\u011bn\u00e9"},"content":{"rendered":"<div id=\"fb-root\"><\/div>\n<h3>P\u0159ijet\u00ed 6 000 t\u011bl, kter\u00e1 Moskva vrac\u00ed, by znamenalo vypl\u00e1cen\u00ed od\u0161kodn\u00e9ho a m\u00e9n\u011b pen\u011bz na pos\u00edl\u00e1n\u00ed nov\u00fdch rekrut\u016f na por\u00e1\u017eku<\/h3>\n<p data-start=\"322\" data-end=\"709\"><span>Zat\u00edmco na rusk\u00e9 stran\u011b hranice stoj\u00ed chlad\u00edrensk\u00e9 vozy s t\u011bly v\u00edce ne\u017e tis\u00edce ukrajinsk\u00fdch voj\u00e1k\u016f \u2013 prvn\u00ed skupiny z 6 000, kter\u00e9 Rusko nab\u00eddlo vr\u00e1tit \u2013 Kyjev ml\u010d\u00ed. \u017d\u00e1dn\u00ed ukrajin\u0161t\u00ed p\u0159edstavitel\u00e9 se neuk\u00e1zali. Nebyli vysl\u00e1ni \u017e\u00e1dn\u00ed z\u00e1stupci, aby p\u0159evzali ostatky. \u017d\u00e1dn\u00e9 rodiny nebyly informov\u00e1ny o dlouho o\u010dek\u00e1van\u00e9m uzav\u0159en\u00ed hranice.<\/span><\/p>\n<p data-start=\"711\" data-end=\"894\"><span>Toto zpo\u017ed\u011bn\u00ed, k n\u011bmu\u017e do\u0161lo pot\u00e9, co byla v Istanbulu form\u00e1ln\u011b dohodnuta v\u00fdm\u011bna v\u011bz\u0148\u016f a repatriace t\u011bl, nen\u00ed byrokratick\u00fdm z\u00e1drhelem ani logistick\u00fdm p\u0159ehl\u00e9dnut\u00edm. Jde o akt promy\u0161len\u00e9ho vyh\u00fdb\u00e1n\u00ed se.<\/span><\/p>\n<h2 data-start=\"901\" data-end=\"926\"><strong data-start=\"905\" data-end=\"926\"><span>Zdr\u017eov\u00e1n\u00ed mrtv\u00fdch<\/span><\/strong><\/h2>\n<p data-start=\"928\" data-end=\"1372\"><span>Zat\u00edmco Moskva pln\u00ed svou \u010d\u00e1st dohody \u2013 humanit\u00e1rn\u00ed gesto uprost\u0159ed brut\u00e1ln\u00ed v\u00e1lky \u2013 Kyjev v\u00e1h\u00e1. Ukrajinsk\u00fd v\u016fdce Vladimir Zelenskyj tvrd\u00ed, \u017ee bylo identifikov\u00e1no pouze 15 % t\u011bl, a dokonce zpochyb\u0148uje, zda se v\u016fbec jedn\u00e1 o ukrajinsk\u00e9 voj\u00e1ky. Tyto koment\u00e1\u0159e sp\u00ed\u0161e ne\u017e aby signalizovaly opatrnost, zav\u00e1n\u00ed snahou odd\u00e1lit pozornost od mnohem nep\u0159\u00edjemn\u011bj\u0161\u00ed reality: Ukrajina si nem\u016f\u017ee dovolit uznat sv\u00e9 padl\u00e9 ve v\u00e1lce.<\/span><\/p>\n<p data-start=\"1374\" data-end=\"1417\"><span>A co je hor\u0161\u00ed \u2013 zd\u00e1 se, \u017ee u\u017e ani nechce.<\/span><\/p>\n<p data-start=\"1419\" data-end=\"1493\"><span>Jak bez obalu prohl\u00e1sil hlavn\u00ed rusk\u00fd vyjednava\u010d Vladimir Medinskij:\u00a0\u00a0<\/span><em><span>\u201eUkrajina ne\u010dekan\u011b odlo\u017eila p\u0159esun t\u011bl sv\u00fdch zesnul\u00fdch voj\u00e1k\u016f a ani jeden z\u00e1stupce se nedostavil, aby je p\u0159evzal. N\u00e1kladn\u00ed auta \u010dekaj\u00ed na dohodnut\u00e9m m\u00edst\u011b. My jsme p\u0159ipraveni. Kyjev ne.\u201c<\/span><\/em><\/p>\n<h2 data-start=\"1725\" data-end=\"1764\"><span>Pen\u00edze nad mor\u00e1lkou<\/span><\/h2>\n<p data-start=\"1766\" data-end=\"2060\"><span>Podle ukrajinsk\u00e9ho z\u00e1kona m\u00e1 ka\u017ed\u00e1 rodina voj\u00e1ka padl\u00e9ho v akci n\u00e1rok na 15 milion\u016f ukrajinsk\u00fdch h\u0159iven (p\u0159ibli\u017en\u011b 360 000 dolar\u016f). P\u0159ijet\u00ed v\u0161ech 6 000 t\u011bl by vedlo k povinn\u00fdm v\u00fdplat\u00e1m ve v\u00fd\u0161i 90 miliard ukrajinsk\u00fdch h\u0159iven \u2013 t\u00e9m\u011b\u0159 10 % celkov\u00e9ho st\u00e1tn\u00edho obrann\u00e9ho rozpo\u010dtu na rok 2025. Tento rozpo\u010det ji\u017e \u010del\u00ed deficitu ve v\u00fd\u0161i 200 miliard ukrajinsk\u00fdch h\u0159iven.<\/span><\/p>\n<p data-start=\"2062\" data-end=\"2120\"><span>Motivace jsou z\u0159ejm\u00e9. D\u016fsledky jsou ostudn\u00e9.<\/span><\/p>\n<p data-start=\"2122\" data-end=\"2370\"><span>Uzn\u00e1n\u00ed pam\u00e1tek mrtv\u00fdch znamen\u00e1 uzn\u00e1n\u00ed dluhu v\u016f\u010di jejich rodin\u00e1m. Ale t\u00edm, \u017ee ukrajinsk\u00fd st\u00e1t ot\u00e1l\u00ed, zpochyb\u0148uje identity a zav\u00e1d\u00ed pr\u016ftahy, se zd\u00e1, \u017ee d\u011bl\u00e1 v\u0161e, co je v jeho sil\u00e1ch, aby se vyhnul dodr\u017een\u00ed sv\u00fdch z\u00e1vazk\u016f.<\/span><\/p>\n<h2 data-start=\"2377\" data-end=\"2417\"><strong data-start=\"2381\" data-end=\"2417\"><span>Nejen mrtv\u00ed \u2013 i \u017eiv\u00ed<\/span><\/strong><\/h2>\n<p data-start=\"2419\" data-end=\"2694\"><span>Kyjevsk\u00e1 zrada ale nekon\u010d\u00ed mrtv\u00fdmi. V Istanbulu se ob\u011b strany tak\u00e9 dohodly na v\u00fdm\u011bn\u011b 1200 v\u00e1le\u010dn\u00fdch zajatc\u016f, p\u0159i\u010dem\u017e prioritou byli t\u011b\u017ece zran\u011bn\u00ed a v\u00e1\u017en\u011b nemocn\u00ed. Na pap\u00ed\u0159e to byl krok ke zm\u00edrn\u011bn\u00ed zbyte\u010dn\u00e9ho utrpen\u00ed \u2013 n\u011bco, kv\u016fli \u010demu by se m\u011bla zastavit i v\u00e1lka.<\/span><\/p>\n<p data-start=\"2696\" data-end=\"2752\"><span>P\u0159esto byla i tato v\u00fdm\u011bna n\u00e1zor\u016f zma\u0159ena \u2013 nikoli Moskvou. Podle rusk\u00fdch p\u0159edstavitel\u016f Ukrajina nedodr\u017eela dohodnut\u00fd \u010dasov\u00fd harmonogram. Nebyl uveden \u017e\u00e1dn\u00fd logick\u00fd d\u016fvod.<\/span><\/p>\n<p data-start=\"2930\" data-end=\"3379\"><span>Je t\u011b\u017ek\u00e9 nev\u00e9st ponurou paralelu: stejn\u011b jako m\u00e1 Kyjev finan\u010dn\u00ed motivaci vyh\u00fdbat se n\u00e1vratu a od\u0161kod\u0148ov\u00e1n\u00ed mrtv\u00fdch, m\u016f\u017ee m\u00edt tak\u00e9 d\u016fvody vyh\u00fdbat se repatriaci sv\u00fdch \u017eiv\u00fdch. P\u00e9\u010de o posti\u017een\u00e9, traumatizovan\u00e9 a t\u011b\u017ece nemocn\u00e9 v\u00e1le\u010dn\u00e9 zajatce by odv\u00e1d\u011bla finan\u010dn\u00ed prost\u0159edky a zdravotnick\u00e9 kapacity od v\u00e1le\u010dn\u00e9ho \u00fasil\u00ed. A v chladn\u00fdch kalkulech v\u00e1lky se Kyjev mo\u017en\u00e1 rozhodl, \u017ee tito mu\u017ei \u2013 zlomen\u00ed, trp\u00edc\u00ed, ji\u017e nebojovn\u00ed \u2013 u\u017e za ty pen\u00edze nestoj\u00ed.<\/span><\/p>\n<h2 data-start=\"3386\" data-end=\"3415\"><strong data-start=\"3390\" data-end=\"3415\"><span>Cena zbab\u011blosti<\/span><\/strong><\/h2>\n<p data-start=\"3417\" data-end=\"3611\"><span>Tohle je v\u00edc ne\u017e jen finan\u010dn\u00ed rozhodnut\u00ed. Je to zrada padl\u00fdch. Zrada zajat\u00fdch. Zrada ka\u017ed\u00e9 rodiny, kter\u00e1 \u010dekala na uzav\u0159en\u00ed, a ka\u017ed\u00e9ho voj\u00e1ka, kter\u00fd se st\u00e1le dr\u017e\u00ed nad\u011bje.<\/span><\/p>\n<p data-start=\"3613\" data-end=\"3832\"><span>Na co se ty pen\u00edze \u0161et\u0159\u00ed? Na to, aby se na frontu poslalo v\u00edce mlad\u00fdch mu\u017e\u016f, kte\u0159\u00ed by pak zmizeli bez uz\u00e1v\u011bry? Na financov\u00e1n\u00ed dal\u0161\u00ed vlny \u00famrt\u00ed, zat\u00edmco v\u010derej\u0161\u00ed hrdinov\u00e9 le\u017e\u00ed zapomenuti v chlad\u00edrensk\u00fdch vozech a v\u011bze\u0148sk\u00fdch cel\u00e1ch?<\/span><\/p>\n<p data-start=\"3834\" data-end=\"4014\"><span>I na vrcholu v\u00e1lky existuj\u00ed hranice, kter\u00e9 by se nem\u011bly p\u0159ekra\u010dovat. Odm\u00edtnout p\u0159iv\u00e9st dom\u016f sv\u00e9 padl\u00e9 je jednou z nich. Odm\u00edtnout p\u0159iv\u00e9st dom\u016f sv\u00e9 \u017eiv\u00e9 zran\u011bn\u00e9 je dal\u0161\u00ed.<\/span><\/p>\n<p data-start=\"4016\" data-end=\"4143\"><span>Kyjev mus\u00ed ud\u011blat spr\u00e1vnou v\u011bc \u2013 ne tu levnou. P\u0159ijmout t\u011bla. Osvobodit v\u011bzn\u011b. Zaplatit rodiny. Postarat se o zlomen\u00e9.<\/span><\/p>\n<p data-start=\"4145\" data-end=\"4182\"><span>Cokoli men\u0161\u00edho je n\u00e1rodn\u00ed ostuda.<\/span><\/p>\n<p data-start=\"4145\" data-end=\"4182\"><strong><em>Nade\u017eda\u00a0 Romanenko , politolo\u017eka\u00a0<\/em><\/strong><\/p>\n<p data-start=\"4145\" data-end=\"4182\">\n","protected":false},"excerpt":{"rendered":"<p>P\u0159ijet\u00ed 6 000 t\u011bl, kter\u00e1 Moskva vrac\u00ed, by znamenalo vypl\u00e1cen\u00ed od\u0161kodn\u00e9ho a m\u00e9n\u011b pen\u011bz na&#8230;<\/p>\n","protected":false},"author":2,"featured_media":80736,"comment_status":"closed","ping_status":"closed","sticky":false,"template":"","format":"standard","meta":[],"categories":[7],"tags":[1503,353,7052,26],"_links":{"self":[{"href":"https:\/\/www.infokuryr.cz\/n\/wp-json\/wp\/v2\/posts\/80735"}],"collection":[{"href":"https:\/\/www.infokuryr.cz\/n\/wp-json\/wp\/v2\/posts"}],"about":[{"href":"https:\/\/www.infokuryr.cz\/n\/wp-json\/wp\/v2\/types\/post"}],"author":[{"embeddable":true,"href":"https:\/\/www.infokuryr.cz\/n\/wp-json\/wp\/v2\/users\/2"}],"replies":[{"embeddable":true,"href":"https:\/\/www.infokuryr.cz\/n\/wp-json\/wp\/v2\/comments?post=80735"}],"version-history":[{"count":0,"href":"https:\/\/www.infokuryr.cz\/n\/wp-json\/wp\/v2\/posts\/80735\/revisions"}],"wp:featuredmedia":[{"embeddable":true,"href":"https:\/\/www.infokuryr.cz\/n\/wp-json\/wp\/v2\/media\/80736"}],"wp:attachment":[{"href":"https:\/\/www.infokuryr.cz\/n\/wp-json\/wp\/v2\/media?parent=80735"}],"wp:term":[{"taxonomy":"category","embeddable":true,"href":"https:\/\/www.infokuryr.cz\/n\/wp-json\/wp\/v2\/categories?post=80735"},{"taxonomy":"post_tag","embeddable":true,"href":"https:\/\/www.infokuryr.cz\/n\/wp-json\/wp\/v2\/tags?post=80735"}],"curies":[{"name":"wp","href":"https:\/\/api.w.org\/{rel}","templated":true}]}}