{"id":80729,"date":"2025-06-08T00:35:20","date_gmt":"2025-06-07T22:35:20","guid":{"rendered":"https:\/\/www.infokuryr.cz\/n\/?p=80729"},"modified":"2025-06-07T20:21:29","modified_gmt":"2025-06-07T18:21:29","slug":"kyjev-posila-zive-zemrit-ale-mrtve-neprijima","status":"publish","type":"post","link":"https:\/\/www.infokuryr.cz\/n\/2025\/06\/08\/kyjev-posila-zive-zemrit-ale-mrtve-neprijima\/","title":{"rendered":"Kyjev pos\u00edl\u00e1 \u017eiv\u00e9 zem\u0159\u00edt, ale mrtv\u00e9 nep\u0159ij\u00edm\u00e1"},"content":{"rendered":"<div id=\"fb-root\"><\/div>\n<h3>Je z\u0159ejm\u00e9, \u017ee kontrola narativu je pro Ukrajinu d\u016fle\u017eit\u011bj\u0161\u00ed ne\u017e d\u016fstojnost jej\u00edch padl\u00fdch \u2013 nebo blaho t\u011bch, kte\u0159\u00ed jsou st\u00e1le na\u017eivu<\/h3>\n<p><span>Je to smutn\u00e9, ale m\u00edr je st\u00e1le nedosa\u017eiteln\u00fd ve v\u00e1lce mezi Ukrajinou a \u2013 skrze Ukrajinu \u2013 Z\u00e1padem na jedn\u00e9 stran\u011b a Ruskem na stran\u011b druh\u00e9.<\/span><\/p>\n<p><span>USA ned\u00e1vno alespo\u0148 p\u0159iznaly, \u017ee Moskva m\u00e1 v s\u00e1zce re\u00e1ln\u00e9 a d\u016fle\u017eit\u00e9 z\u00e1jmy a \u017ee Z\u00e1pad vyu\u017e\u00edv\u00e1 Ukrajinu\u00a0<\/span><a href=\"https:\/\/tass.com\/world\/1966517\" target=\"_blank\" rel=\"noopener noreferrer\"><span>k veden\u00ed z\u00e1stupn\u00e9 v\u00e1lky proti Rusku<\/span><\/a><span>\u00a0. I kdy\u017e je to velmi pozd\u011b a st\u00e1le ne\u00fapln\u00e9, takov\u00e1 pravdivost by mohla pomoci dos\u00e1hnout realistick\u00e9ho kompromisu pot\u0159ebn\u00e9ho k ukon\u010den\u00ed t\u00e9to v\u00e1lky.<\/span><\/p>\n<p><span>P\u0159esto si evrop\u0161t\u00ed vazalov\u00e9 Washingtonu vybrali pr\u00e1v\u011b tento okam\u017eik k objeven\u00ed sv\u00e9 obvykle smrteln\u011b oslaben\u00e9 schopnosti odpov\u00eddat USA: Je z\u0159ejm\u00e9, \u017ee cht\u011bj\u00ed, aby v\u00e1lka pokra\u010dovala, i kdy\u017e to znamen\u00e1, \u017ee Ukrajina \u2013 o kterou p\u0159edst\u00edraj\u00ed, \u017ee jim z\u00e1le\u017e\u00ed \u2013 ztrat\u00ed je\u0161t\u011b v\u00edce lid\u00ed a \u00fazem\u00ed.<\/span><\/p>\n<p><span>V tomto kontextu nen\u00ed divu, \u017ee posledn\u00ed kolo obnoven\u00fdch istanbulsk\u00fdch rozhovor\u016f mezi Ruskem a Ukrajinou\u00a0<\/span><a href=\"https:\/\/www.rt.com\/news\/617758-istanbul-russia-ukraine-zelensky\/\" target=\"_blank\" rel=\"noopener noreferrer\"><span>nep\u0159ineslo \u017e\u00e1dn\u00fd pr\u016flom, jen mal\u00fd pokrok a pouze velmi skromn\u00e9 \u200b\u200bkonkr\u00e9tn\u00ed v\u00fdsledky<\/span><\/a><span>\u00a0.<\/span><\/p>\n<p><span>Tak\u00e9 v p\u0159edve\u010der rozhovor\u016f\u00a0<\/span><a href=\"https:\/\/www.rt.com\/russia\/618554-talks-or-terror-russia-ukraine\/\" target=\"_blank\" rel=\"noopener noreferrer\"><span>Zelensk\u00e9ho re\u017eim spustil teroristick\u00e9 \u00fatoky na civiln\u00ed vlaky v z\u00e1padn\u00edm Rusku a s\u00e9rii tajn\u00fdch \u00fatok\u016f dron\u016f<\/span><\/a><span>\u00a0\u00a0po cel\u00e9 zemi, kter\u00e9 \u2013 v nejvelkorysej\u0161\u00edm pojet\u00ed \u2013 zahrnovaly v\u00e1le\u010dn\u00fd zlo\u010din zrady. Ani to samoz\u0159ejm\u011b nepomohlo naj\u00edt cestu vp\u0159ed. V sou\u010dasnosti je dokonce jasn\u00e9, \u017ee zejm\u00e9na tajn\u00e9 \u00fatoky dron\u016f ze strany Kyjeva jen d\u00e1le podkopaly ji\u017e tak k\u0159ehk\u00e9 postaven\u00ed Zelensk\u00e9ho re\u017eimu ve Washingtonu:\u00a0<\/span><a href=\"https:\/\/www.msn.com\/en-in\/news\/other\/gave-putin-a-reason-to-bomb-the-hell-out-of-them-trump-defends-russia-biggest-attack-on-ukraine\/ar-AA1GgIfR?ocid=BingNewsSerp\" target=\"_blank\" rel=\"noopener noreferrer\"><span>Americk\u00fd prezident Donald Trump se v\u00fdslovn\u011b vyj\u00e1d\u0159il, \u017ee akceptuje pr\u00e1vo Ruska na masivn\u00ed odvetu<\/span><\/a><span>\u00a0, neboli, v p\u016fvodn\u00edm Trumpov\u011b stylu,\u00a0\u00a0<\/span><em><span>\u201evybombardov\u00e1n\u00ed\u201c<\/span><\/em><span>\u00a0Ukrajiny.<\/span><\/p>\n<p><span>Na\u0161t\u011bst\u00ed pro Ukrajinu je Moskva obecn\u011b zdr\u017eenliv\u011bj\u0161\u00ed, ne\u017e by byla Amerika v podobn\u00e9 situaci, a m\u011bla by tak z\u016fstat. Faktem v\u0161ak z\u016fst\u00e1v\u00e1, \u017ee kyjevsk\u00e9 tajn\u00e9 drony nep\u0159inesly \u017e\u00e1dn\u00fd podstatn\u00fd vojensk\u00fd rozd\u00edl v jej\u00ed prosp\u011bch, ale zp\u016fsobily zna\u010dn\u00e9 politick\u00e9 \u0161kody \u2013 tedy Kyjevu.<\/span><\/p>\n<p><span>Pokud jde o istanbulsk\u00e1 jedn\u00e1n\u00ed, je pravd\u011bpodobn\u00e9, \u017ee tyto \u00fatoky m\u011bly za c\u00edl je torp\u00e9dovat. Moskva v\u0161ak t\u00e9to pom\u011brn\u011b pr\u016fhledn\u00e9 h\u0159e nev\u011b\u0159ila. Objevila se jej\u00ed delegace, tak\u017ee ukrajinsk\u00e1 musela ud\u011blat tot\u00e9\u017e. Rusko nav\u00edc toto kolo jedn\u00e1n\u00ed zakon\u010dilo n\u011bkolika gesty dobr\u00e9 v\u016fle, v\u010detn\u011b dohody o v\u00fdm\u011bn\u011b obzvl\u00e1\u0161t\u011b mlad\u00fdch nebo zdravotn\u00edch zajatc\u016f a nab\u00eddky vyd\u00e1n\u00ed zmrazen\u00fdch (ve v\u00e1lce b\u011b\u017en\u00e1 praxe) t\u011bl 6 000 padl\u00fdch Ukrajinc\u016f.<\/span><\/p>\n<p><span>Ob\u011b iniciativy narazily na probl\u00e9my. P\u0159esn\u011bji \u0159e\u010deno, ob\u011bma br\u00e1n\u00ed ukrajinsk\u00e9 veden\u00ed.\u00a0<\/span><a href=\"https:\/\/www.rt.com\/russia\/618774-ukraine-halts-prisoner-return-russia\/\" target=\"_blank\" rel=\"noopener noreferrer\"><span>V\u00fdm\u011bna v\u00e1le\u010dn\u00fdch zajatc\u016f se zpozdila<\/span><\/a><span>\u00a0a ukrajin\u0161t\u00ed p\u0159edstavitel\u00e9\u00a0<\/span><a href=\"https:\/\/www.rt.com\/russia\/618766-ukraine-fails-to-conduct-exchange\/\" target=\"_blank\" rel=\"noopener noreferrer\"><span>se nedostavili na hranice, aby p\u0159evzali prvn\u00edch 1212 sv\u00fdch zesnul\u00fdch voj\u00e1k\u016f<\/span><\/a><span>\u00a0.\u00a0<\/span><a href=\"https:\/\/strana.news\/news\/486268-obmen-plennymi-i-telami-pohibshikh-79-ijunja-2025-chto-izvestno-novosti.html\" target=\"_blank\" rel=\"noopener noreferrer\"><span>Kyjev z obou p\u0159\u00edpad\u016f obvi\u0148uje Rusko<\/span><\/a><span>\u00a0. Ukrajinsk\u00e1 prohl\u00e1\u0161en\u00ed v\u0161ak ve skute\u010dnosti dokazuj\u00ed, \u017ee je to Kyjev, kdo tyto procesy p\u0159inejmen\u0161\u00edm zpomaluje. Ukrajin\u0161t\u00ed p\u0159edstavitel\u00e9 toti\u017e ve skute\u010dnosti obvi\u0148uj\u00ed Rusko z rychlej\u0161\u00edho postupu. D\u016fvody tohoto obstrukcionismu nejsou jasn\u00e9. Ukrajinsk\u00e9 \u00fa\u0159ady se o n\u011b s ve\u0159ejnost\u00ed nepod\u011blily. Existuj\u00ed v\u0161ak ur\u010dit\u00e9 v\u011brohodn\u00e9 dohady.<\/span><\/p>\n<p><span>Jedn\u00edm z velmi pravd\u011bpodobn\u00fdch d\u016fvod\u016f, pro\u010d se Kyjev zdr\u00e1h\u00e1 p\u0159ijmout 6 000 t\u011bl sv\u00fdch vlastn\u00edch padl\u00fdch voj\u00e1k\u016f, je to, \u017ee\u00a0<\/span><em><span>\u201ep\u0159ev\u00e1\u017en\u00e1 v\u011bt\u0161ina\u201c<\/span><\/em><span>\u00a0z nich byla podle ukrajinsk\u00e9ho poslance\u00a0\u00a0<\/span><a href=\"https:\/\/x.com\/colonelhomsi\/status\/1930001155905532211\" target=\"_blank\" rel=\"noopener noreferrer\"><span>zabita konkr\u00e9tn\u011b b\u011bhem \u0161\u00edlen\u00e9ho a p\u0159edv\u00eddateln\u011b katastrof\u00e1ln\u00edho vp\u00e1du Ukrajiny do rusk\u00e9 Kursk\u00e9 oblasti<\/span><\/a><span>\u00a0. Operace, kter\u00e1 byla zah\u00e1jena 6. srpna lo\u0148sk\u00e9ho roku, byla zpo\u010d\u00e1tku\u00a0<\/span><a href=\"https:\/\/www.msn.com\/en-us\/news\/world\/ukraine-s-kursk-invasion-was-a-risky-play-but-it-might-have-nailed-the-timing\/ar-AA1xQ9ZW#:~:text=Ukraine%27s%20risky%20gamble%20to%20seize%20Russian%20territory%20could,into%20the%20Russian%20region%20of%20Kursk%20in%20August.\" target=\"_blank\" rel=\"noopener noreferrer\"><span>propagov\u00e1na ukrajinsk\u00fdmi propagandisty a jejich komplici a u\u017eite\u010dn\u00fdmi idioty na Z\u00e1pad\u011b<\/span><\/a><span>\u00a0.<\/span><\/p>\n<p><span>Pro ty, kte\u0159\u00ed by m\u011bli jasno, bylo\u00a0\u00a0<\/span><a href=\"https:\/\/www.rt.com\/russia\/603501-kiev-incursion-russia-kursk\/\" target=\"_blank\" rel=\"noopener noreferrer\"><span>od za\u010d\u00e1tku z\u0159ejm\u00e9, \u017ee se jedn\u00e1 o masovou kamikadze misi<\/span><\/a><span>\u00a0, kter\u00e1 pl\u00fdtv\u00e1 ukrajinsk\u00fdmi \u017eivoty bez vojensk\u00e9 ani politick\u00e9 v\u00fdhody. Sna\u017eil se Zelensk\u00e9ho re\u017eim vytvo\u0159it \u00fazemn\u00ed\u00a0<\/span><em><span>\u201evyjedn\u00e1vac\u00ed trumf\u201c<\/span><\/em><span>\u00a0? Nebo znovu\u00a0<\/span><em><span>\u201ezm\u011bnit narativ\u201c,<\/span><\/em><span>\u00a0jako by se v\u00e1lky vyhr\u00e1valy p\u0159eps\u00e1n\u00edm filmov\u00e9ho sc\u00e9n\u00e1\u0159e? Ovlivnit lo\u0148sk\u00e9 americk\u00e9 volby? P\u0159ipravit se na mo\u017en\u00e9 v\u00edt\u011bzstv\u00ed tehdej\u0161\u00edho prezidentsk\u00e9ho kandid\u00e1ta Donalda Trumpa? V\u0161echno v\u00fd\u0161e uveden\u00e9? Nev\u00edme. V\u00edme jen to, \u017ee nic, o \u010dem Kyjev mo\u017en\u00e1 snil, nefungovalo.<\/span><\/p>\n<p><span>Kursk\u00e9 fiasko situaci Kyjeva skute\u010dn\u011b jen zhor\u0161ilo. Rusko znovu dobylo \u00fazem\u00ed v Kursk\u00e9 oblasti, kter\u00e9 Ukrajina obsadila, a postupuje na ukrajinsk\u00e9 stran\u011b hranice, zrychluj\u00edc\u00edm se tempem dob\u00fdv\u00e1 osady a bl\u00ed\u017e\u00ed se k velk\u00e9mu region\u00e1ln\u00edmu m\u011bstu Sumy. Je z\u0159ejm\u00e9, \u017ee ti, kte\u0159\u00ed padli b\u011bhem t\u00e9to sebevra\u017eedn\u00e9 mise, jsou d\u016fkazem kyjevsk\u00e9 bezohlednosti, pokrytectv\u00ed a neschopnosti. Nen\u00ed divu, \u017ee se doma zdaj\u00ed b\u00fdt m\u00e9n\u011b v\u00edt\u00e1ni.<\/span><\/p>\n<p><span>Druh\u00fd d\u016fvod kyjevsk\u00e9 neochoty m\u016f\u017ee b\u00fdt je\u0161t\u011b hor\u0161\u00ed. Nap\u0159\u00edklad na soci\u00e1ln\u00edch s\u00edt\u00edch se spekuluje, \u017ee jde o finan\u010dn\u00ed z\u00e1le\u017eitosti. A co je d\u016fle\u017eit\u011bj\u0161\u00ed, rusk\u00fd diplomat Sergej Ord\u017eonikidze u\u010dinil\u00a0<\/span><a href=\"https:\/\/t.me\/izvestia\/212396\" target=\"_blank\" rel=\"noopener noreferrer\"><span>stejn\u00e9 tvrzen\u00ed na telegramov\u00e9m kan\u00e1lu novin Izvestija<\/span><\/a><span>\u00a0. Podle ukrajinsk\u00e9 legislativy maj\u00ed rodiny padl\u00fdch voj\u00e1k\u016f n\u00e1rok na zna\u010dn\u00e9 od\u0161kodn\u011bn\u00ed. Jakkoli bolestn\u00e9 to m\u016f\u017ee b\u00fdt p\u0159izn\u00e1n\u00ed, Zelensk\u00e9ho re\u017eim nen\u00ed schopen takov\u00e9ho masivn\u00edho nedostatku zbo\u017enosti.<\/span><\/p>\n<p><span>A\u0165 u\u017e jsou p\u0159esn\u00e9 d\u016fvody podivn\u00e9ho odm\u00edtnut\u00ed Kyjeva p\u0159ijmout zp\u011bt sv\u00e9 v\u011bzn\u011b a mrtv\u00e9 jak\u00e9koli, je jist\u00e9, \u017ee jsou nicotn\u00e9. To m\u016f\u017ee b\u00fdt v rozporu s dob\u0159e organizovan\u00fdm a tvrdohlav\u011b klamn\u00fdm fanklubem Zelensk\u00e9ho na Z\u00e1pad\u011b. Ale to nejlep\u0161\u00ed, co by mohli pro\u00a0<\/span><em><span>\u201eoby\u010dejn\u00e9\u201c<\/span><\/em><span>\u00a0Ukrajince ud\u011blat, je vyvinout tlak na jejich opot\u0159ebovanou modlu, aby p\u0159ijal v\u011bzn\u011b a padl\u00e9. A samoz\u0159ejm\u011b aby kone\u010dn\u011b ukon\u010dil v\u00e1lku.<\/span><\/p>\n<p><em>Od\u00a0\u00a0<\/em><strong><em>Tarika Cyrila Amara<\/em><\/strong><em>\u00a0, historika z N\u011bmecka p\u016fsob\u00edc\u00edho na Ko\u00e7ov\u011b univerzit\u011b v Istanbulu, se zab\u00fdv\u00e1 Ruskem, Ukrajinou a v\u00fdchodn\u00ed Evropou, histori\u00ed druh\u00e9 sv\u011btov\u00e9 v\u00e1lky, kulturn\u00ed studenou v\u00e1lkou a politikou pam\u011bti.<\/em><\/p>\n<div class=\"Blog-author__cover\"><a href=\"https:\/\/swentr.site\/op-ed\/authors\/tarik-cyril-amar\/\"><img decoding=\"async\" loading=\"lazy\" class=\"\" src=\"https:\/\/mf.b37mrtl.ru\/files\/2023.11\/original\/6547ab332030276c28448944.jpg\" alt=\"Tarik Cyril Amar\" width=\"133\" height=\"166\" \/><\/a><\/div>\n<div class=\"Blog-author__text\">\n<p>&nbsp;<\/p>\n<\/div>\n","protected":false},"excerpt":{"rendered":"<p>Je z\u0159ejm\u00e9, \u017ee kontrola narativu je pro Ukrajinu d\u016fle\u017eit\u011bj\u0161\u00ed ne\u017e d\u016fstojnost jej\u00edch padl\u00fdch \u2013 nebo&#8230;<\/p>\n","protected":false},"author":2,"featured_media":80730,"comment_status":"closed","ping_status":"closed","sticky":false,"template":"","format":"standard","meta":[],"categories":[7],"tags":[1042,353,26,2228,1000],"_links":{"self":[{"href":"https:\/\/www.infokuryr.cz\/n\/wp-json\/wp\/v2\/posts\/80729"}],"collection":[{"href":"https:\/\/www.infokuryr.cz\/n\/wp-json\/wp\/v2\/posts"}],"about":[{"href":"https:\/\/www.infokuryr.cz\/n\/wp-json\/wp\/v2\/types\/post"}],"author":[{"embeddable":true,"href":"https:\/\/www.infokuryr.cz\/n\/wp-json\/wp\/v2\/users\/2"}],"replies":[{"embeddable":true,"href":"https:\/\/www.infokuryr.cz\/n\/wp-json\/wp\/v2\/comments?post=80729"}],"version-history":[{"count":0,"href":"https:\/\/www.infokuryr.cz\/n\/wp-json\/wp\/v2\/posts\/80729\/revisions"}],"wp:featuredmedia":[{"embeddable":true,"href":"https:\/\/www.infokuryr.cz\/n\/wp-json\/wp\/v2\/media\/80730"}],"wp:attachment":[{"href":"https:\/\/www.infokuryr.cz\/n\/wp-json\/wp\/v2\/media?parent=80729"}],"wp:term":[{"taxonomy":"category","embeddable":true,"href":"https:\/\/www.infokuryr.cz\/n\/wp-json\/wp\/v2\/categories?post=80729"},{"taxonomy":"post_tag","embeddable":true,"href":"https:\/\/www.infokuryr.cz\/n\/wp-json\/wp\/v2\/tags?post=80729"}],"curies":[{"name":"wp","href":"https:\/\/api.w.org\/{rel}","templated":true}]}}