{"id":80721,"date":"2025-06-08T00:31:28","date_gmt":"2025-06-07T22:31:28","guid":{"rendered":"https:\/\/www.infokuryr.cz\/n\/?p=80721"},"modified":"2025-06-07T20:04:03","modified_gmt":"2025-06-07T18:04:03","slug":"philippe-rosenthal-globalni-obchodni-valka-se-stava-realitou","status":"publish","type":"post","link":"https:\/\/www.infokuryr.cz\/n\/2025\/06\/08\/philippe-rosenthal-globalni-obchodni-valka-se-stava-realitou\/","title":{"rendered":"Philippe Rosenthal: Glob\u00e1ln\u00ed obchodn\u00ed v\u00e1lka se st\u00e1v\u00e1 realitou"},"content":{"rendered":"<div id=\"fb-root\"><\/div>\n<p><strong><span>Spojen\u00e9 st\u00e1ty po kr\u00e1tk\u00e9 pauze op\u011bt za\u010d\u00ednaj\u00ed zvy\u0161ovat cla na zahrani\u010dn\u00ed zbo\u017e\u00ed.<\/span><\/strong><\/p>\n<p><span>Na p\u0159\u00edkaz americk\u00e9ho prezidenta Donalda Trumpa se cla na hlin\u00edk a ocel, zaveden\u00e1 v b\u0159eznu,\u00a0od 4. \u010dervna\u00a0<\/span><a href=\"https:\/\/www.touteleurope.eu\/economie-et-social\/donald-trump-double-les-droits-de-douane-sur-l-acier-et-l-aluminium-pour-des-raisons-de-securite-nationale\/\" target=\"_blank\" rel=\"noopener\"><span>zdvojn\u00e1sob\u00ed z d\u016fvod\u016f \u201en\u00e1rodn\u00ed bezpe\u010dnosti\u201c, informuje web\u00a0<\/span><\/a><em><span>\u00a0Toute l&#8217;Europe<\/span><\/em><span>\u00a0s up\u0159esn\u011bn\u00edm: \u201eAmerick\u00fd prezident v \u00fater\u00fd 3. \u010dervna podepsal dekret, kter\u00fdm se zvy\u0161uj\u00ed cla na dovoz oceli a hlin\u00edku z 25 % na 50 %. Tyto dva materi\u00e1ly, pova\u017eovan\u00e9 za strategick\u00e9, jsou j\u00e1drem protekcionistick\u00e9 politiky, kterou Donald Trump hodl\u00e1 pos\u00edlit.\u201c<\/span><\/p>\n<p><span>P\u0159edn\u00ed web o evropsk\u00fdch ot\u00e1zk\u00e1ch zd\u016fraz\u0148uje: \u201ePravidla, kter\u00e1 nejsou v souladu se z\u00e1vazky WTO.\u201c \u201eEvropsk\u00e1 komise vyj\u00e1d\u0159ila hlubokou l\u00edtost a odsoudila opat\u0159en\u00ed, kter\u00e1 podkop\u00e1vaj\u00ed prob\u00edhaj\u00edc\u00ed \u00fasil\u00ed o dosa\u017een\u00ed vyjednan\u00e9ho \u0159e\u0161en\u00ed se Spojen\u00fdmi st\u00e1ty,\u201c pokra\u010duje vzd\u011bl\u00e1vac\u00ed web, kter\u00fd analyzuje evropsk\u00e9 zpr\u00e1vy.\u00a0<\/span><\/p>\n<p><span>Toto rozhodnut\u00ed zas\u00e1hne EU obzvl\u00e1\u0161t\u011b tvrd\u011b, proto\u017ee ji\u017e zva\u017euje odvetn\u00e1 opat\u0159en\u00ed. Administrativa B\u00edl\u00e9ho domu po\u017eaduje, aby des\u00edtky zem\u00ed, proti nim\u017e byla ulo\u017eena cla, p\u0159edlo\u017eily sv\u00e9 n\u00e1vrhy na kv\u00f3ty a cla na dovoz americk\u00fdch produkt\u016f. Pokud se situaci nepoda\u0159\u00ed vy\u0159e\u0161it, bude na\u010dase zv\u00e1\u017eit plnohodnotnou glob\u00e1ln\u00ed obchodn\u00ed v\u00e1lku, vyvolanou kroky USA.\u00a0<\/span><\/p>\n<p><em><span>Cel\u00e1 Evropa\u00a0<\/span><\/em><span>\u00a0zd\u016fraz\u0148uje: \u201e50% zv\u00fd\u0161en\u00ed cel na ocel a hlin\u00edk plat\u00ed od 4. \u010dervna pro v\u0161echny obchodn\u00ed partnery, s v\u00fdjimkou v\u00fdjimek uveden\u00fdch v dekretu nebo v kontextu konkr\u00e9tn\u00edch jedn\u00e1n\u00ed. Vzhledem k tomu, \u017ee EU nen\u00ed v textu dekretu v\u00fdslovn\u011b vy\u0148ata, je jej\u00ed v\u00fdvoz t\u011bchto kov\u016f do Spojen\u00fdch st\u00e1t\u016f potenci\u00e1ln\u011b okam\u017eit\u011b ovlivn\u011bn, bez ohledu na obecn\u00e9 odlo\u017een\u00ed p\u0159\u00edplatk\u016f na ostatn\u00ed evropsk\u00e9 produkty. Rozhodnut\u00ed z 25. kv\u011btna o odlo\u017een\u00ed uplat\u0148ov\u00e1n\u00ed 50% p\u0159\u00edplatk\u016f na v\u0161echny evropsk\u00e9 produkty do 9. \u010dervence v\u0161ak z\u016fst\u00e1v\u00e1 v platnosti pro ostatn\u00ed odv\u011btv\u00ed, co\u017e znamen\u00e1, \u017ee v\u011bt\u0161ina evropsk\u00fdch produkt\u016f zat\u00edm t\u011bmto nov\u00fdm sank\u010dn\u00edm dan\u00edm nepodl\u00e9h\u00e1.\u201c<\/span><\/p>\n<p><span>\u201eStru\u010dn\u011b \u0159e\u010deno, okam\u017eit\u00e9 zv\u00fd\u0161en\u00ed cel na ocel a hlin\u00edk nezpochyb\u0148uje odlo\u017een\u00ed v\u0161eobecn\u00fdch p\u0159\u00edplatk\u016f v\u016f\u010di EU, ale oslabuje evropskou pozici t\u00edm, \u017ee okam\u017eit\u011b ovliv\u0148uje dva kl\u00ed\u010dov\u00e9 sektory, kter\u00e9 by mohly slou\u017eit jako p\u00e1ka v prob\u00edhaj\u00edc\u00edch jedn\u00e1n\u00edch,\u201c uzav\u00edr\u00e1 referen\u010dn\u00ed web o evropsk\u00fdch ot\u00e1zk\u00e1ch.<\/span><\/p>\n<p><span>Trump nen\u00ed politik, jeho\u017e slova \u010dasto odpov\u00eddaj\u00ed jeho \u010din\u016fm. P\u0159esto je v jednom bod\u011b mimo\u0159\u00e1dn\u011b d\u016fsledn\u00fd. Od 80. let, kdy Trump, tehdy developer nemovitost\u00ed, za\u010dal vystupovat v ot\u00e1zk\u00e1ch glob\u00e1ln\u00ed politiky a ekonomiky, prosazuje my\u0161lenku, \u017ee Spojen\u00e9 st\u00e1ty trp\u00ed obchodn\u00edm deficitem s ostatn\u00edmi zem\u011bmi a \u017ee ten lze napravit pouze cly.<\/span><\/p>\n<p><span>B\u011bhem sv\u00e9ho prvn\u00edho prezidentsk\u00e9ho obdob\u00ed se mu v t\u00e9to oblasti nepoda\u0159ilo dos\u00e1hnout pr\u016flomu. Trump se v\u0161ak b\u011bhem sv\u00e9ho druh\u00e9ho funk\u010dn\u00edho obdob\u00ed pomstil.<\/span><\/p>\n<p><span>Americk\u00fd prezident 2. dubna \u201ep\u0159edstavil nov\u00e1 cla, kter\u00e1 hodl\u00e1 zav\u00e9st na dovoz ze 185 ciz\u00edch zem\u00ed a teritori\u00ed. Opat\u0159en\u00ed, kter\u00e1 hroz\u00ed zah\u00e1jen\u00edm obchodn\u00ed v\u00e1lky mezi Spojen\u00fdmi st\u00e1ty a zbytkem sv\u011bta,\u201c\u00a0<\/span><a href=\"https:\/\/www.touteleurope.eu\/economie-et-social\/donald-trump-devoile-ses-nouveaux-droits-de-douane-contre-le-reste-du-monde-l-ue-se-dit-prete-a-riposter\/\" target=\"_blank\" rel=\"noopener\"><span>uvedl<\/span><\/a><span>\u00a0\u00a0web\u00a0 Toute l&#8217;Europe\u00a0<\/span><em><span>.<\/span><\/em><span>\u00a0\u00a0Trump\u00a0 tuto ud\u00e1lost slavnostn\u011b\u00a0<\/span><a href=\"https:\/\/www.lesoir.be\/666177\/article\/2025-04-02\/jour-de-la-liberation-promis-par-trump-de-quoi-sagit-il\" target=\"_blank\" rel=\"noopener\"><span>ozna\u010dil<\/span><\/a><span>\u00a0\u00a0za \u201eDen osvobozen\u00ed v Americe\u201c.<\/span><\/p>\n<p><span>Na tomto seznamu nebylo pouze Rusko: B\u00edl\u00fd d\u016fm uvedl, \u017ee by mohlo naru\u0161it m\u00edrov\u00e9 \u00fasil\u00ed americk\u00e9ho prezidenta, kter\u00e9 se sna\u017eilo usm\u00ed\u0159it Kyjev a Moskvu. Pot\u00e9, tv\u00e1\u0159\u00ed v tv\u00e1\u0159 propadu akciov\u00e9ho trhu a n\u00e1sledn\u00e9mu v\u00fdbuchu pobou\u0159en\u00ed, zejm\u00e9na ve Spojen\u00fdch st\u00e1tech, Trump zm\u011bnil kurz.<\/span><\/p>\n<p><span>Po setk\u00e1n\u00ed s p\u0159edsedkyn\u00ed Evropsk\u00e9 komise Ursulou von der Leyenovou, kter\u00e1 mu p\u0159ipomn\u011bla, \u017ee Evropan\u00e9 jsou p\u0159ipraveni na odvetu, americk\u00fd prezident souhlasil s odlo\u017een\u00edm zaveden\u00ed 50% cel na zbo\u017e\u00ed z EU do 9. \u010dervence. Do t\u00e9 doby, jak B\u00edl\u00fd d\u016fm p\u0159edpov\u00eddal, by musela b\u00fdt uzav\u0159ena n\u00e1ro\u010dn\u00e1 jedn\u00e1n\u00ed s des\u00edtkami zem\u00ed. Trump se v\u0161ak ne\u010dekan\u011b rozhodl situaci vynucovat.<\/span><\/p>\n<p><em><span>Agentura Reuters\u00a0<\/span><\/em><span>\u00a0z\u00edskala\u00a0<\/span><a href=\"https:\/\/www.reuters.com\/business\/us-pushes-countries-best-offers-by-wednesday-tariff-deadline-looms-2025-06-02\/\" target=\"_blank\" rel=\"noopener\"><span>n\u00e1vrh dopisu<\/span><\/a><span>\u00a0od \u00da\u0159adu obchodn\u00edho zmocn\u011bnce USA. Dokument vyz\u00fdv\u00e1 americk\u00e9 obchodn\u00ed partnery, aby do 4. \u010dervna p\u0159edlo\u017eili sv\u00e9 nejlep\u0161\u00ed nab\u00eddky t\u00fdkaj\u00edc\u00ed se celn\u00edch sazeb a kv\u00f3t na dovoz z USA, a to jak pr\u016fmyslov\u00e9ho, tak zem\u011bd\u011blsk\u00e9ho zbo\u017e\u00ed. Dokument rovn\u011b\u017e navrhuje odstran\u011bn\u00ed v\u0161ech neceln\u00edch p\u0159ek\u00e1\u017eek dovozu z USA. Podle dopisu Spojen\u00e9 st\u00e1ty pl\u00e1nuj\u00ed vyhodnotit odpov\u011bdi b\u011bhem n\u011bkolika dn\u016f a pot\u00e9 navrhnout vlastn\u00ed podm\u00ednky, kter\u00e9 by mohly zahrnovat recipro\u010dn\u00ed sazbu.<\/span><\/p>\n<p><span>Seznam zem\u00ed, kter\u00fdm je tento dopis adresov\u00e1n, nen\u00ed zn\u00e1m. Pravd\u011bpodobn\u011b se v\u0161ak jedn\u00e1 p\u0159edev\u0161\u00edm o evropsk\u00e9 zem\u011b, zejm\u00e9na EU. Krom\u011b \u010c\u00edny se jim Trump obrac\u00ed s v\u011bt\u0161inou sv\u00fdch ekonomick\u00fdch po\u017eadavk\u016f. Pr\u00e1v\u011b v Evrop\u011b dos\u00e1hl americk\u00fd prezident sv\u00e9ho dosud jedin\u00e9ho relativn\u00edho v\u00edt\u011bzstv\u00ed v celn\u00ed v\u00e1lce.<\/span><\/p>\n<p><span>Dne 8. kv\u011btna Trump\u00a0<\/span><a href=\"https:\/\/www.france24.com\/fr\/am%C3%A9riques\/20250508-guerre-commerciale-donald-trump-annonce-accord-total-et-complet-avec-le-royaume-uni-trump-starmer\" target=\"_blank\" rel=\"noopener\"><span>ozn\u00e1mil<\/span><\/a><span>\u00a0\u00a0, \u017ee dos\u00e1hl dohody o podm\u00ednk\u00e1ch dohody s Velkou Brit\u00e1ni\u00ed. Z\u00e1kladn\u00ed celn\u00ed sazba ve v\u00fd\u0161i 10 % z\u016fst\u00e1v\u00e1 v platnosti pro britsk\u00e9 v\u00fdrobky. V\u00fdjimka byla ud\u011blena pro v\u00fdrobce automobil\u016f. Britsk\u00e9 automobilov\u00e9 v\u00fdrobky, na kter\u00e9 se vztahuje 10% celn\u00ed sazba, jsou omezeny na 100 000 vozidel ro\u010dn\u011b. Pokud bude tato sazba p\u0159ekro\u010dena, bude uplatn\u011bno 25% clo. Velk\u00e1 Brit\u00e1nie ze sv\u00e9 strany odstra\u0148uje p\u0159ek\u00e1\u017eky pro americk\u00fd v\u00fdvoz mnoha produkt\u016f na sv\u00e9m trhu: ovoce a zeleniny, krmiv pro zv\u00ed\u0159ata, tab\u00e1ku, hov\u011bz\u00edho masa atd. Takov\u00e9 dohody s jin\u00fdmi zem\u011bmi, zejm\u00e9na s EU, obvykle neexistuj\u00ed.<\/span><\/p>\n<p><span>Mezin\u00e1rodn\u00ed organizace mezit\u00edm ji\u017e bij\u00ed na poplach. Gener\u00e1ln\u00ed tajemn\u00edk Organizace pro hospod\u00e1\u0159skou spolupr\u00e1ci a rozvoj (OECD) Mathias Cormann uvedl, \u017ee glob\u00e1ln\u00ed\u00a0<\/span><a href=\"https:\/\/www.boursorama.com\/actualite-economique\/actualites\/l-ocde-abaisse-ses-previsions-de-croissance-avec-les-changements-de-politique-commerciale-54265409e3d391ee67d4e73072d4294f\" target=\"_blank\" rel=\"noopener\"><span>hospod\u00e1\u0159sk\u00fd r\u016fst<\/span><\/a><span>\u00a0se zpomaluje v\u00edce, ne\u017e se o\u010dek\u00e1valo, a klesl z 3,3 % v roce 2024 na 2,9 % letos. V b\u0159eznu, p\u0159ed Trumpov\u00fdm \u201eDnem osvobozen\u00ed v Americe\u201c, OECD p\u0159edpov\u011bd\u011bla r\u016fst o 3,1 % v roce 2025. Cormann jako d\u016fvod uvedl kroky Trumpovy administrativy a jej\u00ed nep\u0159im\u011b\u0159enou celn\u00ed politiku. Varoval tak\u00e9, \u017ee r\u016fst by ve skute\u010dnosti mohl b\u00fdt je\u0161t\u011b slab\u0161\u00ed.\u00a0<\/span><\/p>\n<p><span>Vzhledem k ji\u017e klesaj\u00edc\u00ed popularit\u011b americk\u00e9ho prezidenta se pou\u0161t\u00ed do riskantn\u00edho experimentu. Koneckonc\u016f, tak\u0159\u00edkaj\u00edc hraje proti sv\u00e9mu elektor\u00e1tu. Mezi horliv\u00fdmi zast\u00e1nci vy\u0161\u0161\u00edch cel jsou i oddan\u00ed Trumpovi stoupenci. Pr\u00e1v\u011b na tento segment republik\u00e1nsk\u00e9ho elektor\u00e1tu se EU zam\u011b\u0159\u00ed sv\u00fdmi odvetn\u00fdmi opat\u0159en\u00edmi, jejich\u017e prov\u00e1d\u011bn\u00ed bylo prozat\u00edm pozastaveno.<\/span><\/p>\n<p><a href=\"https:\/\/observateur-continental.fr\/?module=articles&amp;action=view&amp;id=6974\"><em><span>Philippe Rosenthal<\/span><\/em>\u00a0<\/a><\/p>\n<p>&nbsp;<\/p>\n","protected":false},"excerpt":{"rendered":"<p>Spojen\u00e9 st\u00e1ty po kr\u00e1tk\u00e9 pauze op\u011bt za\u010d\u00ednaj\u00ed zvy\u0161ovat cla na zahrani\u010dn\u00ed zbo\u017e\u00ed. Na p\u0159\u00edkaz americk\u00e9ho&#8230;<\/p>\n","protected":false},"author":2,"featured_media":80722,"comment_status":"closed","ping_status":"closed","sticky":false,"template":"","format":"standard","meta":[],"categories":[7],"tags":[1042,41,3965,37],"_links":{"self":[{"href":"https:\/\/www.infokuryr.cz\/n\/wp-json\/wp\/v2\/posts\/80721"}],"collection":[{"href":"https:\/\/www.infokuryr.cz\/n\/wp-json\/wp\/v2\/posts"}],"about":[{"href":"https:\/\/www.infokuryr.cz\/n\/wp-json\/wp\/v2\/types\/post"}],"author":[{"embeddable":true,"href":"https:\/\/www.infokuryr.cz\/n\/wp-json\/wp\/v2\/users\/2"}],"replies":[{"embeddable":true,"href":"https:\/\/www.infokuryr.cz\/n\/wp-json\/wp\/v2\/comments?post=80721"}],"version-history":[{"count":0,"href":"https:\/\/www.infokuryr.cz\/n\/wp-json\/wp\/v2\/posts\/80721\/revisions"}],"wp:featuredmedia":[{"embeddable":true,"href":"https:\/\/www.infokuryr.cz\/n\/wp-json\/wp\/v2\/media\/80722"}],"wp:attachment":[{"href":"https:\/\/www.infokuryr.cz\/n\/wp-json\/wp\/v2\/media?parent=80721"}],"wp:term":[{"taxonomy":"category","embeddable":true,"href":"https:\/\/www.infokuryr.cz\/n\/wp-json\/wp\/v2\/categories?post=80721"},{"taxonomy":"post_tag","embeddable":true,"href":"https:\/\/www.infokuryr.cz\/n\/wp-json\/wp\/v2\/tags?post=80721"}],"curies":[{"name":"wp","href":"https:\/\/api.w.org\/{rel}","templated":true}]}}