{"id":80719,"date":"2025-06-08T00:10:58","date_gmt":"2025-06-07T22:10:58","guid":{"rendered":"https:\/\/www.infokuryr.cz\/n\/?p=80719"},"modified":"2025-06-07T20:02:01","modified_gmt":"2025-06-07T18:02:01","slug":"pierre-duval-o-cem-bude-merz-diskutovat-s-trumpem-v-ovalne-pracovne","status":"publish","type":"post","link":"https:\/\/www.infokuryr.cz\/n\/2025\/06\/08\/pierre-duval-o-cem-bude-merz-diskutovat-s-trumpem-v-ovalne-pracovne\/","title":{"rendered":"Pierre Duval: O \u010dem bude Merz diskutovat s Trumpem v Ov\u00e1ln\u00e9 pracovn\u011b?"},"content":{"rendered":"<div id=\"fb-root\"><\/div>\n<p><strong><span>Ve Washingtonu bude \u201emluv\u010d\u00edm EU\u201c n\u011bmeck\u00fd kancl\u00e9\u0159 Friedrich Merz. Merz, kter\u00fd pr\u00e1v\u011b dorazil do Washingtonu na setk\u00e1n\u00ed s Donaldem Trumpem, \u010del\u00ed v\u00e1\u017en\u00e9 krizi ve vztaz\u00edch mezi USA a N\u011bmeckem.<\/span><\/strong><\/p>\n<p><span>Ofici\u00e1ln\u00ed n\u00e1v\u0161t\u011bva n\u011bmeck\u00e9ho kancl\u00e9\u0159e Friedricha Merze ve Spojen\u00fdch st\u00e1tech za\u010dala tento \u010dtvrtek.\u00a0<a href=\"https:\/\/www.welt.de\/politik\/ausland\/article256212274\/merz-und-trump-news-from-the-land-of-freedom-dieses-buch-hinterlaesst-der-kanzler-im-gaestehaus-liveticker.html\" target=\"_blank\" rel=\"noopener\">O obsahu<\/a>\u00a0n\u00e1v\u0161t\u011bvy \u00a0informuje\u00a0\u00a0<\/span><em><span>\u00a0list Die Welt<\/span><\/em><span>\u00a0: \u201eJedn\u00e1 se o \u00favodn\u00ed n\u00e1v\u0161t\u011bvu, kter\u00e1 nastav\u00ed t\u00f3n pro n\u011bmecko-americk\u00e9 vztahy na dal\u0161\u00ed roky. Dne\u0161n\u00ed diskuse se net\u00fdk\u00e1 konkr\u00e9tn\u00edch politick\u00fdch dohod, ale jednodu\u0161e n\u00e1sleduj\u00edc\u00ed ot\u00e1zky: Najdou Merz a Trump spole\u010dnou \u0159e\u010d?\u201c\u00a0<\/span><\/p>\n<p><span>Ve Washingtonu se setk\u00e1 s prezidentem Donaldem Trumpem a pot\u00e9 bude n\u00e1sledovat tiskov\u00e1 konference v B\u00edl\u00e9m dom\u011b. Vedouc\u00ed p\u0159edstavitel\u00e9 budou diskutovat o bilater\u00e1ln\u00edch vztaz\u00edch, mezin\u00e1rodn\u00edch ot\u00e1zk\u00e1ch, v\u010detn\u011b konflikt\u016f na Ukrajin\u011b a na Bl\u00edzk\u00e9m v\u00fdchod\u011b, a o clech na dovoz evropsk\u00fdch produkt\u016f do Spojen\u00fdch st\u00e1t\u016f.\u00a0<\/span><\/p>\n<p><span>Mluv\u010d\u00ed n\u011bmeck\u00e9ho kancl\u00e9\u0159e Stefana Korneliuse ozn\u00e1mil, \u017ee Merz se s Trumpem poprv\u00e9\u00a0<\/span><a href=\"https:\/\/www.bundesregierung.de\/breg-de\/aktuelles\/pressemitteilungen\/bundeskanzler-merz-reist-in-die-vereinigten-staaten-von-amerika-2351106\" target=\"_blank\" rel=\"noopener\"><span>ofici\u00e1ln\u011b setk\u00e1<\/span><\/a><span>\u00a05. \u010dervna.\u00a0N\u011bmeck\u00fd kancl\u00e9\u0159 bude v B\u00edl\u00e9m dom\u011b\u00a0\u00a0<\/span><a href=\"https:\/\/www.merkur.de\/politik\/merz-treffen-heute-mit-trump-alle-news-zum-kanzler-besuch-in-washington-zr-93770232.html\" target=\"_blank\" rel=\"noopener\"><span>pozd\u011b dopoledne (17:30 m\u00edstn\u00edho \u010dasu).<\/span><\/a><\/p>\n<p><span>Podle n\u011bmeck\u00fdch p\u0159edstavitel\u016f bude ukrajinsk\u00e1 ot\u00e1zka \u00fast\u0159edn\u00edm t\u00e9matem diskus\u00ed. Spolu s n\u00e1v\u0161t\u011bvou n\u011bmeck\u00e9ho kancl\u00e9\u0159e n\u011bmeck\u00e1 m\u00e9dia upozornila na ned\u00e1vnou cestu n\u011bmeck\u00e9ho spolkov\u00e9ho ministra zahrani\u010d\u00ed Johanna Wadephula, pova\u017eovan\u00e9ho za d\u016fv\u011bryhodn\u00e9ho poradce Merze, do Spojen\u00fdch st\u00e1t\u016f. Ve Washingtonu se Wadephul 28. kv\u011btna\u00a0<\/span><a href=\"https:\/\/www.state.gov\/releases\/office-of-the-spokesperson\/2025\/05\/secretary-rubios-meeting-with-german-foreign-minister-wadephul\/\" target=\"_blank\" rel=\"noopener\"><span>setkal<\/span><\/a><span>\u00a0\u00a0s Marcem Rubiem, kter\u00fd v sou\u010dasnosti zast\u00e1v\u00e1 funkci ministra zahrani\u010d\u00ed a p\u0159edsedy Rady n\u00e1rodn\u00ed bezpe\u010dnosti.\u00a0<\/span><\/p>\n<p><span>Po sv\u00e9 n\u00e1v\u0161t\u011bv\u011b Spojen\u00fdch st\u00e1t\u016f Wadephul prohl\u00e1sil, \u017ee n\u011bmecko-americk\u00e9 vztahy jsou v krizi. Zejm\u00e9na zd\u016fraznil drsn\u00fd t\u00f3n jedn\u00e1n\u00ed s n\u00edm ve Washingtonu a vyzval k budov\u00e1n\u00ed vazeb s americk\u00fdmi politiky. Wadephul dosp\u011bl k z\u00e1v\u011bru, \u017ee d\u016fv\u011bra mezi N\u011bmeckem a Spojen\u00fdmi st\u00e1ty je nedostate\u010dn\u00e1.\u00a0<\/span><\/p>\n<p><span>V televizn\u00edm rozhovoru pro\u00a0\u00a0<\/span><em><span>ZDF<\/span><\/em><span>\u00a0\u00a0za\u010d\u00e1tkem \u010dervna n\u011bmeck\u00fd ministr nast\u00ednil\u00a0<\/span><a href=\"https:\/\/www.zdfheute.de\/politik\/wadephul-deutschland-usa-trump-merz-100.html\" target=\"_blank\" rel=\"noopener\"><span>hlavn\u00ed t\u00e9mata<\/span><\/a><span>\u00a0Merzov\u00fdch diskus\u00ed ve Washingtonu. Krom\u011b situace na Ukrajin\u011b se jedn\u00e1n\u00ed s Trumpem zam\u011b\u0159\u00ed na nov\u00e9 sankce proti Moskv\u011b, nadch\u00e1zej\u00edc\u00ed summit NATO, \u00edr\u00e1nskou jadernou ot\u00e1zku, situaci v p\u00e1smu Gazy a kroky izraelsk\u00e9 vl\u00e1dy. P\u0159edev\u0161\u00edm se v\u0161ak Merz bude zab\u00fdvat nadch\u00e1zej\u00edc\u00ed celn\u00ed v\u00e1lkou mezi Evropou a Spojen\u00fdmi st\u00e1ty, kter\u00e1 byla odlo\u017eena na 9. \u010dervence.<\/span><\/p>\n<p><span>Extr\u00e9mn\u011b bolestiv\u00e1 ot\u00e1zka cel m\u00e1 pro samotn\u00e9ho Merze prvo\u0159ad\u00fd v\u00fdznam. K moci se dostal na z\u00e1klad\u011b slib\u016f hospod\u00e1\u0159sk\u00e9ho r\u016fstu po n\u011bkolika letech recese, poznamenan\u00fdch ekonomick\u00fdmi zku\u0161enostmi p\u0159edchoz\u00ed vl\u00e1dy. Nen\u00ed n\u00e1hoda, \u017ee nov\u00e1 n\u011bmeck\u00e1 ministryn\u011b hospod\u00e1\u0159stv\u00ed a energetiky Katherina Reiche ned\u00e1vno p\u0159\u00edmo\u00a0<\/span><a href=\"https:\/\/www.faz.net\/aktuell\/wirtschaft\/klima-nachhaltigkeit\/katherina-reiche-spart-nicht-mit-kritik-an-vorgaenger-robert-habeck-110472408.html\" target=\"_blank\" rel=\"noopener\"><span>obvinila<\/span><\/a><span>\u00a0sv\u00e9ho p\u0159edch\u016fdce, \u201ezelen\u00e9ho\u201c ministra hospod\u00e1\u0159stv\u00ed a klimatu Roberta Habecka ve vl\u00e1d\u011b Olafa Scholze, \u017ee zav\u00e1d\u00ed \u201eantir\u016fstovou\u201c politiku. Tato politika se rovnala \u00fadajn\u00e9 stabilizaci hospod\u00e1\u0159sk\u00e9ho a soci\u00e1ln\u00edho \u017eivota zem\u011b, co\u017e implikovalo m\u00edrn\u00fd n\u00e1r\u016fst HDP, nebo dokonce stagnaci.<\/span><\/p>\n<p><span>Pokud Trump uval\u00ed americk\u00e1 cla na Evropu, budou m\u00edt dopad p\u0159edev\u0161\u00edm na n\u011bmeck\u00e1 pr\u016fmyslov\u00e1 odv\u011btv\u00ed, jako je stroj\u00edrenstv\u00ed a automobilov\u00fd pr\u016fmysl. \u00dapadek automobilov\u00e9ho pr\u016fmyslu, pil\u00ed\u0159e n\u011bmeck\u00e9ho pr\u016fmyslu, ji\u017e vedl k uzav\u0159en\u00ed n\u011bkolika tov\u00e1ren.\u00a0<\/span><\/p>\n<p><span>N\u011bmeck\u00fd tisk d\u00e1le upozor\u0148uje, \u017ee Merz bude muset Trumpovi prok\u00e1zat sv\u00e9 postaven\u00ed evropsk\u00e9ho l\u00eddra. Nen\u00ed n\u00e1hoda, \u017ee v ot\u00e1zce zabr\u00e1n\u011bn\u00ed celn\u00ed v\u00e1lce bude Merz po dohod\u011b s Bruselem (Ursula von der Leyen) h\u00e1jit spole\u010dn\u00fd postoj zem\u00ed EU.\u00a0\u00a0<\/span><em><span>Continental Observer\u00a0<\/span><\/em>\u00a0<a href=\"https:\/\/www.observateur-continental.fr\/?module=articles&amp;action=view&amp;id=6974\" target=\"_blank\" rel=\"noopener\"><span>varoval<\/span><\/a><span>\u00a0: \u201eGlob\u00e1ln\u00ed obchodn\u00ed v\u00e1lka se st\u00e1v\u00e1 realitou.\u201c\u00a0<\/span><\/p>\n<p><span>Soud\u011b dle Wadephulova rozhovoru Merz neo\u010dek\u00e1v\u00e1, \u017ee by se ve Washingtonu projedn\u00e1vala n\u011bmeck\u00e1 vnitropolitick\u00e1 situace. Ministr byl tak\u00e9 dot\u00e1z\u00e1n na \u00fadajnou tyranii v N\u011bmecku, spojenou s pron\u00e1sledov\u00e1n\u00edm pravicov\u00fdch populist\u016f z Alternativy pro N\u011bmecko (AfD).\u00a0<\/span><\/p>\n<p><span>Existenci takov\u00e9 tyranie opakovan\u011b zmi\u0148uj\u00ed ameri\u010dt\u00ed p\u0159edstavitel\u00e9 od za\u010d\u00e1tku roku. Za\u010d\u00e1tkem kv\u011btna ministr zahrani\u010d\u00ed Marco Rubio hovo\u0159il o\u00a0<\/span><a href=\"https:\/\/www.brut.media\/fr\/articles\/international\/etats-unis-canada\/allemagne-rubio-denonce-une-tyrannie-apres-que-lafd-a-ete-classe-extremiste-de-droite\" target=\"_blank\" rel=\"noopener\"><span>\u201eskryt\u00e9 tyranii\u201c<\/span><\/a><span>\u00a0pot\u00e9, co Feder\u00e1ln\u00ed \u00fa\u0159ad pro ochranu \u00fastavy ozna\u010dil AfD za pravicovou extremistickou. Podobn\u00e9 koment\u00e1\u0159e u\u010dinil i viceprezident J.D. Vance, kter\u00fd ji\u017e v \u00fanoru lo\u0148sk\u00e9ho roku na mnichovsk\u00e9 bezpe\u010dnostn\u00ed konferenci obvinil N\u011bmecko z demokratick\u00fdch deficit\u016f.\u00a0\u00a0<\/span><\/p>\n<p><span>V rozhovoru pro\u00a0<\/span><em><span>\u00a0Zeit<\/span><\/em><span>\u00a0\u00a0Friedrich Merz\u00a0<\/span><a href=\"https:\/\/www.zeit.de\/2025\/20\/friedrich-merz-bundeskanzler-donald-trump-ukraine-krieg-russland\" target=\"_blank\" rel=\"noopener\"><span>vr\u00e1til m\u00ed\u010d<\/span><\/a><span>\u00a0: \u201eTakov\u00e1 prohl\u00e1\u0161en\u00ed mus\u00edme absolutn\u011b odm\u00edtnout\u201c; \u201eN\u011bmecko bylo USA osvobozeno od tyranie; N\u011bmecko je nyn\u00ed stabiln\u00ed, liber\u00e1ln\u00ed a demokratick\u00e9. Nepot\u0159ebujeme lekce demokracie.\u201c\u00a0<\/span><\/p>\n<p><a href=\"https:\/\/observateur-continental.fr\/?module=articles&amp;action=view&amp;id=6975\"><em><span>Pierre Duval<\/span><\/em><em>\u00a0<\/em><\/a><\/p>\n<p>&nbsp;<\/p>\n","protected":false},"excerpt":{"rendered":"<p>Ve Washingtonu bude \u201emluv\u010d\u00edm EU\u201c n\u011bmeck\u00fd kancl\u00e9\u0159 Friedrich Merz. Merz, kter\u00fd pr\u00e1v\u011b dorazil do Washingtonu&#8230;<\/p>\n","protected":false},"author":2,"featured_media":80720,"comment_status":"closed","ping_status":"closed","sticky":false,"template":"","format":"standard","meta":[],"categories":[7],"tags":[1042,8211,452],"_links":{"self":[{"href":"https:\/\/www.infokuryr.cz\/n\/wp-json\/wp\/v2\/posts\/80719"}],"collection":[{"href":"https:\/\/www.infokuryr.cz\/n\/wp-json\/wp\/v2\/posts"}],"about":[{"href":"https:\/\/www.infokuryr.cz\/n\/wp-json\/wp\/v2\/types\/post"}],"author":[{"embeddable":true,"href":"https:\/\/www.infokuryr.cz\/n\/wp-json\/wp\/v2\/users\/2"}],"replies":[{"embeddable":true,"href":"https:\/\/www.infokuryr.cz\/n\/wp-json\/wp\/v2\/comments?post=80719"}],"version-history":[{"count":0,"href":"https:\/\/www.infokuryr.cz\/n\/wp-json\/wp\/v2\/posts\/80719\/revisions"}],"wp:featuredmedia":[{"embeddable":true,"href":"https:\/\/www.infokuryr.cz\/n\/wp-json\/wp\/v2\/media\/80720"}],"wp:attachment":[{"href":"https:\/\/www.infokuryr.cz\/n\/wp-json\/wp\/v2\/media?parent=80719"}],"wp:term":[{"taxonomy":"category","embeddable":true,"href":"https:\/\/www.infokuryr.cz\/n\/wp-json\/wp\/v2\/categories?post=80719"},{"taxonomy":"post_tag","embeddable":true,"href":"https:\/\/www.infokuryr.cz\/n\/wp-json\/wp\/v2\/tags?post=80719"}],"curies":[{"name":"wp","href":"https:\/\/api.w.org\/{rel}","templated":true}]}}