{"id":80714,"date":"2025-06-08T00:29:57","date_gmt":"2025-06-07T22:29:57","guid":{"rendered":"https:\/\/www.infokuryr.cz\/n\/?p=80714"},"modified":"2025-06-07T19:55:45","modified_gmt":"2025-06-07T17:55:45","slug":"alexandre-lemoine-washington-odmita-leteckou-ochranu-sil-eu-v-povalecne-ukrajine","status":"publish","type":"post","link":"https:\/\/www.infokuryr.cz\/n\/2025\/06\/08\/alexandre-lemoine-washington-odmita-leteckou-ochranu-sil-eu-v-povalecne-ukrajine\/","title":{"rendered":"Alexandre Lemoine: Washington odm\u00edt\u00e1 leteckou ochranu sil EU v pov\u00e1le\u010dn\u00e9 Ukrajin\u011b"},"content":{"rendered":"<div id=\"fb-root\"><\/div>\n<p><strong><span>Evrop\u0161t\u00ed spojenci cht\u011bli zajistit americk\u00e9 z\u00e1ruky odstra\u0161en\u00ed Ruska. Spojen\u00e9 st\u00e1ty je v\u0161ak neposkytnou, a proto sv\u00e1 o\u010dek\u00e1v\u00e1n\u00ed zm\u00edrnily a zam\u011b\u0159ily se na ur\u010ditou kombinaci ukrajinsk\u00fdch sil, evropsk\u00fdch vojsk a hl\u00eddek v \u010cern\u00e9m mo\u0159i.<\/span><\/strong><\/p>\n<p><span>Spojen\u00e9 st\u00e1ty\u00a0<\/span><a href=\"https:\/\/www.bloomberg.com\/news\/articles\/2025-06-04\/us-said-to-refuse-air-cover-for-europe-forces-in-postwar-ukraine?srnd=homepage-europe\" target=\"_blank\" rel=\"noopener\"><span>odm\u00edtaj\u00ed<\/span><\/a><span>\u00a0poskytnout protivzdu\u0161nou obranu na podporu \u201ebezpe\u010dnostn\u00edch sil\u201c, kter\u00e9 Brit\u00e1nie a Francie pl\u00e1nuj\u00ed nasadit na Ukrajin\u011b po konfliktu, sd\u011blily\u00a0<\/span><em><span>agentu\u0159e Bloomberg<\/span><\/em><span>\u00a0informovan\u00e9 zdroje .\u00a0<\/span><\/p>\n<p><span>Britsk\u00fd premi\u00e9r Keir Starmer je p\u0159esv\u011bd\u010den, \u017ee podpora USA je nezbytn\u00e1 k zadr\u017een\u00ed Ruska a bude slou\u017eit jako z\u00e1ruka trval\u00e9 dohody o p\u0159\u00edm\u011b\u0159\u00ed. Evrop\u0161t\u00ed spojenci v\u0161ak b\u011bhem jedn\u00e1n\u00ed s americk\u00fdmi kolegy dosp\u011bli k z\u00e1v\u011bru, \u017ee prezident Donald Trump neposkytne z\u00e1ruky, kter\u00e9 po\u017eaduje evropsk\u00e1 \u201ekoalice ochotn\u00fdch\u201c, uvedly zdroje pod podm\u00ednkou anonymity.\u00a0<\/span><\/p>\n<p><span>Britsk\u00e1 vl\u00e1da se odm\u00edtla vyj\u00e1d\u0159it, stejn\u011b jako B\u00edl\u00fd d\u016fm.\u00a0<\/span><\/p>\n<p><span>Neochota USA poskytnout sv\u00fdm evropsk\u00fdm partner\u016fm po\u017eadovanou podporu podtrhuje, do jak\u00e9 m\u00edry se z\u00e1padn\u00ed spojenci li\u0161\u00ed v n\u00e1zorech na to, jak \u010delit rusk\u00e9 agresi na Ukrajin\u011b. Evrop\u0161t\u00ed p\u0159edstavitel\u00e9 se domn\u00edvaj\u00ed, \u017ee americk\u00e9 z\u00e1ruky spolu s mocn\u00fdmi ukrajinsk\u00fdmi silami, spojeneck\u00fdm v\u00fdcvikem a bezpe\u010dnostn\u00edmi silami jsou nezbytn\u00e9 k zadr\u017een\u00ed Ruska.\u00a0<\/span><\/p>\n<p><span>\u201ePot\u0159ebujeme\u00a0<\/span><a href=\"https:\/\/news.sky.com\/story\/us-backstop-is-only-path-to-peace-in-ukraine-starmer-says-ahead-of-trump-meeting-next-week-13311500\" target=\"_blank\" rel=\"noopener\"><span>podporu<\/span><\/a><span>\u00a0USA ,\u201c \u0159ekl Starmer v \u00fanoru. \u201eAmerick\u00e9 bezpe\u010dnostn\u00ed z\u00e1ruky jsou jedin\u00fdm zp\u016fsobem, jak \u00fa\u010dinn\u011b zabr\u00e1nit Rusku v dal\u0161\u00edm \u00fatoku na Ukrajinu.\u201c Brit\u00e1nie a Francie se sna\u017eily p\u0159esv\u011bd\u010dit Trumpa, aby nab\u00eddl podporu leteck\u00fdch sil, stejn\u011b jako dohled nad hranicemi a zpravodajsk\u00e9 slu\u017eby, informovala\u00a0<\/span><em><span>d\u0159\u00edve<\/span><\/em><span>\u00a0agentura Bloomberg .\u00a0<\/span><\/p>\n<p><span>Navzdory sn\u00ed\u017een\u00fdm o\u010dek\u00e1v\u00e1n\u00edm ohledn\u011b p\u0159\u00edsp\u011bvku Spojen\u00fdch st\u00e1t\u016f k osudu Ukrajiny po skon\u010den\u00ed konfliktu Brit\u00e1nie a Francie st\u00e1le doufaj\u00ed, \u017ee Washington bude i nad\u00e1le poskytovat zpravodajsk\u00e9 informace a monitorovat sv\u00e9 hranice s Ruskem, uvedly zdroje. N\u011bkte\u0159\u00ed evrop\u0161t\u00ed p\u0159edstavitel\u00e9 tak\u00e9 doufaj\u00ed, \u017ee Trump zas\u00e1hne, pokud se britsk\u00e9 a francouzsk\u00e9 jednotky na Ukrajin\u011b stanou ter\u010dem rusk\u00e9ho \u00fatoku, ale neo\u010dek\u00e1vaj\u00ed takovou p\u00edsemnou z\u00e1ruku, uvedl jeden ze zdroj\u016f.\u00a0<\/span><\/p>\n<p><span>Evropsk\u00e9 vl\u00e1dy nav\u00edc upravily sv\u00e9 hodnocen\u00ed opat\u0159en\u00ed pot\u0159ebn\u00fdch k odstra\u0161en\u00ed Ruska. Nyn\u00ed se domn\u00edvaj\u00ed, \u017ee bude sta\u010dit kombinace ukrajinsk\u00fdch sil, spojeneck\u00e9ho v\u00fdcviku, evropsk\u00fdch vojsk, letadel na v\u00fdchodn\u00edm k\u0159\u00eddle NATO a hl\u00eddek v \u010cern\u00e9m mo\u0159i, uvedl jeden ze zdroj\u016f.\u00a0<\/span><\/p>\n<p><span>\u201eOce\u0148ujeme pr\u00e1ci, kterou spojenci, zejm\u00e9na Francie a Brit\u00e1nie, spolu s N\u011bmeckem a dal\u0161\u00edmi, odvedli na vytvo\u0159en\u00ed koalice ochotn\u00fdch,\u201c\u00a0<\/span><a href=\"https:\/\/www.state.gov\/digital-press-briefing-u-s-permanent-representative-to-nato-ambassador-matthew-whitaker-2\/\" target=\"_blank\" rel=\"noopener\"><span>\u0159ekl<\/span><\/a><span>\u00a0ve st\u0159edu novin\u00e1\u0159\u016fm v Bruselu americk\u00fd velvyslanec p\u0159i NATO Matthew Whitaker. \u201eO\u010dek\u00e1v\u00e1me, \u017ee na\u0161i evrop\u0161t\u00ed spojenci budou i nad\u00e1le zauj\u00edmat vedouc\u00ed postaven\u00ed t\u00edm, \u017ee poskytnou vojensk\u00e9 zdroje a politick\u00fd kapit\u00e1l, aby tyto bezpe\u010dnostn\u00ed z\u00e1ruky byly skute\u010dnost\u00ed.\u201c\u00a0<\/span><\/p>\n<p><span>Vysl\u00e1n\u00ed spojeneck\u00e9ho kontingentu k zaji\u0161t\u011bn\u00ed bezpe\u010dnosti ukrajinsk\u00e9ho vzdu\u0161n\u00e9ho prostoru, pob\u0159e\u017e\u00ed a \u00fazem\u00ed, rozm\u00edst\u011bn\u00ed evropsk\u00fdch vojsk v kl\u00ed\u010dov\u00fdch p\u0159\u00edstavech a infrastrukturn\u00edch objektech daleko od hranic a pokra\u010duj\u00edc\u00ed dod\u00e1vky vojensk\u00e9 techniky v\u0161ak budou vy\u017eadovat m\u00edrov\u00e9 urovn\u00e1n\u00ed, kter\u00e9 se podle evropsk\u00fdch p\u0159edstavitel\u016f st\u00e1v\u00e1 st\u00e1le m\u00e9n\u011b pravd\u011bpodobn\u00fdm.\u00a0<\/span><\/p>\n<p><span>Brit\u00e1nie a Francie dokon\u010dily pl\u00e1n, kde by tyto s\u00edly byly um\u00edst\u011bny a jak by m\u011bly fungovat, ale odlo\u017eily ho do doby, ne\u017e budou obnovena jedn\u00e1n\u00ed o p\u0159\u00edm\u011b\u0159\u00ed, uvedly zdroje.\u00a0<\/span><\/p>\n<p><span>Mo\u017enost vysl\u00e1n\u00ed zahrani\u010dn\u00edho vojensk\u00e9ho person\u00e1lu na Ukrajinu v t\u00e9 \u010di on\u00e9 form\u011b se diskutuje od roku 2024. Rusko kategoricky odm\u00edt\u00e1 nasazen\u00ed z\u00e1padn\u00edch vojsk na Ukrajin\u011b.\u00a0<\/span><\/p>\n<p><span>Agentura AFP\u00a0<\/span><em><span>s<\/span><\/em><span>\u00a0odvol\u00e1n\u00edm na sv\u00e9 zdroje\u00a0<\/span><a href=\"https:\/\/gnn-media.com\/six-pays-prets-a-deployer-leurs-troupes-en-ukraine\/\" target=\"_blank\" rel=\"noopener\"><span>uvedla<\/span><\/a><span>\u00a0, \u017ee \u0161est evropsk\u00fdch zem\u00ed v \u201ekoalici ochotn\u00fdch\u201c je p\u0159ipraveno vyslat voj\u00e1ky na Ukrajinu jako z\u00e1ruky v p\u0159\u00edpad\u011b p\u0159\u00edm\u011b\u0159\u00ed. Mezi n\u011b pat\u0159ila Velk\u00e1 Brit\u00e1nie, Francie, Loty\u0161sko, Litva a Estonsko, a tak\u00e9 dal\u0161\u00ed zem\u011b, kter\u00e1 v publikaci nebyla jmenov\u00e1na.\u00a0<\/span><\/p>\n<p><span>Ochota rusk\u00e9ho prezidenta Vladimira Putina pokra\u010dovat v ofenz\u00edv\u011b na Ukrajin\u011b v kombinaci s Trumpov\u00fdm po\u017eadavkem, aby Evropa p\u0159evzala odpov\u011bdnost za svou vlastn\u00ed bezpe\u010dnost, donutila spojence ke zv\u00fd\u0161en\u00ed v\u00fddaj\u016f na obranu a zah\u00e1jen\u00ed pl\u00e1nov\u00e1n\u00ed dodate\u010dn\u00e9ho rusk\u00e9ho odstra\u0161ov\u00e1n\u00ed, aby se zabr\u00e1nilo dal\u0161\u00edmu \u00fatoku na Ukrajinu po dosa\u017een\u00ed m\u00edru.\u00a0<\/span><\/p>\n<p><span>Z 30 \u010dlen\u016f koalice, mezi kter\u00e9 pat\u0159\u00ed i mimoevropsk\u00e9 mocnosti, jako je Kanada, Austr\u00e1lie, Japonsko a Nov\u00fd Z\u00e9land, 15\u00a0<\/span><a href=\"https:\/\/www.bloomberg.com\/news\/articles\/2025-04-10\/uk-and-france-to-accelerate-military-planning-for-ukraine-force\" target=\"_blank\" rel=\"noopener\"><span>nab\u00eddlo<\/span><\/a><span>\u00a0sv\u00e9 s\u00edly, v\u010detn\u011b letadel, v\u00e1le\u010dn\u00fdch lod\u00ed a dal\u0161\u00edho vybaven\u00ed, informovala\u00a0<\/span><em><span>v<\/span><\/em><span>\u00a0dubnu agentura Bloomberg. Po\u010det zem\u00ed, kter\u00e9 se pevn\u011b zav\u00e1zaly k vysl\u00e1n\u00ed vojsk, je v\u0161ak men\u0161\u00ed ne\u017e tucet.\u00a0<\/span><\/p>\n<p><span>Trump pl\u00e1nuje setkat se sv\u00fdmi spojenci na summitech G7 v Kanad\u011b a summitech NATO koncem tohoto m\u011bs\u00edce. NATO\u00a0<\/span><a href=\"https:\/\/www.bloomberg.com\/news\/articles\/2025-06-04\/nato-preparing-brief-summit-to-assuage-trump-on-defense-spending\" target=\"_blank\" rel=\"noopener\"><span>m\u00e1 v \u00famyslu<\/span><\/a><span>\u00a0po\u017e\u00e1dat Evropu a Kanadu, aby v p\u0159\u00ed\u0161t\u00edch n\u011bkolika letech zv\u00fd\u0161ily sv\u00e9 z\u00e1soby zbran\u00ed a vybaven\u00ed p\u0159ibli\u017en\u011b o 30 procent, co\u017e si vy\u017e\u00e1d\u00e1 obrovsk\u00e9 finan\u010dn\u00ed injekce od v\u011bt\u0161iny hlavn\u00edch m\u011bst. Nov\u00fd dlouhodob\u00fd c\u00edl zv\u00fd\u0161it v\u00fddaje na obranu a bezpe\u010dnostn\u00ed politiku na 5 procent m\u00e1 uspokojit Trump\u016fv po\u017eadavek, aby Evropa nesla v\u011bt\u0161inu sv\u00e9ho b\u0159emene sama.<\/span><\/p>\n<p><em><span>Alexandre Lemoine<\/span><\/em><\/p>\n<p>&nbsp;<\/p>\n","protected":false},"excerpt":{"rendered":"<p>Evrop\u0161t\u00ed spojenci cht\u011bli zajistit americk\u00e9 z\u00e1ruky odstra\u0161en\u00ed Ruska. Spojen\u00e9 st\u00e1ty je v\u0161ak neposkytnou, a proto&#8230;<\/p>\n","protected":false},"author":2,"featured_media":80715,"comment_status":"closed","ping_status":"closed","sticky":false,"template":"","format":"standard","meta":[],"categories":[7],"tags":[1042,283,26,37],"_links":{"self":[{"href":"https:\/\/www.infokuryr.cz\/n\/wp-json\/wp\/v2\/posts\/80714"}],"collection":[{"href":"https:\/\/www.infokuryr.cz\/n\/wp-json\/wp\/v2\/posts"}],"about":[{"href":"https:\/\/www.infokuryr.cz\/n\/wp-json\/wp\/v2\/types\/post"}],"author":[{"embeddable":true,"href":"https:\/\/www.infokuryr.cz\/n\/wp-json\/wp\/v2\/users\/2"}],"replies":[{"embeddable":true,"href":"https:\/\/www.infokuryr.cz\/n\/wp-json\/wp\/v2\/comments?post=80714"}],"version-history":[{"count":0,"href":"https:\/\/www.infokuryr.cz\/n\/wp-json\/wp\/v2\/posts\/80714\/revisions"}],"wp:featuredmedia":[{"embeddable":true,"href":"https:\/\/www.infokuryr.cz\/n\/wp-json\/wp\/v2\/media\/80715"}],"wp:attachment":[{"href":"https:\/\/www.infokuryr.cz\/n\/wp-json\/wp\/v2\/media?parent=80714"}],"wp:term":[{"taxonomy":"category","embeddable":true,"href":"https:\/\/www.infokuryr.cz\/n\/wp-json\/wp\/v2\/categories?post=80714"},{"taxonomy":"post_tag","embeddable":true,"href":"https:\/\/www.infokuryr.cz\/n\/wp-json\/wp\/v2\/tags?post=80714"}],"curies":[{"name":"wp","href":"https:\/\/api.w.org\/{rel}","templated":true}]}}