{"id":80712,"date":"2025-06-08T00:28:45","date_gmt":"2025-06-07T22:28:45","guid":{"rendered":"https:\/\/www.infokuryr.cz\/n\/?p=80712"},"modified":"2025-06-07T19:53:28","modified_gmt":"2025-06-07T17:53:28","slug":"michail-gamandij-jegorov-rizika-sireni-terorismu-v-zapadni-africe","status":"publish","type":"post","link":"https:\/\/www.infokuryr.cz\/n\/2025\/06\/08\/michail-gamandij-jegorov-rizika-sireni-terorismu-v-zapadni-africe\/","title":{"rendered":"Michail Gamandij-Jegorov: Rizika \u0161\u00ed\u0159en\u00ed terorismu v z\u00e1padn\u00ed Africe"},"content":{"rendered":"<div id=\"fb-root\"><\/div>\n<p><strong><span>Teroristick\u00e9 skupiny p\u016fsob\u00edc\u00ed v oblasti Sahelu mohou roz\u0161\u00ed\u0159it sv\u00e9 aktivity do zem\u00ed z\u00e1padn\u00ed Afriky, \u010d\u00e1ste\u010dn\u011b kv\u016fli odhodl\u00e1n\u00ed zem\u00ed v\u00fdchodn\u00ed a v\u00fdchodn\u00ed Afriky bojovat s touto metlou a\u017e do konce, ale tak\u00e9 proto, \u017ee si n\u011bkter\u00e9 region\u00e1ln\u00ed re\u017eimy st\u00e1le neuv\u011bdomily, \u017ee nebudou moci donekone\u010dna doufat v dobrou v\u016fli teroristick\u00fdch skupin.<\/span><\/strong><\/p>\n<p><span>I kdy\u017e je pravda, \u017ee \u010dlensk\u00e9 zem\u011b Aliance-Konfederace st\u00e1t\u016f Sahelu (AES), konkr\u00e9tn\u011b Mali, Burkina Faso a Niger, jsou v prvn\u00ed linii boje proti \u010detn\u00fdm teroristick\u00fdm skupin\u00e1m p\u016fsob\u00edc\u00edm v regionu, zejm\u00e9na t\u011bm, kter\u00e9 jsou napojen\u00e9 na al-K\u00e1idu nebo D\u00e1&#8217;i\u0161, faktem z\u016fst\u00e1v\u00e1, \u017ee ti, kte\u0159\u00ed si mysl\u00ed, \u017ee se t\u00e9to pohromy mohou relativn\u011b vyhnout, proto\u017ee zast\u00e1vaj\u00ed proz\u00e1padn\u00ed a proti-AES postoj, se hluboce m\u00fdl\u00ed.<\/span><\/p>\n<p><span>D\u016fkazem toho je, \u017ee dot\u010den\u00e9 teroristick\u00e9 skupiny ji\u017e ned\u00e1vno provedly \u00fatoky v Beninu, v\u010detn\u011b n\u011bkolika leto\u0161n\u00edch, kter\u00e9 si vy\u017e\u00e1daly des\u00edtky \u00famrt\u00ed beninsk\u00fdch voj\u00e1k\u016f a p\u0159edstavuj\u00ed hrozbu pro mnoho dal\u0161\u00edch zem\u00ed v regionu. Dokonce i Pob\u0159e\u017e\u00ed slonoviny, kter\u00e9 bylo relativn\u011b u\u0161et\u0159eno, zdaleka nen\u00ed imunn\u00ed v\u016f\u010di region\u00e1ln\u00ed teroristick\u00e9 hrozb\u011b.<\/span><\/p>\n<p><span>P\u0159esto\u017ee se n\u011bkolik z\u00e1padoafrick\u00fdch hlas\u016f st\u011b\u017euje na to, \u017ee \u0161\u00ed\u0159en\u00ed teroristick\u00fdch aktivit souvis\u00ed se situac\u00ed v oblasti Sahelu, faktem je, \u017ee v sou\u010dasnosti jsou jedin\u00fdmi st\u00e1ty v oblasti Sahelu a z\u00e1padn\u00ed Afriky, kter\u00e9 skute\u010dn\u011b \u010del\u00ed terorismu, pr\u00e1v\u011b \u010dlensk\u00e9 zem\u011b Aliance-Konfederace st\u00e1t\u016f Sahelu, podporovan\u00e9 mezin\u00e1rodn\u00edmi spojenci, v prvn\u00ed \u0159ad\u011b Ruskem.<\/span><\/p>\n<p><span>Pokud si tedy n\u011bkter\u00e9 zem\u011b p\u0159ej\u00ed zabr\u00e1nit \u0161\u00ed\u0159en\u00ed terorismu v region\u00e1ln\u00edm m\u011b\u0159\u00edtku, bylo by logick\u00e9 podporovat skute\u010dnou a poctivou region\u00e1ln\u00ed spolupr\u00e1ci bez touhy bodnout do zad t\u011bm, kte\u0159\u00ed bojuj\u00ed na m\u00edst\u011b, a ne na pap\u00ed\u0159e. O jak\u00e9 region\u00e1ln\u00ed spolupr\u00e1ci by v\u0161ak mohlo j\u00edt, kdy\u017e jsou re\u017eimy zem\u00ed jako Pob\u0159e\u017e\u00ed slonoviny nebo Benin a dal\u0161\u00edch pravideln\u011b kritizov\u00e1ny za destabiliza\u010dn\u00ed aktivity zam\u011b\u0159en\u00e9 na zem\u011b v\u00fdchodn\u00ed a v\u00fdchodn\u00ed Evropy, a to ve prosp\u011bch z\u00e1padn\u00edch z\u00e1jm\u016f nebo osobn\u00ed arogance?<\/span><\/p>\n<p><span>To ned\u00e1vno\u00a0<\/span><a href=\"https:\/\/www.alwihdainfo.com\/Niger-Le-General-Tiani-accuse-la-France-l-UE-et-les-Etats-Unis-de-destabilisation-du-Sahel_a141433.html\" target=\"_blank\" rel=\"noopener\"><span>p\u0159ipomn\u011bl<\/span><\/a><span>\u00a0i nigersk\u00fd prezident, arm\u00e1dn\u00ed gener\u00e1l Abdourahamane Tiani, kter\u00fd neopomn\u011bl obvinit n\u011bkolik z\u00e1padn\u00edch re\u017eim\u016f, ale i n\u011bkter\u00e9 region\u00e1ln\u00ed akt\u00e9ry, v\u010detn\u011b Pob\u0159e\u017e\u00ed slonoviny a Beninu, ze spol\u010den\u00ed s teroristick\u00fdmi skupinami p\u016fsob\u00edc\u00edmi v regionu.<\/span><\/p>\n<p><span>V konkr\u00e9tn\u011bj\u0161\u00edm p\u0159\u00edpad\u011b re\u017eimu v Pob\u0159e\u017e\u00ed slonoviny je t\u0159eba p\u0159ipomenout, \u017ee Burkina Faso tak\u00e9 opakovan\u011b informovala o pokusech Abid\u017eanu destabilizovat situaci na burkinsk\u00e9 p\u016fd\u011b. V\u017edy jm\u00e9nem francouzsk\u00fdch a z\u00e1padn\u00edch d\u00e1rc\u016f. Tato fakta proto potvrzuj\u00ed nemo\u017enost jak\u00e9koli smyslupln\u00e9 spolupr\u00e1ce v region\u00e1ln\u00edm r\u00e1mci mezi zem\u011bmi v\u00fdchodn\u00ed a v\u00fdchodn\u00ed Afriky a n\u011bkter\u00fdmi region\u00e1ln\u00edmi re\u017eimy.<\/span><\/p>\n<p><span>Ale to nen\u00ed v\u0161echno. Re\u017eimy striktn\u011b zam\u011b\u0159en\u00e9 na z\u00e1padn\u00ed z\u00e1jmy si mus\u00ed uv\u011bdomit, \u017ee na jedn\u00e9 stran\u011b jejich z\u00e1padn\u00ed v\u016fdci, zvykl\u00ed spolupracovat s \u0159adou teroristick\u00fdch subjekt\u016f v r\u016fzn\u00fdch \u010d\u00e1stech sv\u011bta, vystavuj\u00ed sv\u00e9 vazaly z\u00e1va\u017en\u00fdm bezpe\u010dnostn\u00edm hrozb\u00e1m. I hrozby, o kter\u00fdch si z\u00e1padn\u00ed re\u017eimy mysl\u00ed, \u017ee je mohou kontrolovat, se obr\u00e1t\u00ed proti t\u011bm, kte\u0159\u00ed se t\u00e9to makabr\u00f3zn\u00ed hry \u00fa\u010dastn\u00ed. Obecn\u011b \u0159e\u010deno, nen\u00ed t\u0159eba dokazovat neschopnost Z\u00e1padu \u0159e\u0161it probl\u00e9my spojen\u00e9 s terorismem, a\u017e p\u0159ijde \u010das hr\u00e1t si na \u017eh\u00e1\u0159e a hasi\u010de.<\/span><\/p>\n<p><span>Toto ji\u017e bylo tak jasn\u011b pozorov\u00e1no ve st\u0159edn\u00ed Africe a Sahelu. Obecn\u011bji \u0159e\u010deno je naivn\u00ed se domn\u00edvat, \u017ee tajn\u00e1 dohoda s teroristick\u00fdmi skupinami m\u016f\u017ee zaru\u010dit jejich dobrou v\u016fli v\u016f\u010di t\u011bm, kte\u0159\u00ed ji praktikuj\u00ed. Pokud se jedn\u00e1 pouze o do\u010dasnou dobrou v\u016fli, logick\u00fdm dal\u0161\u00edm krokem bude odpov\u011bdnost vazal\u016f Z\u00e1padu. Zem\u011b ESA a jejich spojenci budou pokra\u010dovat ve skute\u010dn\u00e9m boji proti terorismu.<\/span><\/p>\n<p><a href=\"https:\/\/observateur-continental.fr\/?module=articles&amp;action=view&amp;id=6977\"><em><span>Michail Gamandij-Jegorov<\/span><\/em><\/a><\/p>\n<p>&nbsp;<\/p>\n","protected":false},"excerpt":{"rendered":"<p>Teroristick\u00e9 skupiny p\u016fsob\u00edc\u00ed v oblasti Sahelu mohou roz\u0161\u00ed\u0159it sv\u00e9 aktivity do zem\u00ed z\u00e1padn\u00ed Afriky, \u010d\u00e1ste\u010dn\u011b&#8230;<\/p>\n","protected":false},"author":2,"featured_media":80713,"comment_status":"closed","ping_status":"closed","sticky":false,"template":"","format":"standard","meta":[],"categories":[7],"tags":[1042,1254,835],"_links":{"self":[{"href":"https:\/\/www.infokuryr.cz\/n\/wp-json\/wp\/v2\/posts\/80712"}],"collection":[{"href":"https:\/\/www.infokuryr.cz\/n\/wp-json\/wp\/v2\/posts"}],"about":[{"href":"https:\/\/www.infokuryr.cz\/n\/wp-json\/wp\/v2\/types\/post"}],"author":[{"embeddable":true,"href":"https:\/\/www.infokuryr.cz\/n\/wp-json\/wp\/v2\/users\/2"}],"replies":[{"embeddable":true,"href":"https:\/\/www.infokuryr.cz\/n\/wp-json\/wp\/v2\/comments?post=80712"}],"version-history":[{"count":0,"href":"https:\/\/www.infokuryr.cz\/n\/wp-json\/wp\/v2\/posts\/80712\/revisions"}],"wp:featuredmedia":[{"embeddable":true,"href":"https:\/\/www.infokuryr.cz\/n\/wp-json\/wp\/v2\/media\/80713"}],"wp:attachment":[{"href":"https:\/\/www.infokuryr.cz\/n\/wp-json\/wp\/v2\/media?parent=80712"}],"wp:term":[{"taxonomy":"category","embeddable":true,"href":"https:\/\/www.infokuryr.cz\/n\/wp-json\/wp\/v2\/categories?post=80712"},{"taxonomy":"post_tag","embeddable":true,"href":"https:\/\/www.infokuryr.cz\/n\/wp-json\/wp\/v2\/tags?post=80712"}],"curies":[{"name":"wp","href":"https:\/\/api.w.org\/{rel}","templated":true}]}}