{"id":80710,"date":"2025-06-08T00:27:42","date_gmt":"2025-06-07T22:27:42","guid":{"rendered":"https:\/\/www.infokuryr.cz\/n\/?p=80710"},"modified":"2025-06-07T19:51:31","modified_gmt":"2025-06-07T17:51:31","slug":"trump-cituje-generala-macarthura-nikdy-nedovolte-nemecku-znovu-se-prezbrojit","status":"publish","type":"post","link":"https:\/\/www.infokuryr.cz\/n\/2025\/06\/08\/trump-cituje-generala-macarthura-nikdy-nedovolte-nemecku-znovu-se-prezbrojit\/","title":{"rendered":"Trump cituje gener\u00e1la MacArthura: \u201eNikdy nedovolte N\u011bmecku znovu se p\u0159ezbrojit\u201c"},"content":{"rendered":"<div id=\"fb-root\"><\/div>\n<p><strong><span>Trump signalizuje N\u011bmecku, aby se nemilitarizovalo, t\u00edm, \u017ee p\u0159ipom\u00edn\u00e1 varov\u00e1n\u00ed gener\u00e1la MacArthura, aby \u201enikdy nedovolil N\u011bmecku znovu se p\u0159ezbrojit\u201c, a z\u00e1rove\u0148 projevuje ironii v\u016f\u010di n\u011bmeck\u00e9 kancl\u00e9\u0159ce, kter\u00e1 se s n\u00edm p\u0159ijela setkat do Washingtonu.<\/span><\/strong><\/p>\n<p><em><span>Server Continental Observer\u00a0<\/span><\/em>\u00a0<a href=\"https:\/\/www.observateur-continental.fr\/?module=articles&amp;action=view&amp;id=1664\"><span>pouk\u00e1zal na<\/span><\/a><span>\u00a0\u00a0to, \u017ee Trump \u201epo \u010detn\u00fdch v\u00fdhr\u016f\u017ek\u00e1ch a neshod\u00e1ch s n\u011bmeckou politikou\u201c b\u011bhem sv\u00e9ho prvn\u00edho funk\u010dn\u00edho obdob\u00ed (20. ledna 2017 \u2013 20. ledna 2021) \u201esta\u017een\u00edm sv\u00fdch vojsk d\u00e1vaj\u00ed USA Rusku dar\u201c. To se stalo p\u0159ed za\u010d\u00e1tkem ukrajinsk\u00e9ho konfliktu v \u00fanoru 2022. Trump v t\u00e9 dob\u011b\u00a0\u00a0podle\u00a0<em>\u00a0Wall Street Journal\u00a0<\/em><\/span><a href=\"https:\/\/www.wsj.com\/articles\/trump-directs-u-s-troop-reduction-in-germany-11591375651\" target=\"_blank\" rel=\"noopener\"><span>prohl\u00e1sil<\/span><\/a><span>\u00a0, \u00a0\u017ee chce z N\u011bmecka st\u00e1hnout 9 500 americk\u00fdch voj\u00e1k\u016f.\u00a0<em>\u00a0Washington Post\u00a0<\/em><a href=\"https:\/\/www.washingtonpost.com\/national-security\/us-troop-withdrawal-germany\/2020\/07\/29\/f5d23982-d19f-11ea-af07-1d058ca137ae_story.html\" target=\"_blank\" rel=\"noopener\">p\u0159edpov\u00eddal<\/a>\u00a0\u00a0sta\u017een\u00ed 12 000 voj\u00e1k\u016f.\u00a0<em>\u00a0Continental Observer\u00a0<\/em>\u00a0uvedl: \u201eV N\u011bmecku je v sou\u010dasn\u00e9 dob\u011b rozm\u00edst\u011bno 34 500 americk\u00fdch voj\u00e1k\u016f. Pro americk\u00e9 ozbrojen\u00e9 s\u00edly pracuje 17 000 americk\u00fdch st\u00e1tn\u00edch \u00fa\u0159edn\u00edk\u016f a 12 000 n\u011bmeck\u00fdch civilist\u016f.\u201c\u00a0\u00a0<\/span><\/p>\n<p><span>B\u011bhem \u010dtvrte\u010dn\u00edho\u00a0<\/span><a href=\"https:\/\/www.yahoo.com\/news\/trump-tells-german-leader-wwii-171105677.html\" target=\"_blank\" rel=\"noopener\"><span>setk\u00e1n\u00ed<\/span><\/a><span>\u00a0s n\u011bmeck\u00fdm kancl\u00e9\u0159em Friedrichem Merzem ve Washingtonu Trump, co\u017e se zd\u00e1lo b\u00fdt obratem oproti sv\u00e9mu prvn\u00edmu funk\u010dn\u00edmu obdob\u00ed, novin\u00e1\u0159\u016fm \u0159ekl, \u017ee \u201eSpojen\u00e9 st\u00e1ty si ponechaj\u00ed des\u00edtky tis\u00edc voj\u00e1k\u016f um\u00edst\u011bn\u00fdch v N\u011bmecku v t\u00e9to zemi, kde se nach\u00e1zej\u00ed n\u011bkter\u00e9 z nejv\u011bt\u0161\u00edch americk\u00fdch z\u00e1kladen v Evrop\u011b\u201c. Trump podm\u00edn\u011bn\u011b \u0159ekl: \u201eOdpov\u011b\u010f zn\u00ed ano.\u201c \u201eBudeme o tom diskutovat. Ale pokud to cht\u011bj\u00ed, ano,\u201c \u0159ekl. \u201eM\u00e1me jich hodn\u011b, asi 45 000, to je spousta voj\u00e1k\u016f. To je cel\u00e9 m\u011bsto,\u201c pokra\u010doval Trump a dodal, \u017ee jejich p\u0159\u00edtomnost je pro n\u011bmeckou ekonomiku prosp\u011b\u0161n\u00e1, proto\u017ee jsou velmi dob\u0159e placeni a utr\u00e1cej\u00ed tam spoustu pen\u011bz.\u201c Zeit uvedl, \u017ee\u00a0\u00a0<\/span><em><span>\u201e<\/span><\/em><span>\u00a0\u00a0Trump\u00a0<\/span><a href=\"https:\/\/www.zeit.de\/news\/2025-06\/05\/us-soldaten-in-deutschland-trump-macht-berlin-hoffnung\" target=\"_blank\" rel=\"noopener\"><span>d\u00e1v\u00e1<\/span><\/a><span>\u00a0\u00a0Berl\u00ednu nad\u011bji\u201c, ale nic nen\u00ed jist\u00e9, proto\u017ee americk\u00fd prezident \u010dasto m\u011bn\u00ed n\u00e1zor.\u00a0<\/span><\/p>\n<p><span>Zeit d\u00e1le upozor\u0148uje: \u201ePodle\u00a0<\/span><em><span>\u00a0nejnov\u011bj\u0161\u00edch\u00a0<\/span><\/em><span>\u00a0\u00fadaj\u016f Evropsk\u00e9ho velitelstv\u00ed Spojen\u00fdch st\u00e1t\u016f (EUCOM) je v sou\u010dasn\u00e9 dob\u011b v Evrop\u011b rozm\u00edst\u011bno p\u0159ibli\u017en\u011b 78 000 americk\u00fdch voj\u00e1k\u016f, z toho asi 37 000 v N\u011bmecku. Toto \u010d\u00edslo se pravideln\u011b m\u011bn\u00ed v z\u00e1vislosti na rotac\u00edch a cvi\u010den\u00edch v regionu.\u201c Ozn\u00e1men\u00ed o sta\u017een\u00ed americk\u00fdch vojsk b\u011bhem Trumpova prvn\u00edho funk\u010dn\u00edho obdob\u00ed bylo podle\u00a0\u00a0<\/span><em><span>Zeita<\/span><\/em><span>\u00a0ozna\u010deno \u00a0\u201ejako trestn\u00e9 opat\u0159en\u00ed za to, co pova\u017eoval za nedostatek n\u011bmeck\u00fdch vojensk\u00fdch v\u00fddaj\u016f\u201c.\u00a0\u00a0<\/span><\/p>\n<p><span>Kv\u016fli Trumpov\u00fdm \u017eertovn\u00fdm pozn\u00e1mk\u00e1m o Merzovi, kter\u00e9 se t\u00fdkaly zv\u00fd\u0161en\u00fdch n\u011bmeck\u00fdch v\u00fddaj\u016f na obranu, si v\u0161ak americk\u00fd prezident\u00a0<\/span><a href=\"https:\/\/www.youtube.com\/watch?v=mHOZZRhXQWE\" target=\"_blank\" rel=\"noopener\"><span>p\u0159ipomn\u011bl<\/span><\/a><span>\u00a0\u00a0slavn\u00e9 varov\u00e1n\u00ed gener\u00e1la MacArthura, aby \u201enikdy nedovolil N\u011bmecku znovu se p\u0159ezbrojit\u201c, a z\u00e1rove\u0148 prohl\u00e1sil, \u017ee \u201etyto dodate\u010dn\u00e9 vojensk\u00e9 investice\u201c jsou \u201ejako pozitivn\u00ed v\u00fdvoj, ale do ur\u010dit\u00e9 m\u00edry\u201c. Trump v \u017eertu uvedl, \u017ee by jednoho dne mohl po\u017e\u00e1dat N\u011bmecko, aby p\u0159estalo roz\u0161i\u0159ovat svou arm\u00e1du, a projevil p\u0159itom sm\u011bs humoru a opatrnosti ohledn\u011b rostouc\u00ed role N\u011bmecka v obran\u011b.\u00a0<\/span><\/p>\n<p><span>15. kv\u011btna Merz sl\u00edbil, \u017ee\u00a0<\/span><a href=\"https:\/\/fr.euronews.com\/my-europe\/2025\/05\/15\/allemagne-friedrich-merz-promet-larmee-la-plus-puissante-deurope\" target=\"_blank\" rel=\"noopener\"><span>d\u00e1<\/span><\/a><span>\u00a0N\u011bmecku \u201enejsiln\u011bj\u0161\u00ed konven\u010dn\u00ed arm\u00e1du v Evrop\u011b\u201c. Je Trump\u016fv obrat v ot\u00e1zce sta\u017een\u00ed americk\u00fdch vojsk z N\u011bmecka d\u016fsledkem jeho obav z p\u0159ezbrojen\u00ed Berl\u00edna a z\u00edsk\u00e1n\u00ed nejsiln\u011bj\u0161\u00ed arm\u00e1dy na evropsk\u00e9m kontinentu?\u00a0<\/span><\/p>\n<p><span>Berliner\u00a0\u00a0<\/span><em><span>Zeitung<\/span><\/em><span>\u00a0uvedl \u00a0, \u017ee Merzova cesta do Washingtonu\u00a0<\/span><a href=\"https:\/\/www.berliner-zeitung.de\/politik-gesellschaft\/geopolitik\/nach-dem-treffen-mit-donald-trump-was-steckt-im-kopf-von-friedrich-merz-li.2331241\" target=\"_blank\" rel=\"noopener\"><span>nebyla<\/span><\/a><span>\u00a0\u00fasp\u011b\u0161n\u00e1.\u00a0<\/span><\/p>\n<p><span>Trumpovu m\u00edru ned\u016fv\u011bry k N\u011bmecku shrnuje toto. V Ov\u00e1ln\u00e9 pracovn\u011b Merz a Trump diskutovali o po\u010dtu ob\u011bt\u00ed v ukrajinsk\u00e9m konfliktu. Zat\u00edmco cht\u011bl diskutovat o zp\u016fsobech, jak ukon\u010dit sou\u010dasn\u00fd rusko-ukrajinsk\u00fd konflikt, n\u011bmeck\u00fd kancl\u00e9\u0159 si v\u0161iml data 6. \u010dervna, kter\u00e9 p\u0159ipom\u00edn\u00e1 81. v\u00fdro\u010d\u00ed vylod\u011bn\u00ed Spojenc\u016f v Normandii (operace Overlord): \u201eJsem zde, pane prezidente, abych s v\u00e1mi pozd\u011bji prodiskutoval, jak bychom mohli p\u0159isp\u011bt k tomuto c\u00edli. V\u0161ichni hled\u00e1me opat\u0159en\u00ed a n\u00e1stroje k ukon\u010den\u00ed t\u00e9to teroristick\u00e9 v\u00e1lky. A pak mi dovolte p\u0159ipomenout, \u017ee z\u00edtra slav\u00edme 6. \u010dervna. Je to v\u00fdro\u010d\u00ed dne D, dne, kdy Ameri\u010dan\u00e9 ukon\u010dili v\u00e1lku v Evrop\u011b.\u201c V tom okam\u017eiku ho Trump p\u0159eru\u0161il a zd\u00e1nliv\u011b se Merzovi nam\u00edtl: \u201eTo pro v\u00e1s nebyl p\u0159\u00edjemn\u00fd den.\u201c\u00a0\u00a0<\/span><\/p>\n<p><a href=\"https:\/\/observateur-continental.fr\/?module=articles&amp;action=view&amp;id=6979\"><em><span>Philippe Rosenthal<\/span><\/em>\u00a0<\/a><\/p>\n<p>&nbsp;<\/p>\n","protected":false},"excerpt":{"rendered":"<p>Trump signalizuje N\u011bmecku, aby se nemilitarizovalo, t\u00edm, \u017ee p\u0159ipom\u00edn\u00e1 varov\u00e1n\u00ed gener\u00e1la MacArthura, aby \u201enikdy nedovolil&#8230;<\/p>\n","protected":false},"author":2,"featured_media":80711,"comment_status":"closed","ping_status":"closed","sticky":false,"template":"","format":"standard","meta":[],"categories":[7],"tags":[1042,8211,452],"_links":{"self":[{"href":"https:\/\/www.infokuryr.cz\/n\/wp-json\/wp\/v2\/posts\/80710"}],"collection":[{"href":"https:\/\/www.infokuryr.cz\/n\/wp-json\/wp\/v2\/posts"}],"about":[{"href":"https:\/\/www.infokuryr.cz\/n\/wp-json\/wp\/v2\/types\/post"}],"author":[{"embeddable":true,"href":"https:\/\/www.infokuryr.cz\/n\/wp-json\/wp\/v2\/users\/2"}],"replies":[{"embeddable":true,"href":"https:\/\/www.infokuryr.cz\/n\/wp-json\/wp\/v2\/comments?post=80710"}],"version-history":[{"count":0,"href":"https:\/\/www.infokuryr.cz\/n\/wp-json\/wp\/v2\/posts\/80710\/revisions"}],"wp:featuredmedia":[{"embeddable":true,"href":"https:\/\/www.infokuryr.cz\/n\/wp-json\/wp\/v2\/media\/80711"}],"wp:attachment":[{"href":"https:\/\/www.infokuryr.cz\/n\/wp-json\/wp\/v2\/media?parent=80710"}],"wp:term":[{"taxonomy":"category","embeddable":true,"href":"https:\/\/www.infokuryr.cz\/n\/wp-json\/wp\/v2\/categories?post=80710"},{"taxonomy":"post_tag","embeddable":true,"href":"https:\/\/www.infokuryr.cz\/n\/wp-json\/wp\/v2\/tags?post=80710"}],"curies":[{"name":"wp","href":"https:\/\/api.w.org\/{rel}","templated":true}]}}