{"id":80706,"date":"2025-06-08T00:22:50","date_gmt":"2025-06-07T22:22:50","guid":{"rendered":"https:\/\/www.infokuryr.cz\/n\/?p=80706"},"modified":"2025-06-07T12:08:17","modified_gmt":"2025-06-07T10:08:17","slug":"miroslav-kavij-tak-se-jen-ptam","status":"publish","type":"post","link":"https:\/\/www.infokuryr.cz\/n\/2025\/06\/08\/miroslav-kavij-tak-se-jen-ptam\/","title":{"rendered":"Miroslav Kavij: Tak se jen pt\u00e1m"},"content":{"rendered":"<div id=\"fb-root\"><\/div>\n<p>Je zn\u00e1mo, \u017ee Petr Pavel se ji\u017e s \u00a0p\u0159\u00edslu\u0161n\u00edkem\u00a0 \u00datvaru pro ochranu prezidenta republiky \u010cR,\u00a0 kter\u00fd dne 8.2.2025\u00a0 ve ve\u010dern\u00edch hodin\u00e1ch boural\u00a0 pod vlivem \u00a0alkoholu \u00a0v obci \u010cesk\u00e1 \u010cermn\u00e1 \u00a0\u201erozlou\u010dil\u201c. \u00a0Oproti tomu, dle sd\u011blen\u00ed\u00a0 Krajsk\u00e9ho st\u00e1tn\u00edho zastupitelstv\u00ed\u00a0 v Hradci\u00a0 Kr\u00e1lov\u00e9\u00a0 trestn\u00ed st\u00edh\u00e1n\u00ed doty\u010dn\u00e9 osoby pro trestn\u00fd \u010din ohro\u017een\u00ed pod vlivem n\u00e1vykov\u00e9 l\u00e1tky nad\u00e1le prob\u00edh\u00e1, kdy\u017e p\u0159\u00edpravn\u00e9 \u0159\u00edzen\u00ed do sou\u010dasn\u00e9 doby nebylo skon\u010deno.<\/p>\n<p>\u0160patn\u00e1 vizitka st\u00e1tu\u00a0 kterak \u00a0d\u016fv\u011bra ob\u010dan\u016f v pr\u00e1vn\u00ed st\u00e1t miz\u00ed ka\u017ed\u00fdm dnem je smutnou realitou \u00a0stavu tohoto resortu sou\u010dasn\u00e9ho \u00a0kapitalistick\u00e9ho z\u0159\u00edzen\u00ed . \u00a0V t\u00e9to souvislosti si proto \u00a0pokl\u00e1d\u00e1m ot\u00e1zku. \u00a0Bude \u00a0u\u010din\u011bno \u00a0ve v\u00fd\u0161e uveden\u00e9m \u00a0p\u0159\u00edpad\u011b\u00a0 zadost spravedlivosti, padni komu padni?\u00a0 Nebo se potvrd\u00ed ono zn\u00e1m\u00e9, \u017ee p\u0159ed z\u00e1konem jsme si v\u0161ichni rovni, ale n\u011bkte\u0159\u00ed si jsou rovn\u011bj\u0161\u00ed ?<\/p>\n<p><a href=\"https:\/\/www.pokec24.cz\/blog\/tak-se-jen-ptam\/\">Miroslav Kavij<\/a><\/p>\n<p>&nbsp;<\/p>\n","protected":false},"excerpt":{"rendered":"<p>Je zn\u00e1mo, \u017ee Petr Pavel se ji\u017e s \u00a0p\u0159\u00edslu\u0161n\u00edkem\u00a0 \u00datvaru pro ochranu prezidenta republiky \u010cR,\u00a0&#8230;<\/p>\n","protected":false},"author":2,"featured_media":24220,"comment_status":"closed","ping_status":"closed","sticky":false,"template":"","format":"standard","meta":[],"categories":[6],"tags":[33,1503,5318,5458],"_links":{"self":[{"href":"https:\/\/www.infokuryr.cz\/n\/wp-json\/wp\/v2\/posts\/80706"}],"collection":[{"href":"https:\/\/www.infokuryr.cz\/n\/wp-json\/wp\/v2\/posts"}],"about":[{"href":"https:\/\/www.infokuryr.cz\/n\/wp-json\/wp\/v2\/types\/post"}],"author":[{"embeddable":true,"href":"https:\/\/www.infokuryr.cz\/n\/wp-json\/wp\/v2\/users\/2"}],"replies":[{"embeddable":true,"href":"https:\/\/www.infokuryr.cz\/n\/wp-json\/wp\/v2\/comments?post=80706"}],"version-history":[{"count":0,"href":"https:\/\/www.infokuryr.cz\/n\/wp-json\/wp\/v2\/posts\/80706\/revisions"}],"wp:featuredmedia":[{"embeddable":true,"href":"https:\/\/www.infokuryr.cz\/n\/wp-json\/wp\/v2\/media\/24220"}],"wp:attachment":[{"href":"https:\/\/www.infokuryr.cz\/n\/wp-json\/wp\/v2\/media?parent=80706"}],"wp:term":[{"taxonomy":"category","embeddable":true,"href":"https:\/\/www.infokuryr.cz\/n\/wp-json\/wp\/v2\/categories?post=80706"},{"taxonomy":"post_tag","embeddable":true,"href":"https:\/\/www.infokuryr.cz\/n\/wp-json\/wp\/v2\/tags?post=80706"}],"curies":[{"name":"wp","href":"https:\/\/api.w.org\/{rel}","templated":true}]}}