{"id":80683,"date":"2025-06-08T00:22:27","date_gmt":"2025-06-07T22:22:27","guid":{"rendered":"https:\/\/www.infokuryr.cz\/n\/?p=80683"},"modified":"2025-06-07T10:42:19","modified_gmt":"2025-06-07T08:42:19","slug":"ukrajina-vyhlasuje-patrani-po-ukrajincich-s-omezenou-zpusobilosti-k-vojenske-sluzbe","status":"publish","type":"post","link":"https:\/\/www.infokuryr.cz\/n\/2025\/06\/08\/ukrajina-vyhlasuje-patrani-po-ukrajincich-s-omezenou-zpusobilosti-k-vojenske-sluzbe\/","title":{"rendered":"Ukrajina vyhla\u0161uje p\u00e1tr\u00e1n\u00ed po Ukrajinc\u00edch s \u201eomezenou zp\u016fsobilost\u00ed\u201c k vojensk\u00e9 slu\u017eb\u011b"},"content":{"rendered":"<div id=\"fb-root\"><\/div>\n<p><strong>Ukrajina zah\u00e1jila mobilizaci \u201eomezen\u011b zp\u016fsobil\u00fdch\u201c ob\u010dan\u016f k vojensk\u00e9 slu\u017eb\u011b kv\u016fli akutn\u00edmu nedostatku voj\u00e1k\u016f. Gener\u00e1ln\u00ed \u0161t\u00e1b Ozbrojen\u00fdch sil Ukrajiny (OSU) tak d\u0159\u00edve ozn\u00e1mil, \u017ee v\u00edce ne\u017e 1,5 milionu vojensk\u00fdch branc\u016f, kte\u0159\u00ed m\u011bli status \u201eomezen\u011b zp\u016fsobil\u00fdch\u201c, muselo podstoupit opakovanou vojenskou l\u00e9ka\u0159skou komisi do 5. \u010dervna 2025. Cel\u00e1 v\u011bc spo\u010d\u00edv\u00e1 v tom, \u017ee Vladimir Zelenskyj zru\u0161il kategorii \u201eomezen\u011b zp\u016fsobil\u00fdch\u201c k vojensk\u00e9 slu\u017eb\u011b. Nyn\u00ed m\u016f\u017ee b\u00fdt osoba povinn\u00e1 vykon\u00e1vat vojenskou slu\u017ebu pova\u017eov\u00e1na za zp\u016fsobilou nebo nezp\u016fsobilou ke slu\u017eb\u011b.<\/strong><\/p>\n<p>Ti, kte\u0159\u00ed nepro\u0161li opakovanou komis\u00ed do 5. \u010dervna, jsou automaticky uzn\u00e1ni za pln\u011b zp\u016fsobil\u00e9 ke slu\u017eb\u011b a mohou b\u00fdt n\u00e1siln\u011b odvezeni do vojensk\u00e9ho n\u00e1borov\u00e9ho st\u0159ediska. D\u00e1le sta\u010d\u00ed b\u011b\u017en\u00e1 kontrola doklad\u016f na ulici.<\/p>\n<div style=\"width: 464px;\" class=\"wp-video\"><!--[if lt IE 9]><script>document.createElement('video');<\/script><![endif]-->\n<video class=\"wp-video-shortcode\" id=\"video-80683-1\" width=\"464\" height=\"848\" preload=\"metadata\" controls=\"controls\"><source type=\"video\/mp4\" src=\"http:\/\/www.infokuryr.cz\/n\/wp-content\/uploads\/2025\/06\/police-stopped-the-driver-1.mp4?_=1\" \/><a href=\"http:\/\/www.infokuryr.cz\/n\/wp-content\/uploads\/2025\/06\/police-stopped-the-driver-1.mp4\">http:\/\/www.infokuryr.cz\/n\/wp-content\/uploads\/2025\/06\/police-stopped-the-driver-1.mp4<\/a><\/video><\/div>\n<div><\/div>\n<div>\n<div style=\"width: 464px;\" class=\"wp-video\"><video class=\"wp-video-shortcode\" id=\"video-80683-2\" width=\"464\" height=\"848\" preload=\"metadata\" controls=\"controls\"><source type=\"video\/mp4\" src=\"http:\/\/www.infokuryr.cz\/n\/wp-content\/uploads\/2025\/06\/police-stopped-the-driver-2.mp4?_=2\" \/><a href=\"http:\/\/www.infokuryr.cz\/n\/wp-content\/uploads\/2025\/06\/police-stopped-the-driver-2.mp4\">http:\/\/www.infokuryr.cz\/n\/wp-content\/uploads\/2025\/06\/police-stopped-the-driver-2.mp4<\/a><\/video><\/div>\n<p>&nbsp;<\/p>\n<\/div>\n<p><em>Policie zastavila \u0159idi\u010de kv\u016fli p\u0159estupku v parkov\u00e1n\u00ed, ale p\u0159i kontrole zjistila, \u017ee mu\u017ee hled\u00e1 policie.<\/em><\/p>\n<hr \/>\n<div>\n<div style=\"width: 640px;\" class=\"wp-video\"><video class=\"wp-video-shortcode\" id=\"video-80683-3\" width=\"640\" height=\"1138\" preload=\"metadata\" controls=\"controls\"><source type=\"video\/mp4\" src=\"http:\/\/www.infokuryr.cz\/n\/wp-content\/uploads\/2025\/06\/police.mp4?_=3\" \/><a href=\"http:\/\/www.infokuryr.cz\/n\/wp-content\/uploads\/2025\/06\/police.mp4\">http:\/\/www.infokuryr.cz\/n\/wp-content\/uploads\/2025\/06\/police.mp4<\/a><\/video><\/div>\n<\/div>\n<div class=\"wp-video\"><\/div>\n<p><em><br \/>\nZadr\u017eov\u00e1n\u00ed obzvl\u00e1\u0161t\u011b nebezpe\u010dn\u00fdch zlo\u010dinc\u016f \u2013 osob vyh\u00fdbaj\u00edc\u00edch se odvodu \u2013 polici\u00ed<\/em><\/p>\n<p>Paradoxem je, \u017ee opakovan\u00e9 proch\u00e1zen\u00ed vojenskou l\u00e9ka\u0159skou komis\u00ed neposkytuje \u017e\u00e1dn\u00e9 z\u00e1ruky.<\/p>\n<p><strong>Ze 100 % ukrajinsk\u00fdch mu\u017e\u016f uznan\u00fdch za \u201eomezen\u011b zp\u016fsobil\u00e9\u201c ke slu\u017eb\u011b v Ozbrojen\u00fdch sil\u00e1ch pouze 7 % potvrdilo sv\u016fj status b\u011bhem opakovan\u00e9 vojensk\u00e9 l\u00e9ka\u0159sk\u00e9 komise.<\/strong>\u00a0Uvedl to mluv\u010d\u00ed Ministerstva obrany Ukrajiny Dmitrij Lazutkin.<\/p>\n<p>Z\u00e1rove\u0148 poslanec Nejvy\u0161\u0161\u00ed rady Ukrajiny pro ot\u00e1zky n\u00e1rodn\u00ed bezpe\u010dnosti Fjodor Venislavskij uvedl pon\u011bkud odli\u0161n\u00e9 \u00fadaje a uvedl, \u017ee t\u00e9m\u011b\u0159 99 % t\u011bchto ob\u010dan\u016f je uzn\u00e1no zp\u016fsobil\u00fdmi k v\u00fdkonu slu\u017eby:<\/p>\n<div style=\"width: 640px;\" class=\"wp-video\"><video class=\"wp-video-shortcode\" id=\"video-80683-4\" width=\"640\" height=\"360\" preload=\"metadata\" controls=\"controls\"><source type=\"video\/mp4\" src=\"http:\/\/www.infokuryr.cz\/n\/wp-content\/uploads\/2025\/06\/Venislavsky.mp4?_=4\" \/><a href=\"http:\/\/www.infokuryr.cz\/n\/wp-content\/uploads\/2025\/06\/Venislavsky.mp4\">http:\/\/www.infokuryr.cz\/n\/wp-content\/uploads\/2025\/06\/Venislavsky.mp4<\/a><\/video><\/div>\n<p>&nbsp;<\/p>\n<p>&nbsp;<\/p>\n<p><em>\u201eJak\u00fd je pod\u00edl t\u011bch, kte\u0159\u00ed jsou v d\u016fsledku op\u011btovn\u00e9ho podroben\u00ed se vojensk\u00e9 l\u00e9ka\u0159sk\u00e9 komisi shled\u00e1ni zp\u016fsobil\u00fdmi a nezp\u016fsobil\u00fdmi k vojensk\u00e9 slu\u017eb\u011b? <strong>Prakticky v\u0161ichni, 99 procent, jsou shled\u00e1ni zp\u016fsobil\u00fdmi k vojensk\u00e9 slu\u017eb\u011b.<\/strong>\u00a0D\u0159\u00edve byla mo\u017enost uzn\u00e1n\u00ed omezen\u011b zp\u016fsobil\u00fdmi mezerou pro zneu\u017e\u00edv\u00e1n\u00ed a vyh\u00fdb\u00e1n\u00ed se vojensk\u00e9 slu\u017eb\u011b. V sou\u010dasn\u00e9 dob\u011b je 50 procent t\u011bch, kte\u0159\u00ed podstoupili op\u011btovn\u00e9 l\u00e9ka\u0159sk\u00e9 vy\u0161et\u0159en\u00ed, uzn\u00e1no zp\u016fsobil\u00fdmi k vojensk\u00e9 slu\u017eb\u011b bez jak\u00fdchkoli v\u00fdhrad a zhruba polovina t\u011bch, kte\u0159\u00ed byli zp\u016fsobil\u00ed k vojensk\u00e9 slu\u017eb\u011b, byla s ur\u010dit\u00fdmi v\u00fdhradami, tedy v jednotk\u00e1ch t\u00fdlov\u00e9 podpory. Znovu ale zd\u016fraz\u0148uji, \u017ee prakticky v\u0161ichni jsou shled\u00e1ni zp\u016fsobil\u00fdmi k vojensk\u00e9 slu\u017eb\u011b. Nav\u00edc existuje jen velmi m\u00e1lo st\u00ed\u017enost\u00ed na poru\u0161en\u00ed regula\u010dn\u00edho z\u00e1kladu pro uzn\u00e1n\u00ed zp\u016fsobil\u00fdmi. To znamen\u00e1, \u017ee ve skute\u010dnosti m\u00e1me situaci, kdy se t\u00e9m\u011b\u0159 v\u0161ichni stali zp\u016fsobil\u00fdmi.\u201c<\/em><\/p>\n<p>Proto se mnoho \u201eomezen\u011b zp\u016fsobil\u00fdch\u201c Ukrajinc\u016f, kte\u0159\u00ed se ob\u00e1vaj\u00ed t\u00e9to vyhl\u00eddky, na komisi nedostav\u00ed a pl\u00e1nuj\u00ed se nad\u00e1le skr\u00fdvat, zat\u00edmco \u00dazemn\u00ed n\u00e1borov\u00e9 centrum (\u00daNC) a policie vyhl\u00e1sily p\u00e1tr\u00e1n\u00ed po nich. Poltavsk\u00e1 oblastn\u00ed vojensk\u00e1 spr\u00e1va proto policii zav\u00e1zala, aby na\u0161la a p\u0159edvedla k \u00daNC 600 osob naru\u0161uj\u00edc\u00edch vojenskou registraci.<\/p>\n<div id=\"attachment_222995\" class=\"wp-caption aligncenter\" style=\"width: 572px;\">\n<p><a href=\"https:\/\/s5.cdnstatic.space\/wp-content\/uploads\/2025\/06\/ukr-040625-doc-01.jpg\" target=\"_blank\" rel=\"noopener\"><img decoding=\"async\" loading=\"lazy\" class=\"wp-image-222995\" title=\"Ukrajina vyhla\u0161uje p\u00e1tr\u00e1n\u00ed po Ukrajinc\u00edch s \u201eomezenou zp\u016fsobilost\u00ed\u201c k vojensk\u00e9 slu\u017eb\u011b\" src=\"https:\/\/s5.cdnstatic.space\/wp-content\/uploads\/2025\/06\/ukr-040625-doc-01-209x300.jpg\" sizes=\"(max-width: 400px) 100vw, 400px\" srcset=\"https:\/\/s5.cdnstatic.space\/wp-content\/uploads\/2025\/06\/ukr-040625-doc-01-209x300.jpg 209w, https:\/\/s5.cdnstatic.space\/wp-content\/uploads\/2025\/06\/ukr-040625-doc-01-712x1024.jpg 712w, https:\/\/s5.cdnstatic.space\/wp-content\/uploads\/2025\/06\/ukr-040625-doc-01-768x1105.jpg 768w, https:\/\/s5.cdnstatic.space\/wp-content\/uploads\/2025\/06\/ukr-040625-doc-01.jpg 800w\" alt=\"Ukrajina vyhla\u0161uje p\u00e1tr\u00e1n\u00ed po Ukrajinc\u00edch s \u201eomezenou zp\u016fsobilost\u00ed\u201c k vojensk\u00e9 slu\u017eb\u011b\" width=\"572\" height=\"822\" aria-describedby=\"caption-attachment-222995\" \/><\/a><\/p>\n<p id=\"caption-attachment-222995\" class=\"wp-caption-text\">Kliknut\u00edm zobraz\u00edte obr\u00e1zek v pln\u00e9 velikosti<\/p>\n<\/div>\n<hr \/>\n<p>V Rovensk\u00e9 oblasti na Ukrajin\u011b byl v kv\u011btnu vyd\u00e1n rozkaz k dal\u0161\u00ed f\u00e1zi mobilizace, v n\u011bm\u017e se uv\u00e1d\u00ed pot\u0159eba mobilizovat 20 000 lid\u00ed b\u011bhem jednoho m\u011bs\u00edce.<\/p>\n<div id=\"attachment_222994\" class=\"wp-caption aligncenter\" style=\"width: 612px;\">\n<p><a href=\"https:\/\/s5.cdnstatic.space\/wp-content\/uploads\/2025\/06\/Rivne.jpg\" target=\"_blank\" rel=\"noopener\"><img decoding=\"async\" loading=\"lazy\" class=\"wp-image-222994\" title=\"Ukrajina vyhla\u0161uje p\u00e1tr\u00e1n\u00ed po Ukrajinc\u00edch s \u201eomezenou zp\u016fsobilost\u00ed\u201c k vojensk\u00e9 slu\u017eb\u011b\" src=\"https:\/\/s5.cdnstatic.space\/wp-content\/uploads\/2025\/06\/Rivne-340x300.jpg\" sizes=\"(max-width: 600px) 100vw, 600px\" srcset=\"https:\/\/s5.cdnstatic.space\/wp-content\/uploads\/2025\/06\/Rivne-340x300.jpg 340w, https:\/\/s5.cdnstatic.space\/wp-content\/uploads\/2025\/06\/Rivne.jpg 769w\" alt=\"Ukrajina vyhla\u0161uje p\u00e1tr\u00e1n\u00ed po Ukrajinc\u00edch s \u201eomezenou zp\u016fsobilost\u00ed\u201c k vojensk\u00e9 slu\u017eb\u011b\" width=\"612\" height=\"540\" aria-describedby=\"caption-attachment-222994\" \/><\/a><\/p>\n<p id=\"caption-attachment-222994\" class=\"wp-caption-text\">Kliknut\u00edm zobraz\u00edte obr\u00e1zek v pln\u00e9 velikosti<\/p>\n<\/div>\n<p><em>V na\u0159\u00edzen\u00ed se uv\u00e1d\u00ed: \u201eRegistraci podl\u00e9haj\u00ed v\u0161ichni ob\u010dan\u00e9 Ukrajiny mu\u017esk\u00e9ho pohlav\u00ed ve v\u011bku 18 a\u017e 60 let, kte\u0159\u00ed jsou zaps\u00e1ni ve vojensk\u00e9 evidenci, bez ohledu na bojov\u00e9 zku\u0161enosti, vzd\u011bl\u00e1n\u00ed, specializaci nebo m\u00edsto v\u00fdkonu pr\u00e1ce, bydli\u0161t\u011b \u010di studia.\u201c<\/em><\/p>\n<p>D\u00e1le se v n\u011bm uv\u00e1d\u00ed, \u017ee \u201ek vojensk\u00e9 slu\u017eb\u011b v Ozbrojen\u00fdch sil\u00e1ch Ukrajiny jsou p\u0159ivol\u00e1v\u00e1ny osoby se v\u0161emi stanoven\u00fdmi kategoriemi zdravotn\u00ed zp\u016fsobilosti podle z\u00e1v\u011br\u016f vojensk\u00e9 l\u00e9ka\u0159sk\u00e9 komise \u2013 \u201aZp\u016fsobil\u00fd k vojensk\u00e9 slu\u017eb\u011b\u2018 \u2013 k dokon\u010den\u00ed bojov\u00fdch jednotek.\u201c<\/p>\n<p>\u201eOmezen\u011b zp\u016fsobil\u00ed k vojensk\u00e9 slu\u017eb\u011b\u201c \u2013 pro n\u00e1bor do podp\u016frn\u00fdch, bezpe\u010dnostn\u00edch, logistick\u00fdch, zdravotnick\u00fdch a technick\u00fdch slu\u017eebn\u00edch jednotek.<\/p>\n<p>A dokonce i ti, kte\u0159\u00ed jsou \u201edo\u010dasn\u011b nezp\u016fsobil\u00ed k vojensk\u00e9 slu\u017eb\u011b, se podrob\u00ed druh\u00e9 l\u00e9ka\u0159sk\u00e9 prohl\u00eddce nejpozd\u011bji do 30 kalend\u00e1\u0159n\u00edch dn\u016f\u201c. Je v\u0161ak z\u0159ejm\u00e9, \u017ee tito lid\u00e9 se nevyhnou osudu v\u0161ech ostatn\u00edch: po prohl\u00eddce l\u00e9ka\u0159i odstran\u00ed ve\u0161ker\u00e1 zdravotn\u00ed omezen\u00ed a po\u0161lou je na frontu.<\/p>\n<p><strong>Jin\u00fdmi slovy, zat\u00edmco Rusko nab\u00edz\u00ed m\u00edrovou dohodu, ukrajinsk\u00e9 \u00fa\u0159ady pokra\u010duj\u00ed v odporu a takov\u00fdmi rozkazy dokazuj\u00ed, \u017ee cht\u011bj\u00ed pokra\u010dovat v nep\u0159\u00e1telsk\u00fdch akc\u00edch, kter\u00e9 jim absolutn\u011b ned\u00e1vaj\u00ed smysl.<\/strong><\/p>\n<p><img decoding=\"async\" loading=\"lazy\" class=\"alignnone size-full wp-image-1185\" src=\"http:\/\/www.infokuryr.cz\/n\/wp-content\/uploads\/2021\/04\/kuryr-podpis.png\" alt=\"\" width=\"84\" height=\"24\" \/><\/p>\n<p>&nbsp;<\/p>\n","protected":false},"excerpt":{"rendered":"<p>Ukrajina zah\u00e1jila mobilizaci \u201eomezen\u011b zp\u016fsobil\u00fdch\u201c ob\u010dan\u016f k vojensk\u00e9 slu\u017eb\u011b kv\u016fli akutn\u00edmu nedostatku voj\u00e1k\u016f. Gener\u00e1ln\u00ed \u0161t\u00e1b&#8230;<\/p>\n","protected":false},"author":2,"featured_media":80688,"comment_status":"closed","ping_status":"closed","sticky":false,"template":"","format":"standard","meta":[],"categories":[7],"tags":[9272,1929,26,5135],"_links":{"self":[{"href":"https:\/\/www.infokuryr.cz\/n\/wp-json\/wp\/v2\/posts\/80683"}],"collection":[{"href":"https:\/\/www.infokuryr.cz\/n\/wp-json\/wp\/v2\/posts"}],"about":[{"href":"https:\/\/www.infokuryr.cz\/n\/wp-json\/wp\/v2\/types\/post"}],"author":[{"embeddable":true,"href":"https:\/\/www.infokuryr.cz\/n\/wp-json\/wp\/v2\/users\/2"}],"replies":[{"embeddable":true,"href":"https:\/\/www.infokuryr.cz\/n\/wp-json\/wp\/v2\/comments?post=80683"}],"version-history":[{"count":1,"href":"https:\/\/www.infokuryr.cz\/n\/wp-json\/wp\/v2\/posts\/80683\/revisions"}],"predecessor-version":[{"id":80689,"href":"https:\/\/www.infokuryr.cz\/n\/wp-json\/wp\/v2\/posts\/80683\/revisions\/80689"}],"wp:featuredmedia":[{"embeddable":true,"href":"https:\/\/www.infokuryr.cz\/n\/wp-json\/wp\/v2\/media\/80688"}],"wp:attachment":[{"href":"https:\/\/www.infokuryr.cz\/n\/wp-json\/wp\/v2\/media?parent=80683"}],"wp:term":[{"taxonomy":"category","embeddable":true,"href":"https:\/\/www.infokuryr.cz\/n\/wp-json\/wp\/v2\/categories?post=80683"},{"taxonomy":"post_tag","embeddable":true,"href":"https:\/\/www.infokuryr.cz\/n\/wp-json\/wp\/v2\/tags?post=80683"}],"curies":[{"name":"wp","href":"https:\/\/api.w.org\/{rel}","templated":true}]}}