{"id":80681,"date":"2025-06-08T00:21:50","date_gmt":"2025-06-07T22:21:50","guid":{"rendered":"https:\/\/www.infokuryr.cz\/n\/?p=80681"},"modified":"2025-06-07T10:32:06","modified_gmt":"2025-06-07T08:32:06","slug":"polsko-po-nawrockiho-vitezstvi-klicovy-politik-sdelil-ze-vladnouci-koalice-by-mohla-do-podzimu-padnout","status":"publish","type":"post","link":"https:\/\/www.infokuryr.cz\/n\/2025\/06\/08\/polsko-po-nawrockiho-vitezstvi-klicovy-politik-sdelil-ze-vladnouci-koalice-by-mohla-do-podzimu-padnout\/","title":{"rendered":"Polsko: Po Nawrockiho v\u00edt\u011bzstv\u00ed kl\u00ed\u010dov\u00fd politik sd\u011blil, \u017ee vl\u00e1dnouc\u00ed koalice by mohla do podzimu padnout"},"content":{"rendered":"<div id=\"fb-root\"><\/div>\n<h3 class=\"s-tagline fw-tagline\"><span>Szymon Ho\u0142ownia se ob\u00e1v\u00e1, \u017ee polsk\u00e1 vl\u00e1dnouc\u00ed koalice je v trosk\u00e1ch, pokud se j\u00ed nepoda\u0159\u00ed lo\u010f obr\u00e1tit<\/span><\/h3>\n<div class=\"e-ct-outer\">\n<div class=\"entry-content rbct clearfix is-highlight-shares\">\n<p><span>Szymon Ho\u0142ownia, \u010dlen polsk\u00e9 vl\u00e1dnouc\u00ed vl\u00e1dy a l\u00eddr strany Polsko 2050, uv\u00e1d\u00ed nal\u00e9hav\u00e1 opat\u0159en\u00ed, kter\u00e1 mus\u00ed koalice podniknout, aby zastavila stranu Pr\u00e1vo a spravedlnost (PiS) a prezidenta Karola Nawrock\u00e9ho.<\/span><\/p>\n<p><span>Na ot\u00e1zku, jak by se dala popsat sou\u010dasn\u00e1 situace v koalici, l\u00eddr strany Polsko 2050 odpov\u011bd\u011bl: \u201eObnova, nov\u00fd za\u010d\u00e1tek, restart nad\u011bje. To je to, co mus\u00edme dnes ud\u011blat.\u201c<\/span><\/p>\n<p><span>Varoval, \u017ee pokud nebudou podniknuty \u017e\u00e1dn\u00e9 kroky, koalice do podzimu ztrat\u00ed polsk\u00e9 voli\u010de, co\u017e by mohlo v\u00e9st a\u017e ke kolapsu vl\u00e1dy.<\/span><\/p>\n<p><span>\u201eProto\u017ee si mus\u00edme b\u00fdt v\u011bdomi toho, \u017ee pokud se rychle nepohneme vp\u0159ed \u2013 tedy nerekonstruujeme vl\u00e1du, nezm\u011bn\u00edme koali\u010dn\u00ed smlouvu, nedefinujeme programov\u00e9 priority s term\u00edny jejich realizace a neobnov\u00edme komunikaci, nem\u016f\u017eeme se soust\u0159edit jen na mluv\u010d\u00edho vl\u00e1dy, ale na cel\u00e9 nov\u00e9 medi\u00e1ln\u00ed centrum, kter\u00e9 bude s vl\u00e1dou spolupracovat a ukazovat, co se s vl\u00e1dou d\u011bje, aby lid\u00e9 m\u011bli skute\u010dn\u00e9 informace. Pokud to neud\u011bl\u00e1me, PiS a Nawrocki n\u00e1m letos na podzim daj\u00ed \u201apodzim st\u0159edov\u011bku\u2018. Ka\u017ed\u00e9 dva t\u00fddny se budou konat zased\u00e1n\u00ed kabinetu, vetovat v\u0161echny n\u00e1vrhy z\u00e1kon\u016f a sna\u017eit se podkopat a svrhnout rozpo\u010det, aby uk\u00e1zali, \u017ee tato vl\u00e1da absolutn\u011b nic ned\u011bl\u00e1 a k ni\u010demu nen\u00ed,\u201c argumentoval v po\u0159adu Polsat News.<\/span><\/p>\n<h2 class=\"wp-block-heading\"><span>Ho\u0142ownia: D\u011bl\u00e1me to, jen to nekomunikujeme<\/span><\/h2>\n<p><span>Zd\u016fraznil, \u017ee jeliko\u017e koali\u010dn\u00ed partne\u0159i v\u011bd\u00ed, co se m\u016f\u017ee st\u00e1t, m\u011bli by \u201ednes radik\u00e1ln\u011b jednat a znovu nab\u00fdt nad\u011bje\u201c.<\/span><\/p>\n<p><span>\u201eJe p\u011bt minut p\u0159ed p\u016flnoc\u00ed, proto\u017ee je polovina volebn\u00edho obdob\u00ed. Dva roky nebudou \u017e\u00e1dn\u00e9 volby. Tohle je p\u0159esn\u011b ta chv\u00edle, ale je to posledn\u00ed chv\u00edle. Pokud to neud\u011bl\u00e1me, \u0159ekl bych, \u017ee 3\/4 t\u011bchto v\u011bc\u00ed za m\u011bs\u00edc, pak jsme hotovi. A opravdu bychom to m\u011bli ud\u011blat dnes. Proto\u017ee n\u00e1\u0161 probl\u00e9m nen\u00ed v tom, \u017ee to ned\u011bl\u00e1me,\u201c \u0159ekl.<\/span><\/p>\n<p><span>Podle Ho\u0142ownie je chybou nedostatek komunikace se spole\u010dnost\u00ed.<\/span><\/p>\n<p><span>\u201eJsme naprosto neschopn\u00ed, pokud jde o vypr\u00e1v\u011bn\u00ed p\u0159\u00edb\u011bh\u016f a komunikaci,\u201c \u0159ekl.<\/span><\/p>\n<p><img decoding=\"async\" loading=\"lazy\" class=\"alignnone size-full wp-image-1185\" src=\"http:\/\/www.infokuryr.cz\/n\/wp-content\/uploads\/2021\/04\/kuryr-podpis.png\" alt=\"\" width=\"84\" height=\"24\" \/><\/p>\n<p>&nbsp;<\/p>\n<\/div>\n<\/div>\n","protected":false},"excerpt":{"rendered":"<p>Szymon Ho\u0142ownia se ob\u00e1v\u00e1, \u017ee polsk\u00e1 vl\u00e1dnouc\u00ed koalice je v trosk\u00e1ch, pokud se j\u00ed nepoda\u0159\u00ed&#8230;<\/p>\n","protected":false},"author":2,"featured_media":80682,"comment_status":"closed","ping_status":"closed","sticky":false,"template":"","format":"standard","meta":[],"categories":[7],"tags":[371,31,99],"_links":{"self":[{"href":"https:\/\/www.infokuryr.cz\/n\/wp-json\/wp\/v2\/posts\/80681"}],"collection":[{"href":"https:\/\/www.infokuryr.cz\/n\/wp-json\/wp\/v2\/posts"}],"about":[{"href":"https:\/\/www.infokuryr.cz\/n\/wp-json\/wp\/v2\/types\/post"}],"author":[{"embeddable":true,"href":"https:\/\/www.infokuryr.cz\/n\/wp-json\/wp\/v2\/users\/2"}],"replies":[{"embeddable":true,"href":"https:\/\/www.infokuryr.cz\/n\/wp-json\/wp\/v2\/comments?post=80681"}],"version-history":[{"count":0,"href":"https:\/\/www.infokuryr.cz\/n\/wp-json\/wp\/v2\/posts\/80681\/revisions"}],"wp:featuredmedia":[{"embeddable":true,"href":"https:\/\/www.infokuryr.cz\/n\/wp-json\/wp\/v2\/media\/80682"}],"wp:attachment":[{"href":"https:\/\/www.infokuryr.cz\/n\/wp-json\/wp\/v2\/media?parent=80681"}],"wp:term":[{"taxonomy":"category","embeddable":true,"href":"https:\/\/www.infokuryr.cz\/n\/wp-json\/wp\/v2\/categories?post=80681"},{"taxonomy":"post_tag","embeddable":true,"href":"https:\/\/www.infokuryr.cz\/n\/wp-json\/wp\/v2\/tags?post=80681"}],"curies":[{"name":"wp","href":"https:\/\/api.w.org\/{rel}","templated":true}]}}