{"id":80665,"date":"2025-06-08T00:36:22","date_gmt":"2025-06-07T22:36:22","guid":{"rendered":"https:\/\/www.infokuryr.cz\/n\/?p=80665"},"modified":"2025-06-07T20:23:13","modified_gmt":"2025-06-07T18:23:13","slug":"thomas-roper-nord-stream-a-nemecti-politici-a-media","status":"publish","type":"post","link":"https:\/\/www.infokuryr.cz\/n\/2025\/06\/08\/thomas-roper-nord-stream-a-nemecti-politici-a-media\/","title":{"rendered":"Thomas R\u00f6per: Nord Stream a n\u011bme\u010dt\u00ed politici a m\u00e9dia"},"content":{"rendered":"<div id=\"fb-root\"><\/div>\n<p><strong>N\u011bmeck\u00e1 vl\u00e1da prohl\u00e1sila, \u017ee m\u00e1 v \u00famyslu aktivn\u011b zabr\u00e1nit provozu plynovodu Nord Stream. Uveden\u00e9 od\u016fvodn\u011bn\u00ed je absurdn\u00ed, proto\u017ee dodate\u010dn\u00fd plyn dod\u00e1van\u00fd p\u0159es Nord Stream by \u00fadajn\u011b ohrozil \u201ebezpe\u010dnost dod\u00e1vek plynu v N\u011bmecku a Evropsk\u00e9 unii\u201c.<\/strong><\/p>\n<p>T\u00e9m\u011b\u0159 p\u0159ed dv\u011bma t\u00fddny jsem informoval\u00a0<a href=\"https:\/\/anti-spiegel.ru\/2025\/ein-verraeter-deutscher-interessen-als-bundeskanzler\/\">, \u017ee<\/a>\u00a0nov\u00fd n\u011bmeck\u00fd kancl\u00e9\u0159 Merz osobn\u011b nal\u00e9hal na EU, aby uvalila sankce na Nord Stream. To je krok, kter\u00fd by byl v prakticky jak\u00e9koli zemi sv\u011bta pova\u017eov\u00e1n za zradu, proto\u017ee odkdy je \u00fakolem p\u0159edsedy vl\u00e1dy zav\u00e1d\u011bt zahrani\u010dn\u00ed opat\u0159en\u00ed proti vlastn\u00edm spole\u010dnostem (n\u011bmeck\u00e9 spole\u010dnosti jsou akcion\u00e1\u0159i Nord Streamu) a tak\u00e9 proti z\u00e1jm\u016fm vlastn\u00ed ekonomiky? Koneckonc\u016f, levn\u00fd plyn je v N\u011bmecku nal\u00e9hav\u011b pot\u0159eba.<\/p>\n<p>Nyn\u00ed dorazilo ofici\u00e1ln\u00ed potvrzen\u00ed t\u00e9to zpr\u00e1vy. Nap\u0159\u00edklad Der Spiegel o tom informoval pod titulkem \u201e\u00a0<a href=\"https:\/\/www.spiegel.de\/panorama\/nord-stream-bundesregierung-will-betrieb-von-pipelines-aktiv-verhindern-a-2e4cff6a-c50a-4079-b872-c1089afed9e0\">Dopis od Feder\u00e1ln\u00edho ministerstva hospod\u00e1\u0159stv\u00ed \u2013 Feder\u00e1ln\u00ed vl\u00e1da chce aktivn\u011b zabr\u00e1nit provozu plynovod\u016f Nord Stream<\/a>\u00a0\u201c. Nen\u00ed vlastn\u011b \u017e\u00e1dn\u00fd vtip, \u017ee n\u011bmeck\u00e1 vl\u00e1da nyn\u00ed ofici\u00e1ln\u011b prohl\u00e1sila sv\u016fj z\u00e1m\u011br zakro\u010dit proti Nord Streamu \u2013 a tedy i proti n\u011bmeck\u00fdm spole\u010dnostem a n\u011bmeck\u00e9 ekonomice jako celku. Der Spiegel p\u00ed\u0161e:<\/p>\n<p><em>\u201eN\u011bmeck\u00e1 vl\u00e1da chce zabr\u00e1nit tomu, aby kontroverzn\u00ed plynovody Nord Stream v budoucnu p\u0159epravovaly plyn z Ruska do N\u011bmecka. N\u011bmeck\u00e1 vl\u00e1da se postav\u00ed proti uveden\u00ed plynovod\u016f Nord Stream do provozu nebo jejich op\u011btovn\u00e9mu uveden\u00ed do provozu,\u201c uv\u00e1d\u00ed se v dopise spolkov\u00e9ho ministerstva hospod\u00e1\u0159stv\u00ed pod veden\u00edm Katheriny Reiche (CDU) adresovan\u00e9m Michaelu Kellnerovi, mluv\u010d\u00edmu Strany zelen\u00fdch pro energetickou politiku v Bundestagu.\u201c<\/em><\/p>\n<p>Jen pro p\u0159ipomenut\u00ed: Nejd\u016fle\u017eit\u011bj\u0161\u00edm probl\u00e9mem, kter\u00e9mu n\u011bmeck\u00e1 ekonomika \u010del\u00ed, jsou pravd\u011bpodobn\u011b prudce rostouc\u00ed ceny energi\u00ed, proto\u017ee LNG, zelen\u00e1 energie a tak d\u00e1le jsou mnohem dra\u017e\u0161\u00ed ne\u017e rusk\u00fd plyn z plynovod\u016f, kter\u00fd d\u0159\u00edve t\u00e9m\u011b\u0159 50 let slou\u017eil jako z\u00e1klad konkurenceschopnosti n\u011bmeck\u00e9 ekonomiky. Od doby, kdy ceny energi\u00ed prudce vzrostly, produkce v N\u011bmecku kles\u00e1 a dokonce i n\u011bmeck\u00e1 m\u00e9dia n\u011bkdy otev\u0159en\u011b hovo\u0159\u00ed o deindustrializaci, kter\u00e1 v N\u011bmecku prob\u00edh\u00e1.<\/p>\n<p>Vzhledem k tomu, \u017ee jedna v\u011btev plynovodu Nord Stream 2 je st\u00e1le v provozu, mohla by b\u00fdt pomoc poskytnuta rychle. N\u011bmeck\u00e1 vl\u00e1da si to ale nep\u0159eje.<\/p>\n<p>Obzvl\u00e1\u0161t\u011b z\u00e1bavn\u00e9 v t\u00e9to souvislosti bylo setk\u00e1n\u00ed kancl\u00e9\u0159e Merze s americk\u00fdm prezidentem Trumpem. Trump na sch\u016fzce mimo jin\u00e9 prohl\u00e1sil, \u017ee v USA rychle sn\u00ed\u017eil ceny energi\u00ed, proto\u017ee jsou ko\u0159enem v\u0161eho zla \u2013 od inflace, proto\u017ee vy\u0161\u0161\u00ed n\u00e1klady na energie v\u0161echno prodra\u017euj\u00ed, a\u017e po ekonomiku, pro kterou jsou vysok\u00e9 ceny energi\u00ed prost\u011b jedovat\u00e9.<\/p>\n<p>A Merz tam sed\u011bl a poslu\u0161n\u011b p\u0159ikyvoval, zat\u00edmco se Trump chlubil, \u017ee to byl on, kdo zastavil v\u00fdstavbu Nord Streamu 2 sankcemi. A Merz z toho byl docela nad\u0161en\u00fd, i kdy\u017e to vedlo k explozi cen energi\u00ed, a t\u00edm otr\u00e1vilo n\u011bmeckou ekonomiku.<\/p>\n<p>Trump otev\u0159en\u011b prohl\u00e1sil, \u017ee levn\u00e1 energie je pro ekonomiku d\u016fle\u017eit\u00e1, ale z\u00e1rove\u0148 N\u011bmecku up\u0159el pr\u00e1vo na levnou energii a po\u017eadoval, aby N\u011bmecko kupovalo ropu a plyn od USA, co\u017e je mnohem dra\u017e\u0161\u00ed ne\u017e n\u00e1kup od Ruska. A Merz bez ust\u00e1n\u00ed p\u0159ikyvoval a poslu\u0161n\u011b se usm\u00edval.<\/p>\n<p>Zd\u00e1 se, \u017ee ani Der Spiegel nech\u00e1pe absurditu, proto\u017ee \u010dl\u00e1nek o z\u00e1m\u011bru n\u011bmeck\u00e9 vl\u00e1dy jednou prov\u017edy zastavit Nord Stream skon\u010dil zcela v\u00e1\u017en\u011b n\u00e1sleduj\u00edc\u00edm odstavcem:<\/p>\n<p><em>\u201eNoviny Die Zeit ji\u017e d\u0159\u00edve informovaly o tzv. hodnocen\u00ed bezpe\u010dnosti dod\u00e1vek. Zpr\u00e1va ministerstva hospod\u00e1\u0159stv\u00ed dosp\u011bla k jasn\u00e9mu z\u00e1v\u011bru ohledn\u011b mo\u017en\u00e9ho dopadu obnoven\u00ed provozu plynovodu Nord Stream 2: Projekt ohro\u017euje \u201ebezpe\u010dnost dod\u00e1vek plynu v N\u011bmecku a Evropsk\u00e9 unii\u201c.<\/em><\/p>\n<p>Jednodu\u0161e \u0159e\u010deno: Pokud se do N\u011bmecka dostane p\u0159es Nord Stream\u00a0<strong>dal\u0161\u00ed a je\u0161t\u011b levn\u011bj\u0161\u00ed<\/strong>\u00a0plyn , ohroz\u00ed to \u201ebezpe\u010dnost dod\u00e1vek plynu v N\u011bmecku a Evropsk\u00e9 unii\u201c. Alespo\u0148 to tvrd\u00ed n\u011bmeck\u00e1 vl\u00e1da.<\/p>\n<p>V\u00e1\u017en\u011b te\u010f?<\/p>\n<p>Mohl by mi pros\u00edm n\u011bkdo \u0159\u00edct, co kou\u0159\u00ed ti, co tohle p\u00ed\u0161ou? To mus\u00ed b\u00fdt fakt dobr\u00fd, moc r\u00e1d bych to s\u00e1m zkusil&#8230;<\/p>\n<p><a href=\"https:\/\/anti-spiegel.ru\/2025\/nord-stream-und-die-deutschen-politiker-und-medien\/\">Thomas R\u00f6per<\/a><\/p>\n<p><img decoding=\"async\" loading=\"lazy\" class=\"alignnone wp-image-22016\" src=\"http:\/\/www.infokuryr.cz\/n\/wp-content\/uploads\/2023\/01\/Thomas-Roper-298x300.jpg\" alt=\"\" width=\"149\" height=\"150\" srcset=\"https:\/\/www.infokuryr.cz\/n\/wp-content\/uploads\/2023\/01\/Thomas-Roper-298x300.jpg 298w, https:\/\/www.infokuryr.cz\/n\/wp-content\/uploads\/2023\/01\/Thomas-Roper-150x150.jpg 150w, https:\/\/www.infokuryr.cz\/n\/wp-content\/uploads\/2023\/01\/Thomas-Roper.jpg 596w\" sizes=\"(max-width: 149px) 100vw, 149px\" \/><\/p>\n<p>&nbsp;<\/p>\n","protected":false},"excerpt":{"rendered":"<p>N\u011bmeck\u00e1 vl\u00e1da prohl\u00e1sila, \u017ee m\u00e1 v \u00famyslu aktivn\u011b zabr\u00e1nit provozu plynovodu Nord Stream. Uveden\u00e9 od\u016fvodn\u011bn\u00ed&#8230;<\/p>\n","protected":false},"author":2,"featured_media":66932,"comment_status":"closed","ping_status":"closed","sticky":false,"template":"","format":"standard","meta":[],"categories":[7],"tags":[1503,84,415,1008],"_links":{"self":[{"href":"https:\/\/www.infokuryr.cz\/n\/wp-json\/wp\/v2\/posts\/80665"}],"collection":[{"href":"https:\/\/www.infokuryr.cz\/n\/wp-json\/wp\/v2\/posts"}],"about":[{"href":"https:\/\/www.infokuryr.cz\/n\/wp-json\/wp\/v2\/types\/post"}],"author":[{"embeddable":true,"href":"https:\/\/www.infokuryr.cz\/n\/wp-json\/wp\/v2\/users\/2"}],"replies":[{"embeddable":true,"href":"https:\/\/www.infokuryr.cz\/n\/wp-json\/wp\/v2\/comments?post=80665"}],"version-history":[{"count":0,"href":"https:\/\/www.infokuryr.cz\/n\/wp-json\/wp\/v2\/posts\/80665\/revisions"}],"wp:featuredmedia":[{"embeddable":true,"href":"https:\/\/www.infokuryr.cz\/n\/wp-json\/wp\/v2\/media\/66932"}],"wp:attachment":[{"href":"https:\/\/www.infokuryr.cz\/n\/wp-json\/wp\/v2\/media?parent=80665"}],"wp:term":[{"taxonomy":"category","embeddable":true,"href":"https:\/\/www.infokuryr.cz\/n\/wp-json\/wp\/v2\/categories?post=80665"},{"taxonomy":"post_tag","embeddable":true,"href":"https:\/\/www.infokuryr.cz\/n\/wp-json\/wp\/v2\/tags?post=80665"}],"curies":[{"name":"wp","href":"https:\/\/api.w.org\/{rel}","templated":true}]}}