{"id":80642,"date":"2025-06-07T00:26:38","date_gmt":"2025-06-06T22:26:38","guid":{"rendered":"https:\/\/www.infokuryr.cz\/n\/?p=80642"},"modified":"2025-06-06T19:49:39","modified_gmt":"2025-06-06T17:49:39","slug":"karin-szczyrbova-nastal-cas-zmeny-aneb-opomijene-prehlizene-a-temer-zatajovane-vitezstvi-karola-nawrockeho-v-polskych-prezidentskych-volbach","status":"publish","type":"post","link":"https:\/\/www.infokuryr.cz\/n\/2025\/06\/07\/karin-szczyrbova-nastal-cas-zmeny-aneb-opomijene-prehlizene-a-temer-zatajovane-vitezstvi-karola-nawrockeho-v-polskych-prezidentskych-volbach\/","title":{"rendered":"Karin Szczyrbov\u00e1: Nastal \u010das zm\u011bny, aneb opom\u00edjen\u00e9, p\u0159ehl\u00ed\u017een\u00e9 a t\u00e9m\u011b\u0159 zatajovan\u00e9 v\u00edt\u011bzstv\u00ed Karola Nawrock\u00e9ho v polsk\u00fdch prezidentsk\u00fdch volb\u00e1ch"},"content":{"rendered":"<div id=\"fb-root\"><\/div>\n<p><b>Posledn\u00edch p\u00e1r kv\u011btnov\u00fdch a prvn\u00edch \u010dervnov\u00fdch dn\u016f roku 2025 se nese ve znamen\u00ed mnoha ud\u00e1lost\u00ed, kter\u00fdm je p\u0159isuzov\u00e1na v\u011bt\u0161\u00ed \u010di men\u0161\u00ed v\u00e1ha. A\u010dkoliv \u010cesk\u00e1 republika svou velkou \u010d\u00e1st\u00ed soused\u00ed s Polskem, nezaznamenala jsem v posledn\u00edch dnech zejm\u00e9na na tzv. alternativ\u011b \u017e\u00e1dn\u00e9 zm\u00ednky o velmi d\u016fle\u017eit\u00e9m v\u00edt\u011bzstv\u00ed \u201en\u00e1rodovc\u016f\u201c a konzervativc\u016f v t\u00e9to na\u0161\u00ed sousedn\u00ed zemi, a to o v\u00edt\u011bzstv\u00ed konzervativn\u00edho kandid\u00e1ta na prezidenta, pana Karola Nawrock\u00e9ho.<\/b><\/p>\n<p>Vzhledem k faktu, \u017ee jsem v Polsku n\u011bkolik let \u017eila a u n\u00e1s v Karvin\u00e9 je st\u00e1le i velmi po\u010detn\u00e1 polsk\u00e1 men\u0161ina (nemluv\u011b o vzpom\u00ednk\u00e1ch m\u00e9 babi\u010dky na situaci v\u00a0obdob\u00ed kolem II. sv\u011btov\u00e9 v\u00e1lky), nen\u00ed mi jedno, jak\u00fdm sm\u011brem se ub\u00edr\u00e1 politick\u00fd v\u00fdvoj v Polsku.<\/p>\n<p>Ji\u017e n\u011bkolik let \u0159\u00edk\u00e1m, \u017ee my, N\u00e1rodn\u00ed demokracie, jako n\u00e1rodovci a vlastenci bychom se m\u011bli inspirovat nap\u0159. polskou politickou stranou Konfederace. V t\u00e9to politick\u00e9 stran\u011b je mnoho velmi zaj\u00edmav\u00fdch osobnost\u00ed a maj\u00ed velmi pe\u010dlivou a promy\u0161lenou strategii.<\/p>\n<p>V\u00edte nap\u0159. o tom, \u017ee v leto\u0161n\u00edch prezidentsk\u00fdch volb\u00e1ch kandidoval jist\u00fd Grzegorz Braun, kter\u00fd p\u0159ed p\u00e1r lety vyvolal pozdvi\u017een\u00ed v Poslaneck\u00e9 sn\u011bmovn\u011b polsk\u00e9ho Parlamentu, kdy\u017e hasi\u010d\u00e1kem uhasil obrovskou Chanukiju (\u017eidovsk\u00fd sv\u00edcen, kter\u00fd p\u0159ipom\u00edn\u00e1 sv\u00e1tek sv\u011btel, \u010dasov\u011b lze p\u0159ibli\u017en\u011b srovnat s na\u0161\u00edm slunovratem nebo na\u0161imi V\u00e1nocemi)? Samoz\u0159ejm\u011b se cel\u00fd incident d\u016fkladn\u011b \u0159e\u0161il a Braun byl na\u0159\u010den z nen\u00e1visti k \u017did\u016fm, ale tuto svou pov\u011bst si nesl ji\u017e del\u0161\u00ed dobu. V leto\u0161n\u00edm prvn\u00edm kole polsk\u00fdch prezidentsk\u00fdch voleb ale z\u00edskal v\u00edce ne\u017e 6 % hlas\u016f.<\/p>\n<p>Braun byl ale je\u0161t\u011b p\u0159ed svou kandidaturou z Konfederace vylou\u010den a ofici\u00e1ln\u00edm kandid\u00e1tem Konfederace byl Slawomir Mentzen, kter\u00fd ve volb\u00e1ch z\u00edskal t\u00e9m\u011b\u0159 15 % hlas\u016f.<\/p>\n<p>Kdy\u017e si oba tyto relativn\u011b konzervativn\u00ed kandid\u00e1ty (a\u010dkoliv Mentzen je v n\u00e1hledu na ekonomii liber\u00e1l) spoj\u00edte, pak zjist\u00edte, \u017ee zhruba p\u011btina polsk\u00e9 spole\u010dnosti v prvn\u00edm kole polsk\u00fdch prezidentsk\u00fdch voleb volila v\u00edce ne\u017e konzervativn\u00ed hodnoty, kter\u00e9 nab\u00edzel i Nawrocki (kandidoval za Pr\u00e1vo a spravedlnost, jej\u00edm\u017e l\u00eddrem a ideologick\u00fdm v\u016fdcem je Jaroslaw Kaczy\u0144ski). Nawrocki v prvn\u00edm kole z\u00edskal necel\u00fdch 30 % hlas\u016f.<\/p>\n<p>Pokud se na celou situaci pod\u00edv\u00e1te z nadhledu a odstupem, tak bylo t\u00e9m\u011b\u0159 jasn\u00e9, \u017ee Nawrocki mus\u00ed zv\u00edt\u011bzit, 30 plus 21 d\u00e1v\u00e1 51 %, se kter\u00fdmi Nawrocki skute\u010dn\u011b vyhr\u00e1l. Spojily se 3 hlavn\u00ed konzervativn\u00ed proudy a zv\u00edt\u011bzily.<\/p>\n<p>Abych v\u00e1m p\u0159ibl\u00ed\u017eila sou\u010dasnou terminologii, p\u0159ipojuji malou vysv\u011btlivku, co se v\u00a0Polsku skute\u010dn\u011b odehr\u00e1lo. V\u00a0pojet\u00ed sou\u010dasn\u00e9 euron\u00e1ckovsk\u00e9 propagandy \u0159e\u010deno: \u201eKrajn\u011b pravicov\u00e9 prorusk\u00e9 chcim\u00edrovsk\u00e9 s\u00edly, je\u017e podl\u00e9haj\u00ed blud\u016fm a rusk\u00e9 manipulaci, jinak \u0159e\u010deno slovy ctihodn\u00e9ho pana Folt\u00fdna, ty SVIN\u011a, p\u0159ed kter\u00fdmi je t\u0159eba kopat hlubok\u00e9 p\u0159\u00edkopy a kter\u00e9 je t\u0159eba odd\u011blit od spole\u010dnosti\u2026\u201c u\u010dinily n\u011bco nep\u0159edstaviteln\u00e9ho. Ty svin\u011b toti\u017e zvolily prorusk\u00e9ho kandid\u00e1ta.\u00a0<b>Kandid\u00e1ta, kter\u00e1 hodl\u00e1 vym\u00e1hat od N\u011bmecka reparace za II. sv\u011btovou v\u00e1lku. Kandid\u00e1ta, kter\u00fd nechce Ukrajinu v\u00a0EU a NATO.<\/b><\/p>\n<p>A v\u00edte pro\u010d? Pro\u010d se tak stalo? Proto\u017ee skute\u010dn\u00e9 konzervativn\u00ed proudy prosazuj\u00ed politiku my\u0161len\u00ed polsk\u00fdch venkovan\u016f. Venkov rozhodl. Venkov je v Polsku konzervativn\u00ed. A v\u00edte, jak se \u017eije v Polsku na venkov\u011b? J\u00e1 byla p\u00e1rkr\u00e1t t\u00e9m\u011b\u0159 a\u017e u polsk\u00fdch hranic s Ukrajinou a B\u011bloruskem. Nikdy to necht\u011bjte za\u017e\u00edt. Ta b\u00edda, ta chudoba\u2026 Takov\u00e1 miz\u00e9rie na m\u011b nikdy nepadala ani v momentech toho nejhor\u0161\u00edho smogu, kdy jsem jezd\u00edvala autobusem z Karvin\u00e9 do Ostravy poddolovan\u00fdm \u00fazem\u00edm.\u00a0<b>Jen\u017ee lid\u00e9 tam byli v\u00edce ne\u017e \u00fa\u017easn\u00ed. A mysleli. P\u0159em\u00fd\u0161leli. Nikdo jim jejich rozum nevymyl.<\/b><\/p>\n<p>Mysl\u00edte si, \u017ee ti lid\u00e9 tam, v\u00a0Polsku na v\u00fdchod\u011b hodlaj\u00ed p\u0159ijmout liber\u00e1ln\u00ed demokracii a nechat se zat\u00e1hnout to v\u00e1lky? V\u00edte, jak\u00fd je rozd\u00edl mezi \u017eivotem Pol\u00e1ka \u017eij\u00edc\u00edho ve Var\u0161av\u011b a t\u0159eba Pol\u00e1kem z Huszlewa? Milion a nula z pohledu Var\u0161avana. Z m\u00e9ho pohledu Var\u0161avan nula a Huszlewan milion.<\/p>\n<p>Zkusme se n\u011bkdy povzn\u00e9st nad situaci a pohl\u00e9dnout na v\u0161e s ur\u010dit\u00fdm odstupem. Nen\u00ed d\u016fle\u017eit\u00e9 to, co se aktu\u00e1ln\u011b d\u011bje a co n\u00e1m v\u0161echna m\u00e9dia, v\u010detn\u011b t\u011bch alternativn\u00edch v\u0161t\u011bpuj\u00ed ka\u017edou minutou. Je d\u016fle\u017eit\u00e9 hledat podstatu, j\u00edt do hloubky a pochopit v\u011bci a souvislosti.<\/p>\n<p>V\u00edte, jak j\u00e1 nyn\u00ed \u010dtu v\u00fdvoj v Polsku, kter\u00fd byl p\u0159ehlu\u0161en ukrajinsk\u00fdmi \u00fatoky na rusk\u00e1 leti\u0161t\u011b? Nep\u0159\u00edtel m\u00e9ho nep\u0159\u00edtele je m\u016fj p\u0159\u00edtel. Pol\u00e1ci nikdy nezapomenou Ukrajinc\u016fm zv\u011brstva, kter\u00e1 nap\u00e1chali. Prvn\u00ed n\u00e1znaky p\u0159inesl u\u017e m\u016fj obl\u00edben\u00fd zp\u011bv\u00e1k Pawel Kukiz, kter\u00fd se pokou\u0161el z\u00edskat prezidentsk\u00e9 k\u0159eslo ji\u017e v roce 2015. Zde je citace z Wikipedie: \u201eV \u00fanoru 2015 ozn\u00e1mil z\u00e1m\u011br \u00fa\u010dastnit se\u00a0<u><a href=\"https:\/\/cs.wikipedia.org\/wiki\/Prezidentsk%C3%A9_volby_v_Polsku_2015\" target=\"_blank\" rel=\"noopener\">prezidentsk\u00fdch voleb<\/a><\/u>\u00a010. kv\u011btna t\u00e9ho\u017e roku. Obsadil 3. m\u00edsto mezi 11 kandid\u00e1ty a z\u00edskal 3 099 079 hlas\u016f, co\u017e p\u0159edstavuje 20,8\u00a0% v\u0161ech platn\u00fdch hlas\u016f. Ve druh\u00e9m kole ofici\u00e1ln\u011b nepodporoval \u017e\u00e1dn\u00e9ho z kandid\u00e1t\u016f.\u201c Abyste pochopili my\u0161len\u00ed tohoto zp\u011bv\u00e1ka, p\u0159id\u00e1v\u00e1m n\u00ed\u017ee i odkaz na jednu z jeho nejzn\u00e1m\u011bj\u0161\u00edch p\u00edsni\u010dek:\u00a0<u><a href=\"https:\/\/www.youtube.com\/watch?v=4DPqbsVcqGc\" target=\"_blank\" rel=\"noopener\">https:\/\/www.youtube.com\/watch?v=4DPqbsVcqGc<\/a><\/u><\/p>\n<p><b>To hlavn\u00ed ale na z\u00e1v\u011br, pod\u00edvejme se celou b\u00fdvalou V4 \u2013 v Ma\u010farsku m\u00e1me Orb\u00e1na, na Slovensku Fica, v\u00a0Polsku nyn\u00ed Nawrock\u00e9ho \u2013 ka\u017ed\u00fd z nich m\u00e1 sv\u00e9 chyby, ale pochopili jedno, pot\u0159ebujeme siln\u00e9ho garanta m\u00edru. T\u00edm nen\u00ed EU, kter\u00e1 bude trp\u011bt mj. v\u00fdpadky elekt\u0159iny \u2013\u00a0<\/b>a v\u011b\u0159te, \u017ee v\u00edm, o \u010dem mluv\u00edm, proto\u017ee a\u010dkoliv n\u00e1m tady \u00fadajn\u011b pos\u00edlili energetickou s\u00ed\u0165, tak ne\u010dekan\u00e9 v\u00fdpadky elekt\u0159iny jsou nyn\u00ed t\u00e9m\u011b\u0159 na ka\u017edot\u00fddenn\u00edm po\u0159\u00e1dku a v\u017edy, kdy\u017e vol\u00e1m na \u010cEZ, tak se dov\u00edm, \u017ee v oblasti je registrov\u00e1no n\u011bkolik des\u00edtek trafo stanic a na n\u011bkter\u00e9 z nich vznikla porucha a probl\u00e9m se \u0159e\u0161\u00ed.<b><\/b><\/p>\n<p><b>Garantem m\u00edru nen\u00ed ani gener\u00e1l Petr Pavel, nebo budouc\u00ed premi\u00e9r Raku\u0161an \u010di pan Babi\u0161.<\/b><\/p>\n<p><b>Garantem m\u00edru a prosperity jsou lid\u00e9. Oby\u010dejn\u00ed lid\u00e9 jako j\u00e1, Vy, Ty, nebo Ty\u2026 Jako skute\u010dn\u00e1 alternativa se m\u00e1me je\u0161t\u011b hodn\u011b co u\u010dit, ale douf\u00e1m, \u017ee to zvl\u00e1dneme a \u017ee v\u00edce lid\u00ed pochop\u00ed\u2026<\/b><\/p>\n<p><b>Z\u00e1v\u011bre\u010dn\u00e1 dou\u0161ka:\u00a0<\/b>A jen tak mimochodem, dovol\u00edm si z\u00e1v\u011brem p\u0159ipomenout, \u017ee u\u017e p\u0159ed 2 lety jsem \u0159\u00edkala, \u017ee budouc\u00edm premi\u00e9rem bude pan Raku\u0161an. Kdy\u017e budete st\u00e1t tv\u00e1\u0159\u00ed v\u00a0tv\u00e1\u0159 prezidentovi \u010cesk\u00e9 republiky a on v\u00e1m nebude schopen odpov\u011bd\u011bt na jednoduchou ot\u00e1zku, s\u00a0k\u00fdm se potk\u00e1, co si o n\u011bm pomysl\u00edte? Ano, st\u00e1la jsem p\u0159ed n\u00edm j\u00e1, byla jsem od n\u011bj na dosah ruky, d\u00edvala se mu zp\u0159\u00edma do o\u010d\u00ed, ne\u010dekan\u011b se ho zeptala na n\u011bco, co ne\u010dekal, nikdo m\u011b tehdy nekontroloval. Kdy\u017e se pot\u00e9 pokoutn\u011b dov\u00edte, s\u00a0k\u00fdm se tehdy v\u00a0Karvin\u00e9 na n\u00e1m\u011bst\u00ed setkal, tak si spoj\u00edte v\u0161echny detaily. Zam\u011b\u0159te se t\u0159eba na pana poslance Letochu. Mnoz\u00ed by o n\u011bm mohli v\u00a0Karvin\u00e9 vypr\u00e1v\u011bt \u2013 t\u0159eba v\u00a0souvislosti s\u00a0volebn\u00edmi komisemi.<\/p>\n<p><em><a href=\"https:\/\/narodnidemokracie.cz\/ing-karin-szczyrbova-nastal-cas-zmeny-aneb-opomijene-prehlizene-a-temer-zatajovane-vitezstvi-karola-nawrockeho-v-polskych-prezidentskych-volbach\/\">Ing. Karin Szczyrbov\u00e1,<\/a> \u010dlenka ND Karvin\u00e1<\/em><\/p>\n<p><img decoding=\"async\" loading=\"lazy\" class=\"\" src=\"https:\/\/narodnidemokracie.cz\/wp-content\/uploads\/2024\/10\/szcz.jpg\" width=\"212\" height=\"212\" \/><\/p>\n<p>&nbsp;<\/p>\n","protected":false},"excerpt":{"rendered":"<p>Posledn\u00edch p\u00e1r kv\u011btnov\u00fdch a prvn\u00edch \u010dervnov\u00fdch dn\u016f roku 2025 se nese ve znamen\u00ed mnoha ud\u00e1lost\u00ed,&#8230;<\/p>\n","protected":false},"author":2,"featured_media":80266,"comment_status":"closed","ping_status":"closed","sticky":false,"template":"","format":"standard","meta":[],"categories":[6],"tags":[1503,122,31,27,1266],"_links":{"self":[{"href":"https:\/\/www.infokuryr.cz\/n\/wp-json\/wp\/v2\/posts\/80642"}],"collection":[{"href":"https:\/\/www.infokuryr.cz\/n\/wp-json\/wp\/v2\/posts"}],"about":[{"href":"https:\/\/www.infokuryr.cz\/n\/wp-json\/wp\/v2\/types\/post"}],"author":[{"embeddable":true,"href":"https:\/\/www.infokuryr.cz\/n\/wp-json\/wp\/v2\/users\/2"}],"replies":[{"embeddable":true,"href":"https:\/\/www.infokuryr.cz\/n\/wp-json\/wp\/v2\/comments?post=80642"}],"version-history":[{"count":0,"href":"https:\/\/www.infokuryr.cz\/n\/wp-json\/wp\/v2\/posts\/80642\/revisions"}],"wp:featuredmedia":[{"embeddable":true,"href":"https:\/\/www.infokuryr.cz\/n\/wp-json\/wp\/v2\/media\/80266"}],"wp:attachment":[{"href":"https:\/\/www.infokuryr.cz\/n\/wp-json\/wp\/v2\/media?parent=80642"}],"wp:term":[{"taxonomy":"category","embeddable":true,"href":"https:\/\/www.infokuryr.cz\/n\/wp-json\/wp\/v2\/categories?post=80642"},{"taxonomy":"post_tag","embeddable":true,"href":"https:\/\/www.infokuryr.cz\/n\/wp-json\/wp\/v2\/tags?post=80642"}],"curies":[{"name":"wp","href":"https:\/\/api.w.org\/{rel}","templated":true}]}}