{"id":80562,"date":"2025-06-05T06:06:14","date_gmt":"2025-06-05T04:06:14","guid":{"rendered":"https:\/\/www.infokuryr.cz\/n\/?p=80562"},"modified":"2025-06-05T06:06:14","modified_gmt":"2025-06-05T04:06:14","slug":"iransky-vudce-usa-nemohou-v-jaderne-otazce-udelat-vubec-nic","status":"publish","type":"post","link":"https:\/\/www.infokuryr.cz\/n\/2025\/06\/05\/iransky-vudce-usa-nemohou-v-jaderne-otazce-udelat-vubec-nic\/","title":{"rendered":"\u00cdr\u00e1nsk\u00fd v\u016fdce: USA nemohou v jadern\u00e9 ot\u00e1zce ud\u011blat v\u016fbec nic"},"content":{"rendered":"<div id=\"fb-root\"><\/div>\n<p><strong><span>V\u016fdce isl\u00e1msk\u00e9 revoluce ajatoll\u00e1h Seyyed Al\u00ed Chamene\u00ed prohl\u00e1sil, \u017ee obohacov\u00e1n\u00ed uranu je kl\u00ed\u010dem k \u00edr\u00e1nsk\u00e9mu jadern\u00e9mu probl\u00e9mu, a odm\u00edtl tak americk\u00e9 n\u00e1vrhy, aby Teher\u00e1n nakonec zastavil ve\u0161ker\u00e9 obohacov\u00e1n\u00ed v zemi.<\/span><\/strong><\/p>\n<p><span>\u201ePrvn\u00ed slovo USA je, \u017ee \u00cdr\u00e1n by nem\u011bl m\u00edt jadern\u00fd pr\u016fmysl a m\u011bl by se spol\u00e9hat na Spojen\u00e9 st\u00e1ty,\u201c \u0159ekl v\u016fdce ve st\u0159edu v televizn\u00edm projevu z mauzolea im\u00e1ma Chomejn\u00edho v ji\u017en\u00edm Teher\u00e1nu.<\/span><\/p>\n<p><span>\u201eNa\u0161e reakce na nesmysly USA je jasn\u00e1: v t\u00e9to v\u011bci nemohou ud\u011blat v\u016fbec nic,\u201c \u0159ekl v\u016fdce, kdy\u017e si \u00cdr\u00e1n p\u0159ipomn\u011bl 36. v\u00fdro\u010d\u00ed \u00famrt\u00ed zakladatele Isl\u00e1msk\u00e9 republiky.<\/span><\/p>\n<figure class=\"image\"><img decoding=\"async\" loading=\"lazy\" style=\"width: 550px; height: 309px;\" src=\"https:\/\/cdn.presstv.ir\/Photo\/2025\/6\/4\/6d525748-efac-4143-81e3-8b47a81f4e46.PNG\" alt=\"\" width=\"555\" height=\"312\" \/><figcaption><em>Lid\u00e9 shrom\u00e1\u017ed\u011bn\u00ed u mauzolea im\u00e1ma Chomejn\u00edho poslouchaj\u00ed ajatoll\u00e1ha Chamene\u00edho.<\/em><\/figcaption><\/figure>\n<p><span><br \/>\nJeho prohl\u00e1\u0161en\u00ed zazn\u011bla pot\u00e9, co prezident Donald Trump nast\u00ednil postoj sv\u00e9 administrativy k jadern\u00fdm jedn\u00e1n\u00edm s \u00cdr\u00e1nem a prohl\u00e1sil, \u017ee Teher\u00e1nu nebude povoleno \u201ejak\u00e9koli obohacov\u00e1n\u00ed uranu\u201c.<\/span><\/p>\n<p><span>Americk\u00e1 m\u00e9dia v \u00fater\u00fd uvedla, \u017ee Trumpova administrativa navrhuje dohodu, kter\u00e1 by umo\u017enila \u201eomezen\u00e9 obohacov\u00e1n\u00ed uranu na n\u00edzk\u00e9 \u00farovni na \u00edr\u00e1nsk\u00e9 p\u016fd\u011b po dobu, kter\u00e1 bude stanovena\u201c.<\/span><\/p>\n<p><span>\u201ePodle n\u00e1vrhu by Spojen\u00e9 st\u00e1ty usnadnily v\u00fdstavbu jadern\u00fdch reaktor\u016f pro \u00cdr\u00e1n a vyjednaly v\u00fdstavbu za\u0159\u00edzen\u00ed na obohacov\u00e1n\u00ed uranu spravovan\u00fdch konsorciem zem\u00ed regionu,\u201c napsal The New York Times. \u201eJakmile by \u00cdr\u00e1n za\u010dal z t\u011bchto slib\u016f z\u00edsk\u00e1vat jak\u00e9koli v\u00fdhody, musel by zastavit ve\u0161ker\u00e9 obohacov\u00e1n\u00ed v zemi.\u201c\u00a0<\/span><\/p>\n<p><span>Ajatoll\u00e1h Chamene\u00ed \u0159ekl: \u201eObohacov\u00e1n\u00ed uranu je kl\u00ed\u010dem k jadern\u00e9 ot\u00e1zce a nep\u0159\u00e1tel\u00e9 tak\u00e9 pouk\u00e1zali na obohacov\u00e1n\u00ed.\u201c<\/span><\/p>\n<p><span>Zm\u00ednil zku\u0161enosti z 80. let, kdy USA nebyly spolehliv\u00e9 p\u0159i dod\u00e1vk\u00e1ch paliva \u00cdr\u00e1nu, kdy Spojen\u00e9 st\u00e1ty a Evropan\u00e9 odm\u00edtli Isl\u00e1msk\u00e9 republice dodat 20% obohacen\u00fd uran.<\/span><\/p>\n<p><span>\u201ePro\u010d se do toho vm\u011b\u0161ujete? A\u0165 u\u017e \u00cdr\u00e1n obohacuje uran, nebo ne, co v\u00e1m na tom z\u00e1le\u017e\u00ed? Kdo jste?\u201c \u0159ekl v\u016fdce a obr\u00e1til se k USA.\u00a0<\/span><\/p>\n<p><span>Ajatoll\u00e1h Chamene\u00ed uvedl, \u017ee \u00cdr\u00e1n s velk\u00fdm \u00fasil\u00edm dos\u00e1hl kompletn\u00edho jadern\u00e9ho palivov\u00e9ho cyklu a dodal, \u017ee jadern\u00fd pr\u016fmysl nen\u00ed jen pro energetick\u00e9 \u00fa\u010dely.<\/span><\/p>\n<p><span>\u201eJadern\u00fd pr\u016fmysl je mate\u0159sk\u00fdm odv\u011btv\u00edm. Jadern\u00fd pr\u016fmysl ovliv\u0148uje \u0159adu v\u011bdeck\u00fdch obor\u016f.\u201c<\/span><\/p>\n<p><span>Ajatoll\u00e1h Chamene\u00ed prohl\u00e1sil, \u017ee \u00cdr\u00e1n s rostouc\u00edm, stabiln\u00edm a autoritativn\u00edm politick\u00fdm syst\u00e9mem, kter\u00fd se zrodil z velk\u00e9 revoluce pod veden\u00edm im\u00e1ma Chomejn\u00edho, z\u00e1padn\u00ed sv\u011bt p\u0159ekvapil.<\/span><\/p>\n<p><span>\u201eV\u016fdce na\u0161\u00ed revoluce je skv\u011bl\u00fd mu\u017e, jeho\u017e p\u0159\u00edtomnost ve sv\u011bt\u011b je st\u00e1le hmatateln\u00e1 i po v\u00edce ne\u017e t\u0159iceti letech od jeho \u00famrt\u00ed a dopad jeho revoluce je jasn\u011b viditeln\u00fd pro lidi na cel\u00e9m sv\u011bt\u011b,\u201c \u0159ekl ajatoll\u00e1h Chamene\u00ed.<\/span><\/p>\n<p><span>\u201ePrudk\u00fd pokles americk\u00e9ho postaven\u00ed ve sv\u011bt\u011b je zp\u016fsoben jeho p\u0159\u00edtomnost\u00ed a nen\u00e1vist v\u016f\u010di sionist\u016fm je zp\u016fsobena jeho revoluc\u00ed,\u201c dodal.<\/span><\/p>\n<p><span>Ajatoll\u00e1h Chamene\u00ed se dotkl \u201ehnut\u00ed sm\u011brem k averzi k z\u00e1padn\u00edm hodnot\u00e1m\u201c ve sv\u011bt\u011b a uvedl, \u017ee m\u00e1 ko\u0159eny v revoluci, kterou stvo\u0159il im\u00e1m Chomejn\u00ed.<\/span><\/p>\n<p><span>\u201eIsl\u00e1msk\u00e1 revoluce v \u00cdr\u00e1nu z\u00e1padn\u00ed sv\u011bt p\u0159ekvapila. Nemysleli si, \u017ee jedin\u00fd duchovn\u00ed bez vybaven\u00ed a finan\u010dn\u00edch zdroj\u016f m\u016f\u017ee v\u00e9st n\u00e1rod do bitvy,\u201c \u0159ekl ajatoll\u00e1h Chamene\u00ed.<\/span><\/p>\n<p><span>\u201eNev\u011b\u0159ili, \u017ee tato revoluce a tento im\u00e1m budou schopni smetnout Ameri\u010dany a sionisty, kte\u0159\u00ed v \u00cdr\u00e1nu po l\u00e9ta dominovali, a \u017ee je budou moci ze zem\u011b vyhnat.\u201c<\/span><\/p>\n<p><span>Ajatoll\u00e1h Chamene\u00ed se dotkl v\u0161ech typ\u016f konspirac\u00ed proti isl\u00e1msk\u00e9 revoluci, kter\u00e9 podle n\u011bj nemaj\u00ed precedent v \u017e\u00e1dn\u00e9 ze zn\u00e1m\u00fdch revoluc\u00ed na sv\u011bt\u011b.<\/span><\/p>\n<p><span>\u0158ekl, \u017ee Isl\u00e1msk\u00e1 republika odolala v\u0161em spiknut\u00edm, pl\u00e1n\u016fm a nep\u0159\u00e1telstv\u00ed.<\/span><\/p>\n<p><span>\u201ePokud to spo\u010d\u00edt\u00e1me, Isl\u00e1msk\u00e1 republika zma\u0159ila v\u00edce ne\u017e tis\u00edc konspira\u010dn\u00edch teori\u00ed a na n\u011bkter\u00e9 z nich se tak\u00e9 reagovalo,\u201c \u0159ekl v\u016fdce isl\u00e1msk\u00e9 revoluce.<\/span><\/p>\n<p><span>\u0158ekl, \u017ee im\u00e1m Chomejn\u00ed ochr\u00e1nil isl\u00e1mskou revoluci p\u0159ed ni\u010divou metlou emoc\u00ed. Zm\u00ednil Francouzskou revoluci, v n\u00ed\u017e emoce p\u0159ekonaly a ovlivnily racion\u00e1ln\u00ed c\u00edle soci\u00e1ln\u00edho povst\u00e1n\u00ed.<\/span><\/p>\n<p><span>\u201eV\u00fdsledkem je, \u017ee kdy\u017e emoce opadnou, zm\u011bn\u00ed se sm\u011br pohybu, pro kter\u00fd byla revoluce vytvo\u0159ena,\u201c \u0159ekl ajatoll\u00e1h Chamene\u00ed.<\/span><\/p>\n<figure class=\"image\"><img decoding=\"async\" loading=\"lazy\" src=\"https:\/\/cdn.presstv.ir\/Photo\/2025\/6\/4\/77cbbd62-0668-4d00-8a67-8fd591bd68a3.jpg\" alt=\"\" width=\"555\" height=\"311\" \/><figcaption><em>Ajatoll\u00e1h Chamene\u00ed m\u00e1v\u00e1 davu, po jeho boku stoj\u00ed Hassan Chomejn\u00ed, vnuk im\u00e1ma Chomejn\u00edho.<\/em><\/figcaption><\/figure>\n<p><span><br \/>\nRacionalita im\u00e1ma Chomene\u00edho se projevila v jeho dvou z\u00e1kladn\u00edch pil\u00ed\u0159\u00edch, a to ve Velayat-e Faqih neboli ochran\u011b jurisprudence a n\u00e1rodn\u00ed nez\u00e1vislosti, \u0159ekl v\u016fdce.<\/span><\/p>\n<p><span>\u201eNeb\u00fdt dohledu jurisprudent\u016f, tato revoluce by se odch\u00fdlila od cesty n\u00e1bo\u017eenstv\u00ed,\u201c \u0159ekl ajatoll\u00e1h Chamene\u00ed.<\/span><\/p>\n<p><span>N\u00e1rodn\u00ed nez\u00e1vislost na druhou stranu neznamen\u00e1 izolaci a nedostatek spojen\u00ed se sv\u011btem; znamen\u00e1 to, \u017ee \u00edr\u00e1nsk\u00fd n\u00e1rod a zem\u011b stoj\u00ed na vlastn\u00edch nohou.<\/span><\/p>\n<p><span>\u201eN\u00e1rodn\u00ed nez\u00e1vislost znamen\u00e1, \u017ee zem\u011b by nem\u011bla \u010dekat na zelenou nebo \u010dervenou od Spojen\u00fdch st\u00e1t\u016f a jim podobn\u00fdch; kl\u00ed\u010dov\u00fdm prvkem n\u00e1rodn\u00ed nez\u00e1vislosti je princip \u201azvl\u00e1dneme to\u2018,\u201c \u0159ekl ajatoll\u00e1h Chamene\u00ed.<\/span><\/p>\n<p><span>\u201eV jadern\u00e9 ot\u00e1zce je americk\u00fd pl\u00e1n stoprocentn\u011b proti tvrzen\u00ed \u201azvl\u00e1dneme\u2018,\u201c dodal.<\/span><\/p>\n<p><span>Ajatoll\u00e1h Chamene\u00ed se ve sv\u00e9m projevu dotkl \u201ezlo\u010din\u016f sionistick\u00e9ho re\u017eimu v Gaze\u201c a ozna\u010dil je za ohromuj\u00edc\u00ed.<\/span><\/p>\n<p><span>\u201eZab\u00edjej\u00ed lidi bombami a kulkami. Jak odporn\u00ed, opovr\u017een\u00edhodn\u00ed a zl\u00ed mohou b\u00fdt lid\u00e9! Amerika je na tomto zlo\u010dinu spolupachatelkou a mus\u00ed b\u00fdt z regionu vyho\u0161t\u011bna,\u201c \u0159ekl.<\/span><\/p>\n<p><span>Ajatoll\u00e1h Chamene\u00ed \u0159ekl: \u201ePokud jak\u00fdkoli isl\u00e1msk\u00fd st\u00e1t jakkoli podpo\u0159\u00ed sionistick\u00fd re\u017eim, na jeho \u010dele jist\u011b z\u016fstane v\u011b\u010dn\u00e1 hanba.\u201c<\/span><\/p>\n<p><span>\u201eVl\u00e1dy by si m\u011bly uv\u011bdomit, \u017ee spol\u00e9h\u00e1n\u00ed se na sionistick\u00fd re\u017eim nevytvo\u0159\u00ed bezpe\u010d\u00ed pro \u017e\u00e1dnou vl\u00e1du. Hrout\u00ed se z bo\u017e\u00edho rozhodnut\u00ed a d\u00e1-li B\u016fh, dlouho nevydr\u017e\u00ed,\u201c dodal.<\/span><\/p>\n<p><span style=\"font-size: 10pt;\"><em><strong>\u00davodn\u00ed fotografie:<\/strong> Ajatoll\u00e1h Chamene\u00ed m\u00e1v\u00e1 obrovsk\u00e9mu davu shrom\u00e1\u017ed\u011bn\u00e9mu u mauzolea im\u00e1ma Chomejn\u00edho v ji\u017en\u00edm Teher\u00e1nu u p\u0159\u00edle\u017eitosti 36. v\u00fdro\u010d\u00ed zakladatele Isl\u00e1msk\u00e9 republiky ve st\u0159edu.<\/em><\/span><\/p>\n<p><span style=\"font-size: 10pt;\"><a href=\"https:\/\/www.presstv.ir\/Detail\/2025\/06\/04\/749199\/Ayatollah-Khamenei--Islamic-Revolution-of-Iran-surprised-West\">ZDROJ<\/a><\/span><\/p>\n<p>&nbsp;<\/p>\n","protected":false},"excerpt":{"rendered":"<p>V\u016fdce isl\u00e1msk\u00e9 revoluce ajatoll\u00e1h Seyyed Al\u00ed Chamene\u00ed prohl\u00e1sil, \u017ee obohacov\u00e1n\u00ed uranu je kl\u00ed\u010dem k \u00edr\u00e1nsk\u00e9mu&#8230;<\/p>\n","protected":false},"author":2,"featured_media":80563,"comment_status":"closed","ping_status":"closed","sticky":false,"template":"","format":"standard","meta":[],"categories":[7],"tags":[38,1575,37,1461],"_links":{"self":[{"href":"https:\/\/www.infokuryr.cz\/n\/wp-json\/wp\/v2\/posts\/80562"}],"collection":[{"href":"https:\/\/www.infokuryr.cz\/n\/wp-json\/wp\/v2\/posts"}],"about":[{"href":"https:\/\/www.infokuryr.cz\/n\/wp-json\/wp\/v2\/types\/post"}],"author":[{"embeddable":true,"href":"https:\/\/www.infokuryr.cz\/n\/wp-json\/wp\/v2\/users\/2"}],"replies":[{"embeddable":true,"href":"https:\/\/www.infokuryr.cz\/n\/wp-json\/wp\/v2\/comments?post=80562"}],"version-history":[{"count":0,"href":"https:\/\/www.infokuryr.cz\/n\/wp-json\/wp\/v2\/posts\/80562\/revisions"}],"wp:featuredmedia":[{"embeddable":true,"href":"https:\/\/www.infokuryr.cz\/n\/wp-json\/wp\/v2\/media\/80563"}],"wp:attachment":[{"href":"https:\/\/www.infokuryr.cz\/n\/wp-json\/wp\/v2\/media?parent=80562"}],"wp:term":[{"taxonomy":"category","embeddable":true,"href":"https:\/\/www.infokuryr.cz\/n\/wp-json\/wp\/v2\/categories?post=80562"},{"taxonomy":"post_tag","embeddable":true,"href":"https:\/\/www.infokuryr.cz\/n\/wp-json\/wp\/v2\/tags?post=80562"}],"curies":[{"name":"wp","href":"https:\/\/api.w.org\/{rel}","templated":true}]}}