{"id":80545,"date":"2025-06-05T04:49:21","date_gmt":"2025-06-05T02:49:21","guid":{"rendered":"https:\/\/www.infokuryr.cz\/n\/?p=80545"},"modified":"2025-06-05T04:49:21","modified_gmt":"2025-06-05T02:49:21","slug":"koronavirova-opatreni-nova-studie-se-zameruje-na-vlady","status":"publish","type":"post","link":"https:\/\/www.infokuryr.cz\/n\/2025\/06\/05\/koronavirova-opatreni-nova-studie-se-zameruje-na-vlady\/","title":{"rendered":"Koronavirov\u00e1 opat\u0159en\u00ed: Nov\u00e1 studie se zam\u011b\u0159uje na vl\u00e1dy"},"content":{"rendered":"<div id=\"fb-root\"><\/div>\n<p><strong><span>Skupina v\u011bdc\u016f zkoumala opat\u0159en\u00ed vl\u00e1d po cel\u00e9m sv\u011bt\u011b v reakci na koronavirus a nyn\u00ed se na n\u011b kriticky d\u00edv\u00e1 ve studii. A\u0165 u\u017e jde o lockdowny, m\u00e1nii rou\u0161ek a o\u010dkov\u00e1n\u00ed nebo obecn\u00e1 cenzurn\u00ed opat\u0159en\u00ed, st\u011b\u017e\u00ed existuje oblast, kter\u00e1 by nebyla ost\u0159e kritizov\u00e1na.<\/span><\/strong><\/p>\n<p><span>Zvl\u00e1d\u00e1n\u00ed pandemie covidu-19 bylo zm\u011bt\u00ed chybn\u00fdch krok\u016f \u2013 od pochybn\u00fdch model\u016f a\u017e po potla\u010dov\u00e1n\u00ed kritick\u00fdch hlas\u016f. Nov\u00e1 studie s n\u00e1zvem \u201e\u00a0<\/span><a href=\"https:\/\/www.ssph-journal.org\/journals\/international-journal-of-public-health\/articles\/10.3389\/ijph.2025.1607727\/full\"><span>Jak\u00e1 ponau\u010den\u00ed si lze vz\u00edt ze zvl\u00e1d\u00e1n\u00ed pandemie covidu-19?<\/span><\/a><span> \u201c, publikovan\u00e1 v \u010dasopise International Journal of Public Health, vrh\u00e1 sv\u011btlo na toto citliv\u00e9 t\u00e9ma a zkoum\u00e1, jak vl\u00e1dy po cel\u00e9m sv\u011bt\u011b zvl\u00e1daly virus v letech 2020 a\u017e 2023. T\u0159icet sedm odborn\u00edk\u016f ze 13 zem\u00ed se se\u0161lo, aby odhalili chyby a navrhli \u0159e\u0161en\u00ed do budoucna.<\/span><\/p>\n<h3 id=\"h-modelle-die-angst-schurten\" class=\"wp-block-heading\"><span>Modely, kter\u00e9 p\u0159i\u017eivovaly strach<\/span><\/h3>\n<p><span>Tv\u016frci politik se spol\u00e9hali na matematick\u00e9 modely, kter\u00e9 \u010dasto nap\u00e1chaly v\u00edce \u0161kody ne\u017e u\u017eitku. Tyto v\u00fdpo\u010dty podle studie sotva odpov\u00eddaly realit\u011b, p\u0159esto poskytly z\u00e1klad pro drastick\u00e1 opat\u0159en\u00ed, jako jsou lockdowny, povinn\u00e9 no\u0161en\u00ed rou\u0161ek a soci\u00e1ln\u00ed distancov\u00e1n\u00ed. Profesor Norman Fenton z Queen Mary University of London kritizuje skute\u010dnost, \u017ee manipulovan\u00e9 statistiky a p\u0159ehnan\u00e9 sc\u00e9n\u00e1\u0159e vyvolaly u lid\u00ed paniku, zat\u00edmco pochybnosti o t\u011bchto modelech byly potla\u010deny. Bylo to, jako by slep\u011b d\u016fv\u011b\u0159ovali naviga\u010dn\u00edmu syst\u00e9mu, kter\u00fd je vedl do propasti.<\/span><\/p>\n<p><span>Doporu\u010den\u00ed expert\u016f je jasn\u00e9: Modely mus\u00ed b\u00fdt n\u00e1strojem, nikoli evangeliem. Mus\u00ed b\u00fdt neust\u00e1le porovn\u00e1v\u00e1ny se skute\u010dn\u00fdmi daty, aby se p\u0159ede\u0161lo chybn\u00fdm rozhodnut\u00edm. Jinak z\u016fstanou jen stra\u0161ideln\u00fdmi, co\u017e sp\u00ed\u0161e \u0161kod\u00ed ne\u017e prosp\u00edv\u00e1. Studie n\u00e1s vyz\u00fdv\u00e1, abychom kone\u010dn\u011b reagovali s v\u011bt\u0161\u00edm selsk\u00fdm rozumem a m\u00e9n\u011b slep\u011b v\u011b\u0159ili v \u010d\u00edsla.<\/span><\/p>\n<h3 id=\"h-lockdowns-und-masken-viel-larm-um-wenig\" class=\"wp-block-heading\"><span>Lockdowny a rou\u0161ky: Mnoho povyku pro m\u00e1lo<\/span><\/h3>\n<p><span>Karant\u00e9ny, povinn\u00e9 no\u0161en\u00ed rou\u0161ek a pravidla soci\u00e1ln\u00edho distancov\u00e1n\u00ed \u2013 to v\u0161e zn\u011blo v teorii dob\u0159e, ale v praxi byly p\u0159\u00ednosy \u010dasto miziv\u00e9. Studie ukazuj\u00ed, \u017ee mnoho z t\u011bchto opat\u0159en\u00ed m\u011blo jen mal\u00fd vliv na \u0161\u00ed\u0159en\u00ed viru, ale m\u00edsto toho zp\u016fsobilo obrovsk\u00e9 \u0161kody: bankroty podnik\u016f, krize du\u0161evn\u00edho zdrav\u00ed a omezen\u00e9 svobody. N\u011bkte\u0159\u00ed odborn\u00edci p\u0159ed t\u011bmito vedlej\u0161\u00edmi \u0161kodami varovali ji\u017e v ran\u00e9 f\u00e1zi, ale jejich hlasy byly ignorov\u00e1ny. D\u016fraz se zjevn\u011b soust\u0159edil sp\u00ed\u0161e na symbolick\u00e1 opat\u0159en\u00ed ne\u017e na skute\u010dn\u011b smyslupln\u00e9 strategie na ochranu zraniteln\u00fdch skupin.<\/span><\/p>\n<p><span>Studie vyz\u00fdv\u00e1 k tomu, aby se takov\u00e1 opat\u0159en\u00ed v budoucnu pou\u017e\u00edvala pouze po d\u016fkladn\u00e9 anal\u00fdze, kter\u00e1 zv\u00e1\u017e\u00ed p\u0159\u00ednosy a \u0161kody. Mus\u00edme tak\u00e9 pravideln\u011b vyhodnocovat jejich \u00fa\u010dinnost, m\u00edsto abychom slep\u011b prosazovali pravidla. Bez t\u00e9to kontroly reality riskujeme, \u017ee budeme lidi obt\u011b\u017eovat zbyte\u010dn\u00fdmi omezen\u00edmi. Jde o nalezen\u00ed chytr\u00fdch \u0159e\u0161en\u00ed, kter\u00e1 skute\u010dn\u011b pomohou, m\u00edsto aby situaci zhor\u0161ila.<\/span><\/p>\n<h3 id=\"h-impfstoffe-und-medikamente-chancen-vertan\" class=\"wp-block-heading\"><span>Vakc\u00edny a l\u00e9ky: promarn\u011bn\u00e9 p\u0159\u00edle\u017eitosti<\/span><\/h3>\n<p><span>Farmaceutick\u00e1 politika b\u011bhem pandemie byla trag\u00e9di\u00ed. L\u00e9ka\u0159i, kte\u0159\u00ed navrhovali levn\u00e9 a osv\u011bd\u010den\u00e9 l\u00e9ky, byli uml\u010dov\u00e1ni nebo zesm\u011b\u0161\u0148ov\u00e1ni. Z\u00e1rove\u0148 byly v rekordn\u00edm \u010dase sp\u011b\u0161n\u011b zavedeny nov\u00e9, vysoce experiment\u00e1ln\u00ed vakc\u00edny, p\u0159esto\u017ee varovn\u00e9 syst\u00e9my, jako je britsk\u00e1 datab\u00e1ze \u017dlut\u00fdch karet a americk\u00fd syst\u00e9m VAERS, bily na poplach u\u017e od roku 2021, jak zd\u016fraz\u0148uje Dr. Gerry Quinn. Zd\u00e1 se, jako by lid\u00e9 rad\u011bji oslavovali drah\u00e9 nov\u00e9 v\u00fdvoje, ne\u017e aby se spol\u00e9hali na osv\u011bd\u010den\u00e9 metody.<\/span><\/p>\n<p><span>Studie vyz\u00fdv\u00e1 k podpo\u0159e v\u00fdzkumu generick\u00fdch l\u00e9k\u016f, nikoli k jeho blokov\u00e1n\u00ed. O\u010dkovac\u00ed programy mus\u00ed b\u00fdt d\u016fkladn\u011bji p\u0159ezkoum\u00e1ny a nikdo by nem\u011bl b\u00fdt k o\u010dkov\u00e1n\u00ed nucen \u2013 c\u00edlem je svobodn\u00e9 a informovan\u00e9 rozhodov\u00e1n\u00ed. L\u00e9ka\u0159i a pacienti by m\u011bli op\u011bt spole\u010dn\u011b hledat \u0159e\u0161en\u00ed, m\u00edsto aby se museli pod\u0159izovat pokyn\u016fm shora dol\u016f. Teprve potom lze znovu z\u00edskat d\u016fv\u011bru v medic\u00ednu.<\/span><\/p>\n<h3 id=\"h-zensur-statt-debatte\" class=\"wp-block-heading\"><span>Cenzura m\u00edsto debaty<\/span><\/h3>\n<p><span>Nejhor\u0161\u00ed ze v\u0161eho bylo potla\u010dov\u00e1n\u00ed otev\u0159en\u00e9 diskuse. Pod z\u00e1minkou boje proti \u201edezinformac\u00edm\u201c byli kriti\u010dt\u00ed v\u011bdci marginalizov\u00e1ni, platformy cenzurovaly p\u0159\u00edsp\u011bvky a dokonce i v\u00e1\u017en\u00e9 ot\u00e1zky byly zavrhov\u00e1ny jako kac\u00ed\u0159stv\u00ed. Studie jasn\u011b uv\u00e1d\u00ed: To nevedlo k lep\u0161\u00edm \u0159e\u0161en\u00edm, ale sp\u00ed\u0161e oslabilo v\u011bdu. Je to, jako byste ukon\u010dili h\u00e1dku pouh\u00fdm uml\u010den\u00edm jedn\u00e9 strany.<\/span><\/p>\n<p><span>Auto\u0159i po\u017eaduj\u00ed, aby se akademick\u00e1 svoboda vr\u00e1tila do pop\u0159ed\u00ed. \u0160patn\u00e9 my\u0161lenky se por\u00e1\u017eej\u00ed lep\u0161\u00edmi argumenty, nikoli cenzurou. Bez otev\u0159en\u00e9 debaty a svobodn\u00e9 v\u011bdeck\u00e9 diskuse pravda ustupuje stranou a d\u016fv\u011bra lid\u00ed ve v\u011bdu a politiku nad\u00e1le kles\u00e1.<\/span><\/p>\n<h3 id=\"h-was-bleibt-ein-weckruf\" class=\"wp-block-heading\"><span>Co zb\u00fdv\u00e1: bud\u00ed\u010dek<\/span><\/h3>\n<p><span>Studie bez obalu ukazuje, kolik se toho pokazilo: od ukvapen\u00fdch a \u0161kodliv\u00fdch rozhodnut\u00ed a\u017e po cenzuru kritick\u00fdch hlas\u016f. Jej\u00ed doporu\u010den\u00ed \u2013 chyt\u0159ej\u0161\u00ed modely, pe\u010dliv\u00e1 opat\u0159en\u00ed, otev\u0159en\u00fd v\u00fdzkum a svobodn\u00e1 debata \u2013 jsou vod\u00edtkem k lep\u0161\u00edm v\u00fdsledk\u016fm p\u0159\u00ed\u0161t\u011b. Pokud tato ponau\u010den\u00ed ignorujeme, riskujeme dal\u0161\u00ed chaos.<\/span><\/p>\n<p><span>To plat\u00ed zejm\u00e9na proto, \u017ee se opakovan\u011b objevuj\u00ed pokusy o vyvol\u00e1n\u00ed strachu v p\u0159\u00edpad\u011b pta\u010d\u00ed ch\u0159ipky a dokonce i sou\u010dasn\u00e1 varianta koronaviru je zneu\u017e\u00edv\u00e1na k podpo\u0159e o\u010dkov\u00e1n\u00ed, p\u0159esto\u017ee je ji\u017e dlouho zn\u00e1mo, \u017ee experiment\u00e1ln\u00ed injekce genu mRNA maj\u00ed extr\u00e9mn\u011b n\u00edzk\u00fd pom\u011br \u0161kod a p\u0159\u00ednos\u016f.<\/span><\/p>\n<p><img decoding=\"async\" loading=\"lazy\" class=\"alignnone size-full wp-image-1185\" src=\"http:\/\/www.infokuryr.cz\/n\/wp-content\/uploads\/2021\/04\/kuryr-podpis.png\" alt=\"\" width=\"84\" height=\"24\" \/><\/p>\n<p>&nbsp;<\/p>\n","protected":false},"excerpt":{"rendered":"<p>Skupina v\u011bdc\u016f zkoumala opat\u0159en\u00ed vl\u00e1d po cel\u00e9m sv\u011bt\u011b v reakci na koronavirus a nyn\u00ed se&#8230;<\/p>\n","protected":false},"author":2,"featured_media":80546,"comment_status":"closed","ping_status":"closed","sticky":false,"template":"","format":"standard","meta":[],"categories":[7],"tags":[1059,839,2452],"_links":{"self":[{"href":"https:\/\/www.infokuryr.cz\/n\/wp-json\/wp\/v2\/posts\/80545"}],"collection":[{"href":"https:\/\/www.infokuryr.cz\/n\/wp-json\/wp\/v2\/posts"}],"about":[{"href":"https:\/\/www.infokuryr.cz\/n\/wp-json\/wp\/v2\/types\/post"}],"author":[{"embeddable":true,"href":"https:\/\/www.infokuryr.cz\/n\/wp-json\/wp\/v2\/users\/2"}],"replies":[{"embeddable":true,"href":"https:\/\/www.infokuryr.cz\/n\/wp-json\/wp\/v2\/comments?post=80545"}],"version-history":[{"count":0,"href":"https:\/\/www.infokuryr.cz\/n\/wp-json\/wp\/v2\/posts\/80545\/revisions"}],"wp:featuredmedia":[{"embeddable":true,"href":"https:\/\/www.infokuryr.cz\/n\/wp-json\/wp\/v2\/media\/80546"}],"wp:attachment":[{"href":"https:\/\/www.infokuryr.cz\/n\/wp-json\/wp\/v2\/media?parent=80545"}],"wp:term":[{"taxonomy":"category","embeddable":true,"href":"https:\/\/www.infokuryr.cz\/n\/wp-json\/wp\/v2\/categories?post=80545"},{"taxonomy":"post_tag","embeddable":true,"href":"https:\/\/www.infokuryr.cz\/n\/wp-json\/wp\/v2\/tags?post=80545"}],"curies":[{"name":"wp","href":"https:\/\/api.w.org\/{rel}","templated":true}]}}