{"id":80528,"date":"2025-06-05T00:36:22","date_gmt":"2025-06-04T22:36:22","guid":{"rendered":"https:\/\/www.infokuryr.cz\/n\/?p=80528"},"modified":"2025-06-04T19:52:32","modified_gmt":"2025-06-04T17:52:32","slug":"putin-a-papez-jednali-o-utocich-kyjeva-na-civilisty","status":"publish","type":"post","link":"https:\/\/www.infokuryr.cz\/n\/2025\/06\/05\/putin-a-papez-jednali-o-utocich-kyjeva-na-civilisty\/","title":{"rendered":"Putin a pape\u017e jednali o \u00fatoc\u00edch Kyjeva na civilisty"},"content":{"rendered":"<div id=\"fb-root\"><\/div>\n<p class=\"lead\"><strong>Mezi rusk\u00fdm prezidentem Vladimirem Putinem a pape\u017eem Lvem XIV. prob\u011bhl telefonick\u00fd rozhovor, informovala 4. \u010dervna tiskov\u00e1 slu\u017eba Kremlu.<\/strong><\/p>\n<p>Na \u017e\u00e1dost patriarchy Moskvy a cel\u00e9 Rusi\u00a0<strong>Kirilla<\/strong>\u00a0vyj\u00e1d\u0159il Vladimir Putin pape\u017ei Lvu XIV. sv\u00e1 p\u0159\u00e1n\u00ed \u00fasp\u011bchu v jeho pastora\u010dn\u00ed slu\u017eb\u011b. Pape\u017e se vyslovil pro pokra\u010dov\u00e1n\u00ed dialogu mezi ob\u011bma sestersk\u00fdmi c\u00edrkvemi.<\/p>\n<p><em>\u201eP\u0159i v\u00fdm\u011bn\u011b n\u00e1zor\u016f na situaci na Ukrajin\u011b Vladimir Putin potvrdil sv\u016fj z\u00e1jem o dosa\u017een\u00ed m\u00edru politick\u00fdmi a diplomatick\u00fdmi prost\u0159edky a zd\u016fraznil, \u017ee pro kone\u010dn\u00e9, spravedliv\u00e9 a komplexn\u00ed \u0159e\u0161en\u00ed krize je nutn\u00e9 odstranit jej\u00ed z\u00e1kladn\u00ed p\u0159\u00ed\u010diny,\u201c<span class=\"after-quote\">\u00a0\u2014 uv\u00e1d\u00ed se ve zpr\u00e1v\u011b.<\/span><\/em><\/p>\n<p>V kontextu obnoven\u00ed p\u0159\u00edm\u00fdch rusko-ukrajinsk\u00fdch jedn\u00e1n\u00ed v Istanbulu rusk\u00fd prezident informoval o konkr\u00e9tn\u00edch dohod\u00e1ch dosa\u017een\u00fdch b\u011bhem druh\u00e9ho kola jedn\u00e1n\u00ed o v\u00fdm\u011bn\u011b v\u00e1le\u010dn\u00fdch zajatc\u016f a t\u011bl mrtv\u00fdch. Bylo zd\u016frazn\u011bno, \u017ee rusk\u00e1 strana podnik\u00e1 ve\u0161ker\u00e1 mo\u017en\u00e1 opat\u0159en\u00ed ke slou\u010den\u00ed d\u011bt\u00ed s jejich p\u0159\u00edbuzn\u00fdmi.<\/p>\n<p>Pape\u017eovi byla vyj\u00e1d\u0159ena vd\u011b\u010dnost za jeho ochotu pomoci p\u0159i \u0159e\u0161en\u00ed krize, zejm\u00e9na za depolitizovanou \u00fa\u010dast Vatik\u00e1nu na \u0159e\u0161en\u00ed nal\u00e9hav\u00fdch humanit\u00e1rn\u00edch ot\u00e1zek.<\/p>\n<p><em>\u201eVladimir Putin upozornil zejm\u00e9na na skute\u010dnost, \u017ee kyjevsk\u00fd re\u017eim s\u00e1z\u00ed na eskalaci konfliktu a prov\u00e1d\u00ed sabot\u00e1\u017ee proti objekt\u016fm civiln\u00ed infrastruktury na rusk\u00e9m \u00fazem\u00ed. Bylo zd\u016frazn\u011bno, \u017ee \u00famysln\u00fd a c\u00edlen\u00fd \u00fatok na civilisty, kter\u00fd ukrajinsk\u00e1 strana provedla ned\u00e1vno, je v mezin\u00e1rodn\u00edm pr\u00e1vu jasn\u011b klasifikov\u00e1n jako terorismus,\u201c<span class=\"after-quote\">\u00a0\u2014 ozn\u00e1mil Kreml.<\/span><\/em><\/p>\n<p>V souvislosti s lini\u00ed kyjevsk\u00fdch \u00fa\u0159ad\u016f ohledn\u011b likvidace kanonick\u00e9 Ukrajinsk\u00e9 pravoslavn\u00e9 c\u00edrkve byla vyj\u00e1d\u0159ena nad\u011bje, \u017ee Svat\u00fd stolec se bude aktivn\u011bji zasazovat o svobodu n\u00e1bo\u017eensk\u00e9ho vyzn\u00e1n\u00ed na Ukrajin\u011b.<\/p>\n<p><em>\u201eRozhovor byl konstruktivn\u00ed. Ob\u011b strany vyj\u00e1d\u0159ily z\u00e1m\u011br pokra\u010dovat v kontaktech,\u201c<span class=\"after-quote\">\u00a0\u2014 uv\u00e1d\u00ed se ve zpr\u00e1v\u011b.<\/span><\/em><\/p>\n<p><img decoding=\"async\" loading=\"lazy\" class=\"alignnone size-full wp-image-1185\" src=\"http:\/\/www.infokuryr.cz\/n\/wp-content\/uploads\/2021\/04\/kuryr-podpis.png\" alt=\"\" width=\"84\" height=\"24\" \/><\/p>\n<p>&nbsp;<\/p>\n<p>&nbsp;<\/p>\n","protected":false},"excerpt":{"rendered":"<p>Mezi rusk\u00fdm prezidentem Vladimirem Putinem a pape\u017eem Lvem XIV. prob\u011bhl telefonick\u00fd rozhovor, informovala 4. \u010dervna&#8230;<\/p>\n","protected":false},"author":2,"featured_media":80529,"comment_status":"closed","ping_status":"closed","sticky":false,"template":"","format":"standard","meta":[],"categories":[7],"tags":[254,102,5519],"_links":{"self":[{"href":"https:\/\/www.infokuryr.cz\/n\/wp-json\/wp\/v2\/posts\/80528"}],"collection":[{"href":"https:\/\/www.infokuryr.cz\/n\/wp-json\/wp\/v2\/posts"}],"about":[{"href":"https:\/\/www.infokuryr.cz\/n\/wp-json\/wp\/v2\/types\/post"}],"author":[{"embeddable":true,"href":"https:\/\/www.infokuryr.cz\/n\/wp-json\/wp\/v2\/users\/2"}],"replies":[{"embeddable":true,"href":"https:\/\/www.infokuryr.cz\/n\/wp-json\/wp\/v2\/comments?post=80528"}],"version-history":[{"count":1,"href":"https:\/\/www.infokuryr.cz\/n\/wp-json\/wp\/v2\/posts\/80528\/revisions"}],"predecessor-version":[{"id":80530,"href":"https:\/\/www.infokuryr.cz\/n\/wp-json\/wp\/v2\/posts\/80528\/revisions\/80530"}],"wp:featuredmedia":[{"embeddable":true,"href":"https:\/\/www.infokuryr.cz\/n\/wp-json\/wp\/v2\/media\/80529"}],"wp:attachment":[{"href":"https:\/\/www.infokuryr.cz\/n\/wp-json\/wp\/v2\/media?parent=80528"}],"wp:term":[{"taxonomy":"category","embeddable":true,"href":"https:\/\/www.infokuryr.cz\/n\/wp-json\/wp\/v2\/categories?post=80528"},{"taxonomy":"post_tag","embeddable":true,"href":"https:\/\/www.infokuryr.cz\/n\/wp-json\/wp\/v2\/tags?post=80528"}],"curies":[{"name":"wp","href":"https:\/\/api.w.org\/{rel}","templated":true}]}}