{"id":80509,"date":"2025-06-05T00:27:43","date_gmt":"2025-06-04T22:27:43","guid":{"rendered":"https:\/\/www.infokuryr.cz\/n\/?p=80509"},"modified":"2025-06-04T16:28:00","modified_gmt":"2025-06-04T14:28:00","slug":"ukrajina-vstoupi-do-eu-do-roku-2029-a-madarske-veto-nebude-mit-vliv-uvedla-komisarka-eu-pro-rozsireni","status":"publish","type":"post","link":"https:\/\/www.infokuryr.cz\/n\/2025\/06\/05\/ukrajina-vstoupi-do-eu-do-roku-2029-a-madarske-veto-nebude-mit-vliv-uvedla-komisarka-eu-pro-rozsireni\/","title":{"rendered":"Ukrajina vstoup\u00ed do EU do roku 2029 a ma\u010farsk\u00e9 veto nebude m\u00edt vliv, uvedla komisa\u0159ka EU pro roz\u0161\u00ed\u0159en\u00ed"},"content":{"rendered":"<div id=\"fb-root\"><\/div>\n<h3 class=\"s-tagline fw-tagline\"><span>\u0160okuj\u00edc\u00ed! Brusel bude oh\u00fdbat a poru\u0161ovat sv\u00e1 vlastn\u00ed pravidla, aby zajistil vstup Ukrajiny do EU<\/span><\/h3>\n<div class=\"e-ct-outer\">\n<div class=\"entry-content rbct clearfix is-highlight-shares\">\n<p><span>EU chce Ukrajinu v Evropsk\u00e9 unii a je ochotna pou\u017e\u00edvat z\u00e1ke\u0159n\u00e9 metody v rozporu se zakl\u00e1daj\u00edc\u00ed smlouvou, v\u010detn\u011b vylou\u010den\u00ed Ma\u010farska z procesu a ignorov\u00e1n\u00ed veta t\u00e9to zem\u011b.<\/span><\/p>\n<p><span>Komisa\u0159ka Evropsk\u00e9 komise pro roz\u0161\u00ed\u0159en\u00ed Marta Kosov\u00e1\u00a0 v \u00fater\u00fd\u00a0<\/span><a href=\"https:\/\/multimedia.europarl.europa.eu\/en\/webstreaming\/committee-on-foreign-affairs-extraordinary-meeting-structured-dialogue-with-marta-kos-commissioner-f_20250603-0930-COMMITTEE-AFET?fbclid=IwY2xjawKsvr1leHRuA2FlbQIxMABicmlkETBZdGtqUEdualdPbDJUU1B0AR6A3lm4W_TnsQtJqlmA0HtJ-DQqOEHiaGHnyDwN7SHVw-6RfyZOHmIcUxBvLg_aem_1BEokNn4MHJM88B6ae0Rvg\"><span>promluvila p\u0159ed<\/span><\/a><span>\u00a0\u00a0zahrani\u010dn\u00edm v\u00fdborem Evropsk\u00e9ho parlamentu, kde jasn\u011b uvedla, \u017ee cht\u011bj\u00ed proces roz\u0161\u00ed\u0159en\u00ed pro Ukrajinu dokon\u010dit do konce p\u0159\u00ed\u0161t\u00edho funk\u010dn\u00edho obdob\u00ed EU, kter\u00fdm je rok 2029.<\/span><\/p>\n<p><span>\u201eMus\u00edme a budeme \u00fasp\u011b\u0161n\u00ed v dal\u0161\u00ed f\u00e1zi evropsk\u00e9ho sjednocov\u00e1n\u00ed. M\u00e1me realistickou \u0161anci dov\u00e9st jednu nebo v\u00edce kandid\u00e1tsk\u00fdch zem\u00ed do c\u00edle v tomto cyklu,\u201c \u0159ekla Kosov\u00e1.<\/span><\/p>\n<p><span>Aby se proces urychlil, Brusel pracuje tak\u00e9 na zaveden\u00ed \u201ealternativn\u00edho\u201c rozhodovac\u00edho mechanismu. Ten m\u00e1 zajistit, aby bilater\u00e1ln\u00ed spory \u2013 jako nap\u0159\u00edklad ma\u010farsk\u00e9 veto \u2013 ji\u017e nebr\u00e1nily roz\u0161\u00ed\u0159en\u00ed EU.<\/span><\/p>\n<p><span>\u201eKomise spolu s \u010dlensk\u00fdmi st\u00e1ty EU zkoum\u00e1 mo\u017enosti zjednodu\u0161en\u00ed p\u0159\u00edstupov\u00fdch postup\u016f, aby bilater\u00e1ln\u00ed ot\u00e1zky nebr\u00e1nily roz\u0161\u00ed\u0159en\u00ed v t\u00e9to velmi citliv\u00e9 geopolitick\u00e9 situaci,\u201c uvedla.<\/span><\/p>\n<p><span>Kosov\u00e1 se tak\u00e9 konkr\u00e9tn\u011b zab\u00fdvala p\u0159\u00edstupov\u00fdm procesem Ukrajiny a Moldavska a uvedla: \u201eNyn\u00ed mus\u00edme s Ukrajinou a Moldavskem bezpodm\u00edne\u010dn\u011b ud\u011blat dal\u0161\u00ed krok. Ob\u011b zem\u011b si ud\u011blaly sv\u016fj dom\u00e1c\u00ed \u00fakol.\u201c Zd\u016fraznila tak\u00e9, \u017ee ve\u0161ker\u00e9 p\u0159\u00edpravy byly provedeny, tak\u017ee je nyn\u00ed na Rad\u011b \u010dlensk\u00fdch st\u00e1t\u016f, aby zah\u00e1jila prvn\u00ed vyjedn\u00e1vac\u00ed skupinu.<\/span><\/p>\n<p><span>Podle komisa\u0159ky nen\u00ed roz\u0161\u00ed\u0159en\u00ed jen ekonomickou p\u0159\u00edle\u017eitost\u00ed, ale tak\u00e9 kl\u00ed\u010dovou bezpe\u010dnostn\u00ed z\u00e1rukou pro Evropskou unii. Za t\u00edmto \u00fa\u010delem Evropsk\u00e1 komise ji\u017e za\u010d\u00edn\u00e1 otev\u00edrat vnit\u0159n\u00ed trhy dot\u010den\u00fdm zem\u00edm \u2013 zejm\u00e9na v oblastech obrany a bezpe\u010dnosti, energetiky a konektivity.\u00a0<\/span><\/p>\n<p><span>\u201eAby doplnila p\u0159\u00edstupov\u00e1 jedn\u00e1n\u00ed, komise zintenziv\u0148uje sv\u00e9 \u00fasil\u00ed o urychlen\u00ed integrace vnit\u0159n\u00edho trhu: nyn\u00ed v oblasti obrany a bezpe\u010dnosti a pot\u00e9 v oblasti konektivity, energetiky a dal\u0161\u00edch oblast\u00ed, a to spole\u010dn\u011b s \u010dlensk\u00fdmi st\u00e1ty EU,\u201c dodala.<\/span><\/p>\n<p><span>Kosov\u00e1 \u0159ekla: \u201eP\u0159\u00edstup Ukrajiny do EU je kl\u00ed\u010dovou bezpe\u010dnostn\u00ed z\u00e1rukou. Mus\u00edme ho zajistit. Mus\u00edme pokro\u010dit, abychom udr\u017eeli tempo reforem na Ukrajin\u011b, pomohli na\u0161im \u010dlensk\u00fdm st\u00e1t\u016fm \u0159e\u0161it jejich obavy a v kone\u010dn\u00e9m d\u016fsledku reagovali na nejv\u011bt\u0161\u00ed bezpe\u010dnostn\u00ed v\u00fdzvy od druh\u00e9 sv\u011btov\u00e9 v\u00e1lky.\u201c<\/span><\/p>\n<p><span>Za p\u0159ipomenut\u00ed stoj\u00ed, \u017ee to byla Marta Kosov\u00e1, kter\u00e1 ned\u00e1vno p\u0159iznala, \u017ee p\u0159\u00edstupov\u00e1 jedn\u00e1n\u00ed s Ukrajinou za\u010dnou v \u010dervnu, a tak\u00e9 hovo\u0159ila o tom, \u017ee ud\u011bl\u00e1 v\u0161e pro urychlen\u00ed p\u0159istoupen\u00ed Ukrajiny.\u00a0<\/span><\/p>\n<p><span>Dokonce uvedla, \u017ee v bruselsk\u00fdch instituc\u00edch u\u017e pracuje tis\u00edc lid\u00ed na urychlen\u00ed vstupu. To je zaj\u00edmav\u00e9, proto\u017ee to byla pr\u00e1v\u011b komisa\u0159ka EU Marta Kosov\u00e1, kter\u00e1 Alexu Sorosovi uk\u00e1zala, \u017ee Ukrajina nedok\u00e1\u017ee splnit ani jednu podm\u00ednku pro vstup do EU.<\/span><\/p>\n<p><span>Ukrajina je pova\u017eov\u00e1na za nejzkorumpovan\u011bj\u0161\u00ed zemi v Evrop\u011b,\u00a0<\/span><a href=\"https:\/\/rmx.news\/ukraine\/former-german-finance-minister-says-corruption-in-ukraine-is-rampant-and-large-majority-of-ukrainians-agree\/\"><span>co\u017e mnoho vysok\u00fdch p\u0159edstavitel\u016f a organizac\u00ed v minulosti opakovan\u011b uznalo<\/span><\/a><span>\u00a0. EU ji\u017e zemi poslala des\u00edtky miliard, ale pokud k \u010dlenstv\u00ed v EU dojde, evrop\u0161t\u00ed da\u0148ov\u00ed poplatn\u00edci mohou o\u010dek\u00e1vat, \u017ee budou muset zaplatit je\u0161t\u011b mnoho des\u00edtek miliard. O\u010dek\u00e1v\u00e1 se, \u017ee zem\u011bd\u011blsk\u00fd sektor EU utrp\u00ed je\u0161t\u011b v\u011bt\u0161\u00ed ztr\u00e1ty, pokud se trhy otev\u0159ou levn\u00fdm ukrajinsk\u00fdm produkt\u016fm, co\u017e nen\u00ed probl\u00e9m jen Ma\u010farska, ale zem\u00ed cel\u00e9ho bloku.<\/span><\/p>\n<p><img decoding=\"async\" loading=\"lazy\" class=\"alignnone size-full wp-image-1185\" src=\"http:\/\/www.infokuryr.cz\/n\/wp-content\/uploads\/2021\/04\/kuryr-podpis.png\" alt=\"\" width=\"84\" height=\"24\" \/><\/p>\n<p>&nbsp;<\/p>\n<\/div>\n<\/div>\n","protected":false},"excerpt":{"rendered":"<p>\u0160okuj\u00edc\u00ed! Brusel bude oh\u00fdbat a poru\u0161ovat sv\u00e1 vlastn\u00ed pravidla, aby zajistil vstup Ukrajiny do EU&#8230;<\/p>\n","protected":false},"author":2,"featured_media":80510,"comment_status":"closed","ping_status":"closed","sticky":false,"template":"","format":"standard","meta":[],"categories":[7],"tags":[2079,41,78,26],"_links":{"self":[{"href":"https:\/\/www.infokuryr.cz\/n\/wp-json\/wp\/v2\/posts\/80509"}],"collection":[{"href":"https:\/\/www.infokuryr.cz\/n\/wp-json\/wp\/v2\/posts"}],"about":[{"href":"https:\/\/www.infokuryr.cz\/n\/wp-json\/wp\/v2\/types\/post"}],"author":[{"embeddable":true,"href":"https:\/\/www.infokuryr.cz\/n\/wp-json\/wp\/v2\/users\/2"}],"replies":[{"embeddable":true,"href":"https:\/\/www.infokuryr.cz\/n\/wp-json\/wp\/v2\/comments?post=80509"}],"version-history":[{"count":0,"href":"https:\/\/www.infokuryr.cz\/n\/wp-json\/wp\/v2\/posts\/80509\/revisions"}],"wp:featuredmedia":[{"embeddable":true,"href":"https:\/\/www.infokuryr.cz\/n\/wp-json\/wp\/v2\/media\/80510"}],"wp:attachment":[{"href":"https:\/\/www.infokuryr.cz\/n\/wp-json\/wp\/v2\/media?parent=80509"}],"wp:term":[{"taxonomy":"category","embeddable":true,"href":"https:\/\/www.infokuryr.cz\/n\/wp-json\/wp\/v2\/categories?post=80509"},{"taxonomy":"post_tag","embeddable":true,"href":"https:\/\/www.infokuryr.cz\/n\/wp-json\/wp\/v2\/tags?post=80509"}],"curies":[{"name":"wp","href":"https:\/\/api.w.org\/{rel}","templated":true}]}}