{"id":80492,"date":"2025-06-05T00:23:09","date_gmt":"2025-06-04T22:23:09","guid":{"rendered":"https:\/\/www.infokuryr.cz\/n\/?p=80492"},"modified":"2025-06-04T15:15:21","modified_gmt":"2025-06-04T13:15:21","slug":"eu-je-rozzurena-polskymi-volici-nemecky-europoslanec-hrozi-zmrazenim-financovani-eu-pokud-nawrocki-zablokuje-reformy","status":"publish","type":"post","link":"https:\/\/www.infokuryr.cz\/n\/2025\/06\/05\/eu-je-rozzurena-polskymi-volici-nemecky-europoslanec-hrozi-zmrazenim-financovani-eu-pokud-nawrocki-zablokuje-reformy\/","title":{"rendered":"EU je rozzu\u0159en\u00e1 polsk\u00fdmi voli\u010di: N\u011bmeck\u00fd europoslanec hroz\u00ed zmrazen\u00edm financov\u00e1n\u00ed EU, pokud Nawrocki zablokuje \u201ereformy\u201c"},"content":{"rendered":"<div id=\"fb-root\"><\/div>\n<h3 class=\"s-tagline fw-tagline\"><span>\u201ePokud nov\u011b zvolen\u00fd prezident sv\u00fdm vetem bojkotuje nezbytn\u00e9 reformy pr\u00e1vn\u00edho st\u00e1tu, bude muset EU znovu zmrazit finan\u010dn\u00ed prost\u0159edky pro Polsko,\u201c napsal europoslanec na X<\/span><\/h3>\n<p><span>N\u011bmeck\u00fd europoslanec Moritz K\u00f6rner reagoval na zvolen\u00ed konzervativn\u00edho Karola Nawrockiho prezidentem Polskem pohrozbou, \u017ee zemi znovu zmraz\u00ed fondy EU, pokud nov\u00fd prezident vetuje z\u00e1kony usiluj\u00edc\u00ed o obnoven\u00ed pr\u00e1vn\u00edho st\u00e1tu.<\/span><\/p>\n<p><span>N\u011bmeck\u00fd politik v p\u0159\u00edsp\u011bvku na\u00a0<\/span><a href=\"https:\/\/x.com\/moritzkoerner?ref_src=twsrc%5Etfw%7Ctwcamp%5Etweetembed%7Ctwterm%5E1929512078525489588%7Ctwgr%5E3c4a518958ba6ac297f81e15630b02ec0cf90af3%7Ctwcon%5Es1_&amp;ref_url=https%3A%2F%2Fdorzeczy.pl%2Fopinie%2F735858%2Fniemiecki-europosel-grozi-polakom-bo-wybrali-nawrockiego.html\"><span>X<\/span><\/a><span>\u00a0uvedl, \u017ee \u201ed\u016fv\u011bra, kterou Polsko po parlamentn\u00edch volb\u00e1ch z\u00edskalo, byla vy\u010derp\u00e1na\u201c.<\/span><\/p>\n<p><span>\u201eLh\u016fta pro \u0159e\u0161en\u00ed probl\u00e9m\u016f s pr\u00e1vn\u00edm st\u00e1tem v Polsku skon\u010dila. Polsk\u00e1 vl\u00e1da nyn\u00ed mus\u00ed schv\u00e1lit v\u0161echny z\u00e1kony, kter\u00e9 obnov\u00ed pr\u00e1vn\u00ed st\u00e1t v Polsku. Pokud nov\u011b zvolen\u00fd prezident sv\u00fdm vetem bojkotuje nezbytn\u00e9 reformy pr\u00e1vn\u00edho st\u00e1tu, bude muset EU znovu zmrazit finan\u010dn\u00ed prost\u0159edky pro Polsko. Ursula von der Leyen mus\u00ed jasn\u011b \u0159\u00edct, \u017ee pokud Pol\u00e1ci cht\u011bj\u00ed v politice bojkotu pokra\u010dovat, budou n\u00e1sledovat dal\u0161\u00ed sankce. Prezident je tedy na vin\u011b,\u201c napsal europoslanec.<\/span><\/p>\n<figure class=\"wp-block-embed is-type-rich is-provider-twitter wp-block-embed-twitter\">\n<div class=\"wp-block-embed__wrapper\">\n<div class=\"twitter-tweet twitter-tweet-rendered\"><iframe id=\"twitter-widget-0\" class=\"\" title=\"X P\u0159\u00edsp\u011bvek\" src=\"https:\/\/platform.twitter.com\/embed\/Tweet.html?creatorScreenName=RMXnews&amp;dnt=true&amp;embedId=twitter-widget-0&amp;features=eyJ0ZndfdGltZWxpbmVfbGlzdCI6eyJidWNrZXQiOltdLCJ2ZXJzaW9uIjpudWxsfSwidGZ3X2ZvbGxvd2VyX2NvdW50X3N1bnNldCI6eyJidWNrZXQiOnRydWUsInZlcnNpb24iOm51bGx9LCJ0ZndfdHdlZXRfZWRpdF9iYWNrZW5kIjp7ImJ1Y2tldCI6Im9uIiwidmVyc2lvbiI6bnVsbH0sInRmd19yZWZzcmNfc2Vzc2lvbiI6eyJidWNrZXQiOiJvbiIsInZlcnNpb24iOm51bGx9LCJ0ZndfZm9zbnJfc29mdF9pbnRlcnZlbnRpb25zX2VuYWJsZWQiOnsiYnVja2V0Ijoib24iLCJ2ZXJzaW9uIjpudWxsfSwidGZ3X21peGVkX21lZGlhXzE1ODk3Ijp7ImJ1Y2tldCI6InRyZWF0bWVudCIsInZlcnNpb24iOm51bGx9LCJ0ZndfZXhwZXJpbWVudHNfY29va2llX2V4cGlyYXRpb24iOnsiYnVja2V0IjoxMjA5NjAwLCJ2ZXJzaW9uIjpudWxsfSwidGZ3X3Nob3dfYmlyZHdhdGNoX3Bpdm90c19lbmFibGVkIjp7ImJ1Y2tldCI6Im9uIiwidmVyc2lvbiI6bnVsbH0sInRmd19kdXBsaWNhdGVfc2NyaWJlc190b19zZXR0aW5ncyI6eyJidWNrZXQiOiJvbiIsInZlcnNpb24iOm51bGx9LCJ0ZndfdXNlX3Byb2ZpbGVfaW1hZ2Vfc2hhcGVfZW5hYmxlZCI6eyJidWNrZXQiOiJvbiIsInZlcnNpb24iOm51bGx9LCJ0ZndfdmlkZW9faGxzX2R5bmFtaWNfbWFuaWZlc3RzXzE1MDgyIjp7ImJ1Y2tldCI6InRydWVfYml0cmF0ZSIsInZlcnNpb24iOm51bGx9LCJ0ZndfbGVnYWN5X3RpbWVsaW5lX3N1bnNldCI6eyJidWNrZXQiOnRydWUsInZlcnNpb24iOm51bGx9LCJ0ZndfdHdlZXRfZWRpdF9mcm9udGVuZCI6eyJidWNrZXQiOiJvbiIsInZlcnNpb24iOm51bGx9fQ%3D%3D&amp;frame=false&amp;hideCard=false&amp;hideThread=false&amp;id=1929512078525489588&amp;lang=cs&amp;origin=https%3A%2F%2Frmx.news%2Farticle%2Feu-enraged-with-polish-voters-german-mep-issues-threatens-to-freeze-eu-funding-if-nawrocki-blocks-reforms%2F&amp;sessionId=99d860f75866afba012cf8b27602eb01716a0cc8&amp;theme=light&amp;widgetsVersion=2615f7e52b7e0%3A1702314776716&amp;width=550px\" frameborder=\"0\" scrolling=\"no\" allowfullscreen=\"allowfullscreen\" data-tweet-id=\"1929512078525489588\" data-mce-fragment=\"1\"><\/iframe><\/div>\n<\/div>\n<\/figure>\n<p><span>P\u0159\u00edsp\u011bvek vyvolal pobou\u0159en\u00ed v cel\u00e9m Polsku. Polsk\u00fd poslanec Konrad Berkowicz na n\u011bj reagoval na X.<\/span><\/p>\n<p><span>\u201eMoritz K\u00f6rner \u2013 drz\u00fd europoslanec a gener\u00e1ln\u00ed tajemn\u00edk n\u011bmeck\u00e9 strany FDP (koali\u010dn\u00ed partner Ho\u0142ownie). Vyd\u00edr\u00e1 Polsko,\u201c napsal Berkowicz.<\/span><\/p>\n<div class=\"twitter-tweet twitter-tweet-rendered\"><iframe id=\"twitter-widget-1\" class=\"\" title=\"X P\u0159\u00edsp\u011bvek\" src=\"https:\/\/platform.twitter.com\/embed\/Tweet.html?creatorScreenName=RMXnews&amp;dnt=true&amp;embedId=twitter-widget-1&amp;features=eyJ0ZndfdGltZWxpbmVfbGlzdCI6eyJidWNrZXQiOltdLCJ2ZXJzaW9uIjpudWxsfSwidGZ3X2ZvbGxvd2VyX2NvdW50X3N1bnNldCI6eyJidWNrZXQiOnRydWUsInZlcnNpb24iOm51bGx9LCJ0ZndfdHdlZXRfZWRpdF9iYWNrZW5kIjp7ImJ1Y2tldCI6Im9uIiwidmVyc2lvbiI6bnVsbH0sInRmd19yZWZzcmNfc2Vzc2lvbiI6eyJidWNrZXQiOiJvbiIsInZlcnNpb24iOm51bGx9LCJ0ZndfZm9zbnJfc29mdF9pbnRlcnZlbnRpb25zX2VuYWJsZWQiOnsiYnVja2V0Ijoib24iLCJ2ZXJzaW9uIjpudWxsfSwidGZ3X21peGVkX21lZGlhXzE1ODk3Ijp7ImJ1Y2tldCI6InRyZWF0bWVudCIsInZlcnNpb24iOm51bGx9LCJ0ZndfZXhwZXJpbWVudHNfY29va2llX2V4cGlyYXRpb24iOnsiYnVja2V0IjoxMjA5NjAwLCJ2ZXJzaW9uIjpudWxsfSwidGZ3X3Nob3dfYmlyZHdhdGNoX3Bpdm90c19lbmFibGVkIjp7ImJ1Y2tldCI6Im9uIiwidmVyc2lvbiI6bnVsbH0sInRmd19kdXBsaWNhdGVfc2NyaWJlc190b19zZXR0aW5ncyI6eyJidWNrZXQiOiJvbiIsInZlcnNpb24iOm51bGx9LCJ0ZndfdXNlX3Byb2ZpbGVfaW1hZ2Vfc2hhcGVfZW5hYmxlZCI6eyJidWNrZXQiOiJvbiIsInZlcnNpb24iOm51bGx9LCJ0ZndfdmlkZW9faGxzX2R5bmFtaWNfbWFuaWZlc3RzXzE1MDgyIjp7ImJ1Y2tldCI6InRydWVfYml0cmF0ZSIsInZlcnNpb24iOm51bGx9LCJ0ZndfbGVnYWN5X3RpbWVsaW5lX3N1bnNldCI6eyJidWNrZXQiOnRydWUsInZlcnNpb24iOm51bGx9LCJ0ZndfdHdlZXRfZWRpdF9mcm9udGVuZCI6eyJidWNrZXQiOiJvbiIsInZlcnNpb24iOm51bGx9fQ%3D%3D&amp;frame=false&amp;hideCard=false&amp;hideThread=false&amp;id=1930000506723938777&amp;lang=cs&amp;origin=https%3A%2F%2Frmx.news%2Farticle%2Feu-enraged-with-polish-voters-german-mep-issues-threatens-to-freeze-eu-funding-if-nawrocki-blocks-reforms%2F&amp;sessionId=99d860f75866afba012cf8b27602eb01716a0cc8&amp;theme=light&amp;widgetsVersion=2615f7e52b7e0%3A1702314776716&amp;width=550px\" frameborder=\"0\" scrolling=\"no\" allowfullscreen=\"allowfullscreen\" data-tweet-id=\"1930000506723938777\" data-mce-fragment=\"1\"><\/iframe><\/div>\n<p><span>Filip Styczy\u0144ski, \u0159editel provozu Centra pro studium Mezim\u00e1ria ve Washingtonu, napsal: \u201eJe nep\u0159ijateln\u00e9 vyhro\u017eovat zmrazen\u00edm polsk\u00fdch financ\u00ed kv\u016fli demokratick\u00e9 volb\u011b jeho z\u00e1stupce. Takov\u00e1 slova od n\u011bmeck\u00e9ho z\u00e1stupce, jeho\u017e zem\u011b zni\u010dila Polsko a zavra\u017edila 6 milion\u016f jeho ob\u010dan\u016f, ani\u017e by za to kdy p\u0159evzala odpov\u011bdnost, jsou projevem nejen arogance, ale tak\u00e9 n\u011bmeck\u00e9ho neoimperialismu a rasismu. Sty\u010fte se, pane @moritzkoerner.\u201c<\/span><\/p>\n<figure class=\"wp-block-embed is-type-rich is-provider-twitter wp-block-embed-twitter\">\n<div class=\"wp-block-embed__wrapper\">\n<div class=\"twitter-tweet twitter-tweet-rendered\"><iframe id=\"twitter-widget-2\" class=\"\" title=\"X P\u0159\u00edsp\u011bvek\" src=\"https:\/\/platform.twitter.com\/embed\/Tweet.html?creatorScreenName=RMXnews&amp;dnt=true&amp;embedId=twitter-widget-2&amp;features=eyJ0ZndfdGltZWxpbmVfbGlzdCI6eyJidWNrZXQiOltdLCJ2ZXJzaW9uIjpudWxsfSwidGZ3X2ZvbGxvd2VyX2NvdW50X3N1bnNldCI6eyJidWNrZXQiOnRydWUsInZlcnNpb24iOm51bGx9LCJ0ZndfdHdlZXRfZWRpdF9iYWNrZW5kIjp7ImJ1Y2tldCI6Im9uIiwidmVyc2lvbiI6bnVsbH0sInRmd19yZWZzcmNfc2Vzc2lvbiI6eyJidWNrZXQiOiJvbiIsInZlcnNpb24iOm51bGx9LCJ0ZndfZm9zbnJfc29mdF9pbnRlcnZlbnRpb25zX2VuYWJsZWQiOnsiYnVja2V0Ijoib24iLCJ2ZXJzaW9uIjpudWxsfSwidGZ3X21peGVkX21lZGlhXzE1ODk3Ijp7ImJ1Y2tldCI6InRyZWF0bWVudCIsInZlcnNpb24iOm51bGx9LCJ0ZndfZXhwZXJpbWVudHNfY29va2llX2V4cGlyYXRpb24iOnsiYnVja2V0IjoxMjA5NjAwLCJ2ZXJzaW9uIjpudWxsfSwidGZ3X3Nob3dfYmlyZHdhdGNoX3Bpdm90c19lbmFibGVkIjp7ImJ1Y2tldCI6Im9uIiwidmVyc2lvbiI6bnVsbH0sInRmd19kdXBsaWNhdGVfc2NyaWJlc190b19zZXR0aW5ncyI6eyJidWNrZXQiOiJvbiIsInZlcnNpb24iOm51bGx9LCJ0ZndfdXNlX3Byb2ZpbGVfaW1hZ2Vfc2hhcGVfZW5hYmxlZCI6eyJidWNrZXQiOiJvbiIsInZlcnNpb24iOm51bGx9LCJ0ZndfdmlkZW9faGxzX2R5bmFtaWNfbWFuaWZlc3RzXzE1MDgyIjp7ImJ1Y2tldCI6InRydWVfYml0cmF0ZSIsInZlcnNpb24iOm51bGx9LCJ0ZndfbGVnYWN5X3RpbWVsaW5lX3N1bnNldCI6eyJidWNrZXQiOnRydWUsInZlcnNpb24iOm51bGx9LCJ0ZndfdHdlZXRfZWRpdF9mcm9udGVuZCI6eyJidWNrZXQiOiJvbiIsInZlcnNpb24iOm51bGx9fQ%3D%3D&amp;frame=false&amp;hideCard=false&amp;hideThread=false&amp;id=1929984077966520375&amp;lang=cs&amp;origin=https%3A%2F%2Frmx.news%2Farticle%2Feu-enraged-with-polish-voters-german-mep-issues-threatens-to-freeze-eu-funding-if-nawrocki-blocks-reforms%2F&amp;sessionId=99d860f75866afba012cf8b27602eb01716a0cc8&amp;theme=light&amp;widgetsVersion=2615f7e52b7e0%3A1702314776716&amp;width=550px\" frameborder=\"0\" scrolling=\"no\" allowfullscreen=\"allowfullscreen\" data-tweet-id=\"1929984077966520375\" data-mce-fragment=\"1\"><\/iframe><\/div>\n<\/div>\n<\/figure>\n<p><span>P\u0159\u00edsp\u011bvek n\u011bmeck\u00e9ho politika nen\u00ed ojedin\u011bl\u00fdm hlasem v ot\u00e1zce mo\u017en\u00e9ho zmrazen\u00ed fond\u016f EU pro Polsko kv\u016fli Nawrockiho v\u00edt\u011bzstv\u00ed, p\u00ed\u0161e\u00a0<\/span><a href=\"https:\/\/dorzeczy.pl\/opinie\/735858\/niemiecki-europosel-grozi-polakom-bo-wybrali-nawrockiego.html\"><span>Do Rzeczy<\/span><\/a><span>\u00a0. N\u011bmeck\u00fd list Die Tageszeitung odhaduje, \u017ee nov\u00fd prezident by mohl bojkotovat sou\u010dasnou vl\u00e1du.<\/span><\/p>\n<p><span>\u201eTo by mohlo tak\u00e9 vyvinout tlak na EU, kter\u00e1 Tuskovi vyj\u00e1d\u0159ila d\u016fv\u011bru a uvolnila miliardy eur z d\u0159\u00edve zablokovan\u00fdch fond\u016f. Nyn\u00ed je jasn\u00e9, \u017ee Tuskova vl\u00e1da nebude schopna dodr\u017eet sv\u00e9 sliby o demokratizaci. Pokud by Brusel znovu zav\u0159el kohoutky pen\u011bz, v kombinaci s Nawrockiho politikou bojkotu by to mohlo v\u00e9st k p\u00e1du Tuskovy vl\u00e1dy a p\u0159ed\u010dasn\u00fdm volb\u00e1m,\u201c \u0159\u00edk\u00e1 zpravodajka novin Gabriele Lesserov\u00e1.<\/span><\/p>\n<p><span>Die Tageszeitung tak\u00e9 v jin\u00e9m \u010dl\u00e1nku upozor\u0148uje, \u017ee po Nawrockiho v\u00edt\u011bzstv\u00ed se sou\u010dasn\u00fd odpor Var\u0161avy v\u016f\u010di energetick\u00e9 a migra\u010dn\u00ed politice jen zes\u00edl\u00ed.<\/span><\/p>\n<p><img decoding=\"async\" loading=\"lazy\" class=\"alignnone size-full wp-image-1185\" src=\"http:\/\/www.infokuryr.cz\/n\/wp-content\/uploads\/2021\/04\/kuryr-podpis.png\" alt=\"\" width=\"84\" height=\"24\" \/><\/p>\n<p>&nbsp;<\/p>\n","protected":false},"excerpt":{"rendered":"<p>\u201ePokud nov\u011b zvolen\u00fd prezident sv\u00fdm vetem bojkotuje nezbytn\u00e9 reformy pr\u00e1vn\u00edho st\u00e1tu, bude muset EU znovu&#8230;<\/p>\n","protected":false},"author":2,"featured_media":80493,"comment_status":"closed","ping_status":"closed","sticky":false,"template":"","format":"standard","meta":[],"categories":[7],"tags":[41,84,31,2064],"_links":{"self":[{"href":"https:\/\/www.infokuryr.cz\/n\/wp-json\/wp\/v2\/posts\/80492"}],"collection":[{"href":"https:\/\/www.infokuryr.cz\/n\/wp-json\/wp\/v2\/posts"}],"about":[{"href":"https:\/\/www.infokuryr.cz\/n\/wp-json\/wp\/v2\/types\/post"}],"author":[{"embeddable":true,"href":"https:\/\/www.infokuryr.cz\/n\/wp-json\/wp\/v2\/users\/2"}],"replies":[{"embeddable":true,"href":"https:\/\/www.infokuryr.cz\/n\/wp-json\/wp\/v2\/comments?post=80492"}],"version-history":[{"count":0,"href":"https:\/\/www.infokuryr.cz\/n\/wp-json\/wp\/v2\/posts\/80492\/revisions"}],"wp:featuredmedia":[{"embeddable":true,"href":"https:\/\/www.infokuryr.cz\/n\/wp-json\/wp\/v2\/media\/80493"}],"wp:attachment":[{"href":"https:\/\/www.infokuryr.cz\/n\/wp-json\/wp\/v2\/media?parent=80492"}],"wp:term":[{"taxonomy":"category","embeddable":true,"href":"https:\/\/www.infokuryr.cz\/n\/wp-json\/wp\/v2\/categories?post=80492"},{"taxonomy":"post_tag","embeddable":true,"href":"https:\/\/www.infokuryr.cz\/n\/wp-json\/wp\/v2\/tags?post=80492"}],"curies":[{"name":"wp","href":"https:\/\/api.w.org\/{rel}","templated":true}]}}