{"id":80446,"date":"2025-06-04T05:10:45","date_gmt":"2025-06-04T03:10:45","guid":{"rendered":"https:\/\/www.infokuryr.cz\/n\/?p=80446"},"modified":"2025-06-04T05:10:45","modified_gmt":"2025-06-04T03:10:45","slug":"krymsky-most-je-neporuseny-sbu-jako-vzdy-lze-a-ceska-provladni-dezinformacni-media-to-papouskuji","status":"publish","type":"post","link":"https:\/\/www.infokuryr.cz\/n\/2025\/06\/04\/krymsky-most-je-neporuseny-sbu-jako-vzdy-lze-a-ceska-provladni-dezinformacni-media-to-papouskuji\/","title":{"rendered":"Krymsk\u00fd most je neporu\u0161en\u00fd. SBU jako v\u017edy l\u017ee a \u010desk\u00e1 provl\u00e1dn\u00ed dezinforma\u010dn\u00ed m\u00e9dia to papou\u0161kuj\u00ed"},"content":{"rendered":"<div id=\"fb-root\"><\/div>\n<div class=\"field field-name-field-text field-type-text-long field-label-hidden\">\n<div class=\"field-items\">\n<div class=\"field-item even\">\n<p><strong><span>\u201eUkrajina ukazuje pokus o vyhozen\u00ed Krymsk\u00e9ho mostu do pov\u011bt\u0159\u00ed a tvrd\u00ed, \u017ee k jedn\u00e9 z podvodn\u00edch podp\u011br mostu bylo p\u0159ipevn\u011bno v\u00edce ne\u017e tuna v\u00fdbu\u0161nin. SBU l\u017ee,\u201c poznamen\u00e1v\u00e1 Oleg Carev.<\/span><\/strong><\/p>\n<p><span>\u201ePodle m\u00fdch informac\u00ed se jednalo o podvodn\u00ed \u00fatok dronem. Pokud se pod\u00edv\u00e1te pozorn\u011b, m\u016f\u017eete to vid\u011bt na videu, kter\u00e9 nebudu zve\u0159ej\u0148ovat. Dron byl evidentn\u011b mal\u00fd, s\u00edla exploze byla velmi mal\u00e1, c\u00edlem SBU byla v\u00fdhradn\u011b PR a nat\u00e1\u010den\u00ed videa z exploze. Ne nadarmo to kon\u010d\u00ed D\u0158\u00cdVE, NE\u017d odejde v\u0161echna \u201ep\u00e1ra\u201c \u2013 \u0161kody jsou \u010dist\u011b kosmetick\u00e9.\u201c<\/span><\/p>\n<p><span>Most funguje norm\u00e1ln\u011b, auta jezd\u00ed z Krymu i na Krym, \u017e\u00e1dn\u00e9 \u0161kody nejsou.\u201c<\/span><\/p>\n<\/div>\n<\/div>\n<\/div>\n<div class=\"field field-name-field-code field-type-text field-label-hidden\">\n<div class=\"field-items\">\n<div class=\"field-item even\"><iframe loading=\"lazy\" id=\"telegram-post-rusvesnasu-31281\" src=\"https:\/\/t.me\/rusvesnasu\/31281?embed=1\" width=\"100%\" height=\"\" frameborder=\"0\" scrolling=\"no\" data-mce-fragment=\"1\"><\/iframe><\/div>\n<\/div>\n<\/div>\n<div class=\"view view-more-news view-id-more_news view-display-id-entity_view_1 view-dom-id-0637b877b75fdf0868200f4223554827\"><\/div>\n<h2 class=\"art-postheader\"><span class=\"art-postheadericon\"><strong>Z\u00e1b\u011bry odrazen\u00e9ho \u00fatoku na Krymsk\u00fd most<\/strong><br \/>\n<img decoding=\"async\" class=\"aligncenter\" src=\"https:\/\/rusvesna.su\/sites\/default\/files\/styles\/orign_wm\/public\/more_drony_katera_unichtozhenie.jpg\" alt=\"Z\u00e1b\u011bry dne\u0161n\u00edho \u00fatoku na Krymsk\u00fd most (VIDEO) | Rusk\u00e9 jaro\" \/><\/span><\/h2>\n<div class=\"field field-name-field-text field-type-text-long field-label-hidden\">\n<div class=\"field-items\">\n<div class=\"field-item even\">\n<p><strong><span>Z\u00e1b\u011bry po\u0159\u00edzen\u00e9 dronem ukazuj\u00ed nep\u0159\u00e1telsk\u00fd letoun BEK, jak se \u0159\u00edt\u00ed p\u0159es \u010cern\u00e9 mo\u0159e.<\/span><\/strong><\/p>\n<p><span>Oper\u00e1tor lodi Lancet p\u0159esn\u011b zam\u011b\u0159il nep\u0159\u00e1telsk\u00fd bezpilotn\u00ed \u010dlun, kter\u00fd se sna\u017eil prorazit k mostu.<\/span><\/p>\n<p><span>Soud\u011b dle videa se jednalo o kamikadze n\u00e1mo\u0159n\u00ed dron, vybaven\u00fd bojovou hlavic\u00ed, ale bez syst\u00e9mu protivzdu\u0161n\u00e9 obrany.<\/span><\/p>\n<\/div>\n<\/div>\n<\/div>\n<div class=\"field field-name-field-code field-type-text field-label-hidden\">\n<div class=\"field-items\">\n<div class=\"field-item even\"><iframe loading=\"lazy\" id=\"telegram-post-RVvoenkor-92820\" src=\"https:\/\/t.me\/RVvoenkor\/92820?embed=1\" width=\"100%\" height=\"\" frameborder=\"0\" scrolling=\"no\" data-mce-fragment=\"1\"><\/iframe><\/div>\n<\/div>\n<\/div>\n<div class=\"view view-more-news view-id-more_news view-display-id-entity_view_1 view-dom-id-b60cabdb5d0dea6e27f60bf8a4390c03\"><\/div>\n<h2 class=\"art-postheader\">Provoz na Krymsk\u00e9m most\u011b prob\u00edh\u00e1 norm\u00e1ln\u011b v obou sm\u011brech<br \/>\n<img decoding=\"async\" class=\"aligncenter\" src=\"https:\/\/img6.eadaily.com\/c650x400\/o\/d32\/9cfb7181763291d770654bb1b6f25.jpeg\" \/><\/h2>\n<p><span>Provoz na Krymsk\u00e9m most\u011b prob\u00edh\u00e1 norm\u00e1ln\u011b, informovalo rusk\u00e9 ministerstvo dopravy.<\/span><\/p>\n<p><span>Most byl dnes, 3. \u010dervna, dvakr\u00e1t uzav\u0159en, ale \u0159idi\u010d\u016fm to nezp\u016fsobilo \u017e\u00e1dn\u00e9 v\u00e1\u017en\u00e9 pot\u00ed\u017ee, poznamenalo ministerstvo.<\/span><\/p>\n<p><span>K 18:00 stoj\u00ed v kolon\u00e1ch 150 vozidel od Tamanu a 250 od Ker\u010de. Provoz vozidel prob\u00edh\u00e1 norm\u00e1ln\u011b v obou sm\u011brech po absolvov\u00e1n\u00ed nezbytn\u00fdch kontroln\u00edch postup\u016f.<\/span><\/p>\n<h2 class=\"art-postheader\"><img decoding=\"async\" loading=\"lazy\" class=\"alignnone size-full wp-image-1185\" src=\"http:\/\/www.infokuryr.cz\/n\/wp-content\/uploads\/2021\/04\/kuryr-podpis.png\" alt=\"\" width=\"84\" height=\"24\" \/><\/h2>\n","protected":false},"excerpt":{"rendered":"<p>\u201eUkrajina ukazuje pokus o vyhozen\u00ed Krymsk\u00e9ho mostu do pov\u011bt\u0159\u00ed a tvrd\u00ed, \u017ee k jedn\u00e9 z&#8230;<\/p>\n","protected":false},"author":2,"featured_media":80447,"comment_status":"closed","ping_status":"closed","sticky":false,"template":"","format":"standard","meta":[],"categories":[7],"tags":[751,3147,2014,5135],"_links":{"self":[{"href":"https:\/\/www.infokuryr.cz\/n\/wp-json\/wp\/v2\/posts\/80446"}],"collection":[{"href":"https:\/\/www.infokuryr.cz\/n\/wp-json\/wp\/v2\/posts"}],"about":[{"href":"https:\/\/www.infokuryr.cz\/n\/wp-json\/wp\/v2\/types\/post"}],"author":[{"embeddable":true,"href":"https:\/\/www.infokuryr.cz\/n\/wp-json\/wp\/v2\/users\/2"}],"replies":[{"embeddable":true,"href":"https:\/\/www.infokuryr.cz\/n\/wp-json\/wp\/v2\/comments?post=80446"}],"version-history":[{"count":0,"href":"https:\/\/www.infokuryr.cz\/n\/wp-json\/wp\/v2\/posts\/80446\/revisions"}],"wp:featuredmedia":[{"embeddable":true,"href":"https:\/\/www.infokuryr.cz\/n\/wp-json\/wp\/v2\/media\/80447"}],"wp:attachment":[{"href":"https:\/\/www.infokuryr.cz\/n\/wp-json\/wp\/v2\/media?parent=80446"}],"wp:term":[{"taxonomy":"category","embeddable":true,"href":"https:\/\/www.infokuryr.cz\/n\/wp-json\/wp\/v2\/categories?post=80446"},{"taxonomy":"post_tag","embeddable":true,"href":"https:\/\/www.infokuryr.cz\/n\/wp-json\/wp\/v2\/tags?post=80446"}],"curies":[{"name":"wp","href":"https:\/\/api.w.org\/{rel}","templated":true}]}}