{"id":80435,"date":"2025-06-04T04:25:01","date_gmt":"2025-06-04T02:25:01","guid":{"rendered":"https:\/\/www.infokuryr.cz\/n\/?p=80435"},"modified":"2025-06-04T04:25:01","modified_gmt":"2025-06-04T02:25:01","slug":"jean-chapoutier-rusko-tercem-serie-koordinovanych-teroristickych-utoku","status":"publish","type":"post","link":"https:\/\/www.infokuryr.cz\/n\/2025\/06\/04\/jean-chapoutier-rusko-tercem-serie-koordinovanych-teroristickych-utoku\/","title":{"rendered":"Jean Chapoutier: Rusko ter\u010dem s\u00e9rie koordinovan\u00fdch teroristick\u00fdch \u00fatok\u016f"},"content":{"rendered":"<div id=\"fb-root\"><\/div>\n<p><strong>Zni\u010den\u00ed n\u011bkolika most\u016f a \u017eelezni\u010dn\u00edch trat\u00ed, ale p\u0159edev\u0161\u00edm osobn\u00edch vlak\u016f, m\u011blo nepochybn\u011b za c\u00edl odv\u00e9st pozornost rusk\u00fdch bezpe\u010dnostn\u00edch slo\u017eek p\u0159ed \u00fatokem na hlavn\u00ed c\u00edle. Teroristick\u00e9 \u00fatoky na civilisty jsou typick\u00fdm znakem tajn\u00fdch z\u00e1padn\u00edch agentur, jako je Gladio, kter\u00e1 zorganizovala \u00fatok na n\u00e1dra\u017e\u00ed v Bologni v roce 1980.<\/strong><\/p>\n<p>Kdyby se tento \u00fatok na osobn\u00ed vlaky v Rusku odehr\u00e1l jinde ve sv\u011bt\u011b, Z\u00e1pad by okam\u017eit\u011b odsoudil teroristick\u00e9 \u00fatoky, ale kdy\u017e jde o Rusko, vykolejen\u00ed osobn\u00edch vlak\u016f je pouze aktem sebeobrany ukrajinsk\u00e9ho re\u017eimu. Stejn\u011b jako vra\u017eda d\u011bt\u00ed v Gaze je pouze aktem sebeobrany fa\u0161istick\u00e9ho hebrejsk\u00e9ho st\u00e1tu.<\/p>\n<p>Druh\u00e1 f\u00e1ze t\u00e9to s\u00e9rie koordinovan\u00fdch \u00fatok\u016f byla zam\u011b\u0159ena na n\u011bkolik leti\u0161\u0165 rusk\u00e9 arm\u00e1dy, z nich\u017e n\u011bkter\u00e1 se nach\u00e1zej\u00ed 4000 km od ukrajinsk\u00fdch hranic. Tyto \u00fatoky, kter\u00e9 byly podle ukrajinsk\u00fdch p\u0159edstavitel\u016f p\u0159ipravov\u00e1ny v\u00edce ne\u017e 18 m\u011bs\u00edc\u016f, kop\u00edruj\u00ed postupy pl\u00e1novan\u00e9 s\u00edt\u00ed Gladio NATO.<\/p>\n<p>Ukrajinsk\u00e9 tajn\u00e9 slu\u017eby tvrd\u00ed, \u017ee zni\u010dily nebo po\u0161kodily v\u00edce ne\u017e 40 rusk\u00fdch strategick\u00fdch bombard\u00e9r\u016f, zejm\u00e9na Tu-95, Tu-22M3, Tu-160 a A-50, z nich\u017e n\u011bkter\u00e9 byly \u00fadajn\u011b nosi\u010di rusk\u00fdch jadern\u00fdch zbran\u00ed.<\/p>\n<p>Tajn\u00e9 slu\u017eby NATO a Ukrajiny se z\u0159ejm\u011b poda\u0159ilo zas\u00e1hnout d\u016fle\u017eit\u00e9 vojensk\u00e9 c\u00edle v srdci Ruska.<\/p>\n<p>Tato operace, kter\u00e1 podle ukrajinsk\u00fdch slu\u017eeb byla pl\u00e1nov\u00e1na a koordinov\u00e1na v\u00edce ne\u017e 18 m\u011bs\u00edc\u016f, byla \u00fadajn\u011b p\u0159\u00edmo dohl\u00ed\u017eena Zelensk\u00fdm a \u0161\u00e9fem SBU.<\/p>\n<p>Prvn\u00ed pozn\u00e1mka je z\u0159ejm\u00e1: od 2. \u010dervna se maj\u00ed v Turecku konat p\u0159\u00edm\u00e1 jedn\u00e1n\u00ed mezi Ukrajinou a Ruskem a den p\u0159edt\u00edm Ukrajina spustila tuto operaci, kter\u00e1 byla p\u0159ipravov\u00e1na nejm\u00e9n\u011b dva roky.<\/p>\n<p>Lze pochybovat o tom, \u017ee ukrajinsk\u00e9 slu\u017eby jsou v t\u00e9to v\u011bci rozhoduj\u00edc\u00ed, proto\u017ee zah\u00e1jen\u00ed t\u00e9to operace den p\u0159ed jedn\u00e1n\u00edm dokazuje, \u017ee Z\u00e1pad se s pomoc\u00ed Zelensk\u00e9ho sna\u017e\u00ed vyprovokovat Rusko k nep\u0159im\u011b\u0159en\u00e9 reakci, zejm\u00e9na \u00fatokem na vlaky p\u0159epravuj\u00edc\u00ed civiln\u00ed cestuj\u00edc\u00ed, co\u017e je cynick\u00fd \u00fatok ur\u010den\u00fd k odveden\u00ed pozornosti!<\/p>\n<p>Tento teroristick\u00fd \u00fatok, v\u010detn\u011b zni\u010den\u00ed civiln\u00edch vlak\u016f, byl britsk\u00fdm den\u00edkem Financial Times oslavov\u00e1n jako nejodv\u00e1\u017en\u011bj\u0161\u00ed \u00fatok v\u00e1lky proveden\u00fd Ukrajinou.<\/p>\n<p>Tento \u00fatok Ukrajinc\u016fm nep\u0159inese \u017e\u00e1dn\u00e9 vojensk\u00e9 v\u00fdhody a nebude m\u00edt \u017e\u00e1dn\u00fd vliv na frontu, ale zni\u010den\u00ed n\u011bkter\u00fdch strategick\u00fdch bombard\u00e9r\u016f sni\u017euje strategick\u00e9 jadern\u00e9 kapacity Ruska, zejm\u00e9na schopnost prov\u00e1d\u011bt jadern\u00e9 \u00fadery.<\/p>\n<p>Domn\u00edv\u00e1m se, \u017ee to je v cel\u00e9 t\u00e9to z\u00e1le\u017eitosti podstatn\u00e9 a samo o sob\u011b dokazuje, \u017ee tento \u00fatok je p\u0159edev\u0161\u00edm d\u00edlem z\u00e1padn\u00edch tajn\u00fdch slu\u017eeb, proto\u017ee ze strategick\u00e9ho hlediska z n\u011bj m\u00e1 prosp\u011bch pouze NATO.<\/p>\n<p>Je nesporn\u00e9, \u017ee Ukrajinci nemohli tuto operaci prov\u00e9st bez pomoci z\u00e1padn\u00edch slu\u017eeb, zejm\u00e9na s\u00edt\u00ed typu Gladio, kter\u00e9 CIA v Rusku z\u0159\u00eddila p\u0159ed mnoha lety za \u00fa\u010delem prov\u00e1d\u011bn\u00ed takov\u00fdch mis\u00ed. Tyto sabot\u00e1\u017en\u00ed t\u00fdmy, kter\u00e9 jsou ji\u017e dlouho infiltrov\u00e1ny na rusk\u00e9 \u00fazem\u00ed, funguj\u00ed p\u0159esn\u011b podle postup\u016f navr\u017een\u00fdch CIA.<\/p>\n<p>Operace v hloubi rusk\u00fdch vojensk\u00fdch leti\u0161\u0165 byly provedeny pomoc\u00ed dron\u016f, kter\u00e9 byly p\u0159epraveny v fale\u0161n\u00fdch stropech d\u0159ev\u011bn\u00fdch mobiln\u00edch dom\u016f, kter\u00e9 se pohybovaly po Rusku a byly p\u0159evezeny do bl\u00edzkosti leti\u0161\u0165 t\u011bsn\u011b p\u0159ed \u00fatokem. Manipulovan\u00e9 mobiln\u00ed domy byly \u00fadajn\u011b sestaveny v tajn\u011b pronajat\u00fdch skladech ji\u017e n\u011bkolik m\u011bs\u00edc\u016f. Drony byly ukryty ve fale\u0161n\u00fdch stropech, kter\u00e9 se otev\u00edraly na d\u00e1lkov\u00e9 ovl\u00e1d\u00e1n\u00ed.<\/p>\n<p>Videa ukazuj\u00ed, jak ru\u0161t\u00ed civilist\u00e9 zahynuli p\u0159i exploz\u00edch, naprogramovan\u00fdch nebo d\u00e1lkov\u011b ovl\u00e1dan\u00fdch autodestrukc\u00edch, kdy\u017e se pokou\u0161eli zav\u0159\u00edt st\u0159echy mobiln\u00edch dom\u016f, aby zabr\u00e1nili odletu dron\u016f.<\/p>\n<p>Podle dostupn\u00fdch informac\u00ed se cel\u00fd pl\u00e1novan\u00fd \u00fatok nepoda\u0159ilo uskute\u010dnit, proto\u017ee n\u011bkolik p\u0159\u00edv\u011bs\u016f bylo zni\u010deno je\u0161t\u011b p\u0159ed p\u0159\u00edjezdem na m\u00edsto \u00fatoku, a to v d\u016fsledku autodestrukce, kter\u00e1 byla \u00fadajn\u011b spu\u0161t\u011bna, kdy\u017e si Ukrajinci uv\u011bdomili, \u017ee n\u011bkte\u0159\u00ed \u0159idi\u010di p\u0159\u00edv\u011bs\u016f maj\u00ed podez\u0159en\u00ed na n\u011bco neobvykl\u00e9ho.<\/p>\n<p>Jako obvykle se den\u00edk Lib\u00e9ration nad\u0161en\u011b vyjad\u0159uje o tom, co naz\u00fdv\u00e1 spektakul\u00e1rn\u00edm pon\u00ed\u017een\u00edm rusk\u00e9ho letectva. A i kdy\u017e souhlas\u00edme, \u017ee tato obzvl\u00e1\u0161t\u011b z\u00e1ke\u0159n\u00e1 operace byla \u010d\u00e1ste\u010dn\u011b \u00fasp\u011b\u0161n\u00e1, o jak\u00e9m pon\u00ed\u017een\u00ed se tento bulv\u00e1rn\u00ed pl\u00e1tek mluv\u00ed?<\/p>\n<p>Jde o oslavu teroristick\u00fdch \u010din\u016f, kter\u00e9 si za c\u00edl vzaly civilisty uv\u011bzn\u011bn\u00e9 ve vlac\u00edch, co\u017e je p\u0159inejmen\u0161\u00edm v\u00e1le\u010dn\u00fd zlo\u010din, ale pro z\u00e1padn\u00ed tisk se to redukuje na den sl\u00e1vy pro Z\u00e1pad a pon\u00ed\u017een\u00ed pro Rusko. A\u017e Rusko ztrat\u00ed trp\u011blivost, pak sbohem, telata, kr\u00e1vy a prasata!<\/p>\n<p>Kdy\u017e ukrajinsk\u00fd proxy NATO pou\u017e\u00edv\u00e1 teroristick\u00e9 metody, je okam\u017eit\u011b oslavov\u00e1n cel\u00fdm z\u00e1padn\u00edm tiskem, ale kdy\u017e n\u011bkdo odsoud\u00ed vra\u017edu d\u011bt\u00ed v Gaze nejmor\u00e1ln\u011bj\u0161\u00ed arm\u00e1dou sv\u011bta, je okam\u017eit\u011b ozna\u010den za spoluvin\u00edka terorismu.<\/p>\n<p>Jako v\u017edy Z\u00e1pad uplat\u0148uje \u201edvoj\u00ed metr\u201c, v\u017edy \u201esou\u010dasn\u011b\u201c, tak milovan\u00e9 Narcisem I.<\/p>\n<p>Z\u00e1padn\u00ed tisk, v\u017edy p\u0159ipraven\u00fd pou\u017e\u00edt v\u0161echny argumenty k rehabilitaci nacismu pod z\u00e1minkou, \u017ee komunismus je hor\u0161\u00ed ne\u017e nacismus, oslavil tuto operaci jako \u201ehodnou britsk\u00e9 SAS v severn\u00ed Africe v roce 1942\u201c, kdy britsk\u00e1 SAS \u00fato\u010dila na n\u011bmeck\u00e1 leti\u0161t\u011b stovky kilometr\u016f za frontou.<\/p>\n<p>Jde tu st\u00e1le o to, aby byl \u201elegitimn\u00ed\u201c boj Z\u00e1padu proti Rusku ztoto\u017e\u0148ov\u00e1n s bojem proti nacist\u016fm.<\/p>\n<p>Nejd\u016fle\u017eit\u011bj\u0161\u00ed v cel\u00e9 t\u00e9to z\u00e1le\u017eitosti je v\u0161ak snaha omezit jadern\u00e9 kapacity Ruska.<\/p>\n<p>Pozorovatel\u00e9 vysv\u011btlili, \u017ee pokud Rusko na tento \u201eodv\u00e1\u017en\u00fd\u201c \u00fatok proti strategick\u00fdm nosi\u010d\u016fm rusk\u00fdch jadern\u00fdch zbran\u00ed nezareaguje jadernou silou, znamen\u00e1 to, \u017ee Rusko blafuje a Z\u00e1pad bude m\u00edt volnou ruku k \u00fatok\u016fm hluboko do rusk\u00e9ho vnitrozem\u00ed pomoc\u00ed evropsk\u00fdch raket.<\/p>\n<p>Evropan\u00e9, kte\u0159\u00ed po\u017eaduj\u00ed, aby Rusko p\u0159ijalo bezpodm\u00edne\u010dn\u00e9 p\u0159\u00edm\u011b\u0159\u00ed, se ve skute\u010dnosti p\u0159ipravuj\u00ed na eskalaci konfliktu.<\/p>\n<p><a href=\"https:\/\/zvedavec.news\/komentare\/2025\/06\/10537-rusko-tercem-serie-koordinovanych-teroristickych-utoku.htm\">Jean Chapoutier<\/a><\/p>\n<p>&nbsp;<\/p>\n","protected":false},"excerpt":{"rendered":"<p>Zni\u010den\u00ed n\u011bkolika most\u016f a \u017eelezni\u010dn\u00edch trat\u00ed, ale p\u0159edev\u0161\u00edm osobn\u00edch vlak\u016f, m\u011blo nepochybn\u011b za c\u00edl odv\u00e9st&#8230;<\/p>\n","protected":false},"author":2,"featured_media":80258,"comment_status":"closed","ping_status":"closed","sticky":false,"template":"","format":"standard","meta":[],"categories":[7],"tags":[1042,22,3602,26],"_links":{"self":[{"href":"https:\/\/www.infokuryr.cz\/n\/wp-json\/wp\/v2\/posts\/80435"}],"collection":[{"href":"https:\/\/www.infokuryr.cz\/n\/wp-json\/wp\/v2\/posts"}],"about":[{"href":"https:\/\/www.infokuryr.cz\/n\/wp-json\/wp\/v2\/types\/post"}],"author":[{"embeddable":true,"href":"https:\/\/www.infokuryr.cz\/n\/wp-json\/wp\/v2\/users\/2"}],"replies":[{"embeddable":true,"href":"https:\/\/www.infokuryr.cz\/n\/wp-json\/wp\/v2\/comments?post=80435"}],"version-history":[{"count":0,"href":"https:\/\/www.infokuryr.cz\/n\/wp-json\/wp\/v2\/posts\/80435\/revisions"}],"wp:featuredmedia":[{"embeddable":true,"href":"https:\/\/www.infokuryr.cz\/n\/wp-json\/wp\/v2\/media\/80258"}],"wp:attachment":[{"href":"https:\/\/www.infokuryr.cz\/n\/wp-json\/wp\/v2\/media?parent=80435"}],"wp:term":[{"taxonomy":"category","embeddable":true,"href":"https:\/\/www.infokuryr.cz\/n\/wp-json\/wp\/v2\/categories?post=80435"},{"taxonomy":"post_tag","embeddable":true,"href":"https:\/\/www.infokuryr.cz\/n\/wp-json\/wp\/v2\/tags?post=80435"}],"curies":[{"name":"wp","href":"https:\/\/api.w.org\/{rel}","templated":true}]}}