{"id":80397,"date":"2025-06-04T00:25:18","date_gmt":"2025-06-03T22:25:18","guid":{"rendered":"https:\/\/www.infokuryr.cz\/n\/?p=80397"},"modified":"2025-06-03T12:56:29","modified_gmt":"2025-06-03T10:56:29","slug":"nove-zvoleny-polsky-prezident-je-na-ruskem-seznamu-hledanych-osob","status":"publish","type":"post","link":"https:\/\/www.infokuryr.cz\/n\/2025\/06\/04\/nove-zvoleny-polsky-prezident-je-na-ruskem-seznamu-hledanych-osob\/","title":{"rendered":"Nov\u011b zvolen\u00fd polsk\u00fd prezident je na rusk\u00e9m seznamu hledan\u00fdch osob"},"content":{"rendered":"<div id=\"fb-root\"><\/div>\n<h3>Moskva obvinila Karola Nawrock\u00e9ho z ni\u010den\u00ed sov\u011btsk\u00fdch v\u00e1le\u010dn\u00fdch pam\u00e1tn\u00edk\u016f<\/h3>\n<p><span>Nov\u011b zvolen\u00fd polsk\u00fd prezident Karol Nawrocki je podle ve\u0159ejn\u00e9 datab\u00e1ze rusk\u00e9ho ministerstva vnitra hledan\u00fd Ruskem kv\u016fli trestn\u00edmu st\u00edh\u00e1n\u00ed v souvislosti s jeho rol\u00ed p\u0159i ni\u010den\u00ed pam\u00e1tek ze sov\u011btsk\u00e9 \u00e9ry v zemi.<\/span><\/p>\n<p><span>Nawrocki, konzervativn\u00ed kandid\u00e1t, kter\u00fd v ned\u011bli t\u011bsn\u011b zv\u00edt\u011bzil v druh\u00e9m kole voleb, je Ruskem hled\u00e1n\u00a0<\/span><em><span>\u201ena z\u00e1klad\u011b trestn\u00edho st\u00edh\u00e1n\u00ed\u201c,<\/span><\/em><span>\u00a0uv\u00e1d\u00ed datab\u00e1ze, ani\u017e by poskytla dal\u0161\u00ed podrobnosti.<\/span><\/p>\n<p><span>Novozvolen\u00fd polsk\u00fd prezident je podle agentury TASS v hled\u00e1\u010dku rusk\u00fdch \u00fa\u0159ad\u016f nejm\u00e9n\u011b od \u00fanora 2024. Agentura tehdy informovala, \u017ee ru\u0161t\u00ed donucovac\u00ed org\u00e1ny zah\u00e1jily trestn\u00ed \u0159\u00edzen\u00ed proti n\u011bkolika vysok\u00fdm polsk\u00fdm p\u0159edstavitel\u016fm, v\u010detn\u011b Nawrock\u00e9ho, tehdej\u0161\u00edho \u0159editele polsk\u00e9ho Institutu n\u00e1rodn\u00ed pam\u011bti. Obvin\u011bn\u00ed se t\u00fdkala odstra\u0148ov\u00e1n\u00ed a ni\u010den\u00ed sov\u011btsk\u00fdch v\u00e1le\u010dn\u00fdch pam\u00e1tn\u00edk\u016f.<\/span><\/p>\n<p><span>Sov\u011btsk\u00fd svaz ztratil b\u011bhem sv\u00e9ho ta\u017een\u00ed za osvobozen\u00ed Polska od nacistick\u00e9ho N\u011bmecka v letech 1944 a\u017e 1945 p\u0159es 600 000 voj\u00e1k\u016f. Po v\u00e1lce byly po cel\u00e9m Polsku postaveny stovky pomn\u00edk\u016f p\u0159ipom\u00ednaj\u00edc\u00edch jejich roli. Od rozpadu var\u0161avsk\u00e9ho bloku a konce studen\u00e9 v\u00e1lky Polsko obvi\u0148uje Sov\u011btsk\u00fd svaz z\u00a0<\/span><em><span>\u201eokupace\u201c<\/span><\/em><span>\u00a0zem\u011b a usiluje o odstran\u011bn\u00ed symbol\u016f z komunistick\u00e9 \u00e9ry.<\/span><\/p>\n<p><span>Do konce roku 2023 polsk\u00e9 \u00fa\u0159ady podle rusk\u00e9ho ministerstva obrany odstranily 468 z 561 sov\u011btsk\u00fdch pam\u00e1tn\u00edk\u016f v zemi. Moskva obvinila Var\u0161avu z po\u0161lap\u00e1v\u00e1n\u00ed historick\u00e9 pravdy a vytv\u00e1\u0159en\u00ed podm\u00ednek pro ospravedln\u011bn\u00ed nacistick\u00fdch kolaborant\u016f.<\/span><\/p>\n<p><span>Nawrocki, kter\u00fd kandidoval jako nez\u00e1visl\u00fd kandid\u00e1t podporovan\u00fd opozi\u010dn\u00ed stranou Pr\u00e1vo a spravedlnost (PiS), porazil v prezidentsk\u00fdch volb\u00e1ch liber\u00e1ln\u00edho var\u0161avsk\u00e9ho starostu Rafala Trzaskowsk\u00e9ho se ziskem 50,89 % hlas\u016f. Jeho p\u0159\u00edsaha je napl\u00e1nov\u00e1na na 6. srpna.<\/span><\/p>\n<p><span>Novozvolen\u00fd prezident, kter\u00fd v letech 2017 a\u017e 2021 p\u016fsobil tak\u00e9 jako \u0159editel Muzea druh\u00e9 sv\u011btov\u00e9 v\u00e1lky v Gda\u0148sku, obecn\u011b podporoval pokra\u010duj\u00edc\u00ed pomoc Ukrajin\u011b v jej\u00edm konfliktu s Ruskem, ale vystupoval proti vstupu Kyjeva do NATO nebo vysl\u00e1n\u00ed polsk\u00fdch vojsk do zem\u011b. Vystupoval tak\u00e9 proti u\u017e\u0161\u00edm obchodn\u00edm vazb\u00e1m mezi EU a Ukrajinou s t\u00edm, \u017ee by podpo\u0159ily nekalou konkurenci a podkopaly polsk\u00e9 zem\u011bd\u011blsk\u00e9 a dopravn\u00ed podniky.<\/span><\/p>\n<p><img decoding=\"async\" loading=\"lazy\" class=\"alignnone size-full wp-image-1185\" src=\"http:\/\/www.infokuryr.cz\/n\/wp-content\/uploads\/2021\/04\/kuryr-podpis.png\" alt=\"\" width=\"84\" height=\"24\" \/><\/p>\n<p>&nbsp;<\/p>\n","protected":false},"excerpt":{"rendered":"<p>Moskva obvinila Karola Nawrock\u00e9ho z ni\u010den\u00ed sov\u011btsk\u00fdch v\u00e1le\u010dn\u00fdch pam\u00e1tn\u00edk\u016f Nov\u011b zvolen\u00fd polsk\u00fd prezident Karol Nawrocki&#8230;<\/p>\n","protected":false},"author":2,"featured_media":80398,"comment_status":"closed","ping_status":"closed","sticky":false,"template":"","format":"standard","meta":[],"categories":[7],"tags":[9256,31,165,22],"_links":{"self":[{"href":"https:\/\/www.infokuryr.cz\/n\/wp-json\/wp\/v2\/posts\/80397"}],"collection":[{"href":"https:\/\/www.infokuryr.cz\/n\/wp-json\/wp\/v2\/posts"}],"about":[{"href":"https:\/\/www.infokuryr.cz\/n\/wp-json\/wp\/v2\/types\/post"}],"author":[{"embeddable":true,"href":"https:\/\/www.infokuryr.cz\/n\/wp-json\/wp\/v2\/users\/2"}],"replies":[{"embeddable":true,"href":"https:\/\/www.infokuryr.cz\/n\/wp-json\/wp\/v2\/comments?post=80397"}],"version-history":[{"count":0,"href":"https:\/\/www.infokuryr.cz\/n\/wp-json\/wp\/v2\/posts\/80397\/revisions"}],"wp:featuredmedia":[{"embeddable":true,"href":"https:\/\/www.infokuryr.cz\/n\/wp-json\/wp\/v2\/media\/80398"}],"wp:attachment":[{"href":"https:\/\/www.infokuryr.cz\/n\/wp-json\/wp\/v2\/media?parent=80397"}],"wp:term":[{"taxonomy":"category","embeddable":true,"href":"https:\/\/www.infokuryr.cz\/n\/wp-json\/wp\/v2\/categories?post=80397"},{"taxonomy":"post_tag","embeddable":true,"href":"https:\/\/www.infokuryr.cz\/n\/wp-json\/wp\/v2\/tags?post=80397"}],"curies":[{"name":"wp","href":"https:\/\/api.w.org\/{rel}","templated":true}]}}