{"id":80390,"date":"2025-06-04T00:22:04","date_gmt":"2025-06-03T22:22:04","guid":{"rendered":"https:\/\/www.infokuryr.cz\/n\/?p=80390"},"modified":"2025-06-03T12:38:04","modified_gmt":"2025-06-03T10:38:04","slug":"planuje-tusk-prevrat-v-polsku-rostou-obavy-pote-co-pohrozil-ze-bude-vladnout-i-pres-veto-prezidenta-nawrockiho","status":"publish","type":"post","link":"https:\/\/www.infokuryr.cz\/n\/2025\/06\/04\/planuje-tusk-prevrat-v-polsku-rostou-obavy-pote-co-pohrozil-ze-bude-vladnout-i-pres-veto-prezidenta-nawrockiho\/","title":{"rendered":"Pl\u00e1nuje Tusk p\u0159evrat? V Polsku rostou obavy pot\u00e9, co pohrozil, \u017ee bude \u201evl\u00e1dnout\u201c i p\u0159es veto prezidenta Nawrockiho"},"content":{"rendered":"<div id=\"fb-root\"><\/div>\n<h3 class=\"s-tagline fw-tagline\"><span>Tusk, zahnan\u00fd do kouta, se mo\u017en\u00e1 p\u0159ipravuje na \u00fapln\u00e9 poru\u0161en\u00ed pr\u00e1vn\u00edho st\u00e1tu a nastolen\u00ed diktatury v Polsku, varuje \u0159ada p\u0159edn\u00edch novin\u00e1\u0159\u016f a koment\u00e1tor\u016f<\/span><\/h3>\n<p><span>Hrozby polsk\u00e9ho premi\u00e9ra Donalda Tuska ohledn\u011b mo\u017en\u00e9ho veta prezidenta Karola Nawrock\u00e9ho a jeho prohl\u00e1\u0161en\u00ed, \u017ee se m\u00e1 \u201epustit do pr\u00e1ce\u201c, vyvolaly lavinu koment\u00e1\u0159\u016f na soci\u00e1ln\u00edch s\u00edt\u00edch.<\/span><\/p>\n<p><span>Premi\u00e9r Donald Tusk z Ob\u010dansk\u00e9 koalice (KO) ozn\u00e1mil, \u017ee po\u017e\u00e1d\u00e1 Sejm o vysloven\u00ed d\u016fv\u011bry vl\u00e1d\u011b.<\/span><\/p>\n<p><span>\u201eChci, aby v\u0161ichni, v\u010detn\u011b na\u0161ich oponent\u016f, doma i v zahrani\u010d\u00ed, vid\u011bli, \u017ee jsme na tuto situaci p\u0159ipraveni, \u017ee ch\u00e1peme z\u00e1va\u017enost okam\u017eiku, ale \u017ee nehodl\u00e1me ud\u011blat ani krok zp\u011bt,\u201c \u0159ekl Tusk.<\/span><\/p>\n<p><span>Tak\u00e9 ozn\u00e1mil, \u017ee pokud Karol Nawrocki vetuje jeho n\u00e1vrhy z\u00e1kon\u016f, bude st\u00e1le \u201evl\u00e1dnout\u201c.<\/span><\/p>\n<p><span>\u201eJe p\u0159ipraven krizov\u00fd pl\u00e1n, p\u0159edpokl\u00e1daj\u00edc\u00ed obt\u00ed\u017en\u00e9 sou\u017eit\u00ed. Je t\u011b\u017ek\u00e9 p\u0159edem p\u0159edpokl\u00e1dat, jak\u00fd bude postoj nov\u00e9ho prezidenta. Pokud projev\u00ed ochotu spolupracovat, bude to pozitivn\u00ed p\u0159ekvapen\u00ed, na kter\u00e9 budeme reagovat s plnou otev\u0159enost\u00ed. Pokud ne, nem\u00e1 smysl \u010dekat. Za\u010dneme pracovat bez ohledu na okolnosti, proto\u017ee proto jsme byli zvoleni. P\u0159edlo\u017e\u00edme hotov\u00e9 n\u00e1vrhy z\u00e1kon\u016f, ale pokud to bude nutn\u00e9, budeme vl\u00e1dnout a rozhodovat i s prezidentem, kter\u00fd blokuje dobr\u00e9 zm\u011bny. Zku\u0161enosti u\u017e m\u00e1me,\u201c \u0159ekl Tusk.<\/span><\/p>\n<p><span>Tuskova konkr\u00e9tn\u00ed formulace vyvol\u00e1v\u00e1 obavy, \u017ee by mohl bu\u010f ignorovat Nawrockiho veto, nebo jednodu\u0161e prosadit z\u00e1kony zadn\u00edmi vr\u00e1tky pomoc\u00ed dekret\u016f a dal\u0161\u00edch neleg\u00e1ln\u00edch metod, uv\u00e1d\u00ed polsk\u00fd zpravodajsk\u00fd server\u00a0<\/span><a href=\"https:\/\/wpolityce.pl\/polityka\/731338-donald-tusk-grozil-rzadzeniem-mimo-wet-mocne-komentarze\"><span>wPolityce<\/span><\/a><span>\u00a0.\u00a0<\/span><a href=\"https:\/\/rmx.news\/article\/a-year-of-violations-of-the-rule-of-law-and-democratic-principles-by-donald-tusks-government-in-poland\/\"><span>Vzhledem k prudk\u00e9mu zhor\u0161en\u00ed pr\u00e1vn\u00edho st\u00e1tu od doby, kdy se Tusk ujal moci<\/span><\/a><span>\u00a0, v\u010detn\u011b zabaven\u00ed st\u00e1tn\u00edch m\u00e9di\u00ed, ignorov\u00e1n\u00ed soudn\u00edch rozhodnut\u00ed a v\u011bzn\u011bn\u00ed politick\u00fdch oponent\u016f, existuj\u00ed zna\u010dn\u00e9 obavy, \u017ee Tusk by i p\u0159es Nawrockiho v\u00edt\u011bzstv\u00ed mohl pokra\u010dovat pouze ve stejn\u00e9 cest\u011b.<\/span><\/p>\n<p><span>Kdy\u017e se Tusk dostal k moci, ozna\u010dil sv\u00e9 metody poru\u0161ov\u00e1n\u00ed z\u00e1kona za \u201emilitantn\u00ed demokracii\u201c. Tvrdil, \u017ee proto\u017ee p\u0159edchoz\u00ed konzervativn\u00ed vl\u00e1da byla tak \u0161patn\u00e1, nov\u00e1 vl\u00e1da bude muset poru\u0161it z\u00e1kon, aby obnovila demokracii.<\/span><\/p>\n<p><span>\u201eDonald Tusk to nepochopil. Tak\u017ee to \u0159eknu rovnou: Pol\u00e1ci v\u00e1m nedali povolen\u00ed vytv\u00e1\u0159et z\u00e1kony, proto\u017ee si zvolili prezidenta, kter\u00fd m\u016f\u017ee va\u0161e n\u00e1vrhy z\u00e1kon\u016f vetovat. O tom je demokracie. A tady nen\u00ed m\u00edsto pro \u201anouzov\u00e9 pl\u00e1ny\u2018, proto\u017ee by to znamenalo st\u00e1tn\u00ed p\u0159evrat,\u201c \u0159ekl pr\u00e1vn\u00edk Jerzy Kwa\u015bniewski, prezident Ordo Iuris.<\/span><\/p>\n<figure class=\"wp-block-embed is-type-rich is-provider-twitter wp-block-embed-twitter\">\n<div class=\"wp-block-embed__wrapper\"><a href=\"https:\/\/twitter.com\/jerzKwasniewski\/status\/1929604492384690648\"><span>https:\/\/twitter.com\/jerzKwasniewski\/status\/1929604492384690648<\/span><\/a><\/div>\n<\/figure>\n<p><span>\u201eTusk, z\u00e1dy ke zdi, se n\u00e1s sna\u017e\u00ed vyd\u011bsit. Beru to jako sign\u00e1l pro N\u011bmce: \u201aNenech\u00e1m se (vlk\u016fm) hodit na rozdrcen\u00ed,\u2018\u201c poznamenal publicista Rafa\u0142 Ziemkiewicz.<\/span><\/p>\n<p><span>Existuj\u00ed v\u0161ak i extr\u00e9mn\u00ed hrozby nejen pro Tuska, ale i pro kohokoli, kdo schv\u00e1l\u00ed jak\u00e9koli nez\u00e1konn\u00e9 a proti\u00fastavn\u00ed metody, kter\u00e9 by jeho vl\u00e1da mohla pou\u017e\u00edt k obch\u00e1zen\u00ed pr\u00e1vn\u00edho st\u00e1tu.<\/span><\/p>\n<p><span>\u201ePremi\u00e9r \u0159\u00edk\u00e1: \u201aAni krok zp\u011bt! A za\u010d\u00edn\u00e1me pracovat! Jsme p\u0159ipraveni na pl\u00e1n B, pokud prezident Karol Nawrocki nebude cht\u00edt spolupracovat.\u2018 Tak\u017ee ozn\u00e1men\u00ed o dal\u0161\u00edm poru\u0161ov\u00e1n\u00ed z\u00e1kona a obch\u00e1zen\u00ed z\u00e1konn\u00e9 cesty? Ale kdo se pod to bude cht\u00edt podepsat? Pokud vl\u00e1da z\u00edsk\u00e1 podporu koalice i p\u0159es vnit\u0159n\u00ed v\u00e1lku, kter\u00e1 ji pohlcuje, m\u00e1 pravice re\u00e1lnou \u0161anci na \u00fastavn\u00ed v\u011bt\u0161inu v roce 2027. Strana \u201aT\u0159et\u00ed cesta\u2018 a Levice budou mimo hru a samotn\u00e1 KO z toho vyjde t\u011b\u017ece pora\u017een\u00e1. Jen je to \u0161koda pro Polsko, proto\u017ee se propad\u00e1me do chaosu a nedostatku rozhodovac\u00edho procesu,\u201c napsal pr\u00e1vn\u00edk Bartosz Lewandowski.<\/span><\/p>\n<p><span>Por\u00e1\u017eka Tuskova kandid\u00e1ta byla pro premi\u00e9ra z\u0159ejm\u011b tak ho\u0159k\u00e1, \u017ee Nawrockimu ani nepoblahop\u0159\u00e1l, co\u017e je bod, o kter\u00e9m mnoz\u00ed tvrd\u00ed, \u017ee m\u016f\u017ee signalizovat nadch\u00e1zej\u00edc\u00ed temnou \u00e9ru.<\/span><\/p>\n<p><span>\u201eTusk, zm\u00edtan\u00fd nen\u00e1vist\u00ed, ani nepoblahop\u0159\u00e1l Karolu Nawrockimu k v\u00edt\u011bzstv\u00ed. \u0158ekl pok\u0159iven\u00fdm t\u00f3nem: \u201aA\u0165 u\u017e v\u00edt\u011bzn\u00e9ho kandid\u00e1ta hodnot\u00edme jakkoli, m\u011bli bychom uznat jeho v\u00edt\u011bzstv\u00ed a poblahop\u0159\u00e1t jeho voli\u010d\u016fm.\u2018 Voli\u010d\u016fm, ne Nawrockimu. Tento mu\u017e nem\u00e1 v\u016fbec \u017e\u00e1dnou t\u0159\u00eddu a m\u00edsto toho chce zat\u00e1hnout sv\u00e9 koali\u010dn\u00ed partnery do tot\u00e1ln\u00ed v\u00e1lky. \u0158\u00edk\u00e1m si, jestli jsou T\u0159et\u00ed cesta a levice tak hloup\u00e9, \u017ee do toho jdou,\u201c napsal publicista S\u0142awomir Jastrz\u0119bowski.<\/span><\/p>\n<p><span>Jednou z nejzlov\u011bstn\u011bj\u0161\u00edch \u010d\u00e1st\u00ed Tuskova tvrzen\u00ed bylo jeho prohl\u00e1\u0161en\u00ed: \u201eM\u00e1me zku\u0161enosti.\u201c<\/span><\/p>\n<p><span>Jan Molski s odvol\u00e1n\u00edm na to \u0159ekl: \u201eDonald Tusk p\u0159\u00edmo oznamuje, \u017ee bude i nad\u00e1le poru\u0161ovat z\u00e1kon, obch\u00e1zet prezidenta, a to prost\u0159ednictv\u00edm usnesen\u00ed, pokyn\u016f atd. Ten chlap je p\u0159ipraven zav\u00e9st v Polsku anarchii. To je ale cirkus.\u201c<\/span><\/p>\n<p><span>Jedn\u00edm z nejp\u00e1dn\u011bj\u0161\u00edch d\u016fvod\u016f k domn\u011bnce, \u017ee Tusk bude v t\u00e9to cest\u011b pokra\u010dovat, je pozoruhodn\u00e1 podpora, kterou dosud z\u00edskal od EU, je\u017e se ani nepod\u00edvala na \u017e\u00e1dnou z jeho nez\u00e1konn\u00fdch metod. Stru\u010dn\u011b \u0159e\u010deno, Tusk m\u00e1 od Bruselu volnou ruku k poru\u0161ov\u00e1n\u00ed pr\u00e1vn\u00edho st\u00e1tu a s Nawrockim u moci si m\u016f\u017ee myslet, \u017ee je \u010das pln\u011b si sundat rukavice a j\u00edt d\u00e1l, bez ohledu na obrovsk\u00e9 pr\u00e1vo veta, kter\u00e9 mu polsk\u00e1 \u00fastava d\u00e1v\u00e1.<\/span><\/p>\n<p><img decoding=\"async\" loading=\"lazy\" class=\"alignnone size-full wp-image-1185\" src=\"http:\/\/www.infokuryr.cz\/n\/wp-content\/uploads\/2021\/04\/kuryr-podpis.png\" alt=\"\" width=\"84\" height=\"24\" \/><\/p>\n<p>&nbsp;<\/p>\n","protected":false},"excerpt":{"rendered":"<p>Tusk, zahnan\u00fd do kouta, se mo\u017en\u00e1 p\u0159ipravuje na \u00fapln\u00e9 poru\u0161en\u00ed pr\u00e1vn\u00edho st\u00e1tu a nastolen\u00ed diktatury&#8230;<\/p>\n","protected":false},"author":2,"featured_media":40029,"comment_status":"closed","ping_status":"closed","sticky":false,"template":"","format":"standard","meta":[],"categories":[7],"tags":[31,703,906],"_links":{"self":[{"href":"https:\/\/www.infokuryr.cz\/n\/wp-json\/wp\/v2\/posts\/80390"}],"collection":[{"href":"https:\/\/www.infokuryr.cz\/n\/wp-json\/wp\/v2\/posts"}],"about":[{"href":"https:\/\/www.infokuryr.cz\/n\/wp-json\/wp\/v2\/types\/post"}],"author":[{"embeddable":true,"href":"https:\/\/www.infokuryr.cz\/n\/wp-json\/wp\/v2\/users\/2"}],"replies":[{"embeddable":true,"href":"https:\/\/www.infokuryr.cz\/n\/wp-json\/wp\/v2\/comments?post=80390"}],"version-history":[{"count":0,"href":"https:\/\/www.infokuryr.cz\/n\/wp-json\/wp\/v2\/posts\/80390\/revisions"}],"wp:featuredmedia":[{"embeddable":true,"href":"https:\/\/www.infokuryr.cz\/n\/wp-json\/wp\/v2\/media\/40029"}],"wp:attachment":[{"href":"https:\/\/www.infokuryr.cz\/n\/wp-json\/wp\/v2\/media?parent=80390"}],"wp:term":[{"taxonomy":"category","embeddable":true,"href":"https:\/\/www.infokuryr.cz\/n\/wp-json\/wp\/v2\/categories?post=80390"},{"taxonomy":"post_tag","embeddable":true,"href":"https:\/\/www.infokuryr.cz\/n\/wp-json\/wp\/v2\/tags?post=80390"}],"curies":[{"name":"wp","href":"https:\/\/api.w.org\/{rel}","templated":true}]}}