{"id":80366,"date":"2025-06-03T05:28:56","date_gmt":"2025-06-03T03:28:56","guid":{"rendered":"https:\/\/www.infokuryr.cz\/n\/?p=80366"},"modified":"2025-06-03T05:28:56","modified_gmt":"2025-06-03T03:28:56","slug":"radarove-uzemi-pentagon-podrizuje-gronsko-ozbrojenym-silam-usa","status":"publish","type":"post","link":"https:\/\/www.infokuryr.cz\/n\/2025\/06\/03\/radarove-uzemi-pentagon-podrizuje-gronsko-ozbrojenym-silam-usa\/","title":{"rendered":"Radarov\u00e9 \u00fazem\u00ed: Pentagon pod\u0159izuje Gr\u00f3nsko ozbrojen\u00fdm sil\u00e1m USA"},"content":{"rendered":"<div id=\"fb-root\"><\/div>\n<p><strong>Rozhodnut\u00ed Pentagonu p\u0159edat kontrolu nad Gr\u00f3nskem americk\u00e9mu Severn\u00edmu velitelstv\u00ed je v souladu se slibem prezidenta Donalda Trumpa p\u0159evz\u00edt kontrolu nad autonomn\u00edm d\u00e1nsk\u00fdm \u00fazem\u00edm, informuje Politico.<\/strong><\/p>\n<p>Pentagon p\u0159ed\u00e1v\u00e1 kontrolu nad Gr\u00f3nskem americk\u00e9mu N\u00e1rodn\u00edmu velitelstv\u00ed, co\u017e je symbolick\u00e9 gesto, kter\u00e9 d\u00e1le propoj\u00ed \u00fazem\u00ed ostrova s \u200b\u200bUSA, jeliko\u017e prezident Donald Trump nad\u00e1le projevuje z\u00e1jem o nastolen\u00ed kontroly nad arktickou pevninou.<\/p>\n<p>Zm\u011bna velen\u00ed tak\u00e9 pom\u016f\u017ee USA roz\u0161\u00ed\u0159it jejich protiraketov\u00fd \u0161t\u00edt Golden Dome zv\u00fd\u0161en\u00edm po\u010dtu radar\u016f pokr\u00fdvaj\u00edc\u00edch nov\u00e9 \u00fazem\u00ed.<\/p>\n<p>Pl\u00e1n by znamenal p\u0159evod Gr\u00f3nska z jurisdikce Evropsk\u00e9ho velitelstv\u00ed pod Severn\u00ed velitelstv\u00ed, kter\u00e9 je odpov\u011bdn\u00e9 za dohled nad bezpe\u010dnost\u00ed Severn\u00ed Ameriky, uv\u00e1d\u011bj\u00ed \u00fa\u0159edn\u00edci ministerstva obrany, s nimi\u017e Politico p\u0159ed zve\u0159ejn\u011bn\u00edm \u010dl\u00e1nku prostudoval.<\/p>\n<p>Za\u010dlen\u011bn\u00ed Gr\u00f3nska do Northcomu bude pe\u010dliv\u011b zkoum\u00e1no v D\u00e1nsku i v cel\u00e9m NATO, kter\u00e9 bylo znepokojeno Trumpovou m\u011bs\u00edci trvaj\u00edc\u00ed kampan\u00ed za p\u0159evzet\u00ed kontroly nad ostrovem a jeho odm\u00edtnut\u00edm vylou\u010dit vojenskou akci k dobyt\u00ed \u00fazem\u00ed. D\u00e1nsko a poloautonomn\u00ed Faersk\u00e9 ostrovy by z\u016fstaly pod evropsk\u00fdm velen\u00edm, co\u017e by vytvo\u0159ilo symbolickou opera\u010dn\u00ed trhlinu mezi t\u011bmito \u00fazem\u00edmi a Gr\u00f3nskem.<\/p>\n<p>Tento krok je nejkonkr\u00e9tn\u011bj\u0161\u00edm krokem v m\u011bs\u00edc\u00edch trvaj\u00edc\u00edm \u00fasil\u00ed Trumpovy administrativy o z\u00edsk\u00e1n\u00ed vlastnictv\u00ed nad Gr\u00f3nskem, autonomn\u00edm ostrovem spojen\u00fdm s D\u00e1nskem. Trump se o koupi Gr\u00f3nska kr\u00e1tce zm\u00ednil b\u011bhem sv\u00e9ho prvn\u00edho funk\u010dn\u00edho obdob\u00ed, ale od v\u00edt\u011bzstv\u00ed ve volb\u00e1ch v listopadu lo\u0148sk\u00e9ho roku o n\u00ed opakovan\u011b hovo\u0159il, co\u017e znepokojilo 58 000 obyvatel ostrova a frustrovalo d\u00e1nskou vl\u00e1du, kter\u00e1 uvedla, \u017ee o prodej nem\u00e1 z\u00e1jem.<\/p>\n<p><img decoding=\"async\" loading=\"lazy\" class=\"alignnone size-full wp-image-1185\" src=\"http:\/\/www.infokuryr.cz\/n\/wp-content\/uploads\/2021\/04\/kuryr-podpis.png\" alt=\"\" width=\"84\" height=\"24\" \/><\/p>\n<p>&nbsp;<\/p>\n","protected":false},"excerpt":{"rendered":"<p>Rozhodnut\u00ed Pentagonu p\u0159edat kontrolu nad Gr\u00f3nskem americk\u00e9mu Severn\u00edmu velitelstv\u00ed je v souladu se slibem prezidenta&#8230;<\/p>\n","protected":false},"author":2,"featured_media":69851,"comment_status":"closed","ping_status":"closed","sticky":false,"template":"","format":"standard","meta":[],"categories":[7],"tags":[3484,39,380,37],"_links":{"self":[{"href":"https:\/\/www.infokuryr.cz\/n\/wp-json\/wp\/v2\/posts\/80366"}],"collection":[{"href":"https:\/\/www.infokuryr.cz\/n\/wp-json\/wp\/v2\/posts"}],"about":[{"href":"https:\/\/www.infokuryr.cz\/n\/wp-json\/wp\/v2\/types\/post"}],"author":[{"embeddable":true,"href":"https:\/\/www.infokuryr.cz\/n\/wp-json\/wp\/v2\/users\/2"}],"replies":[{"embeddable":true,"href":"https:\/\/www.infokuryr.cz\/n\/wp-json\/wp\/v2\/comments?post=80366"}],"version-history":[{"count":0,"href":"https:\/\/www.infokuryr.cz\/n\/wp-json\/wp\/v2\/posts\/80366\/revisions"}],"wp:featuredmedia":[{"embeddable":true,"href":"https:\/\/www.infokuryr.cz\/n\/wp-json\/wp\/v2\/media\/69851"}],"wp:attachment":[{"href":"https:\/\/www.infokuryr.cz\/n\/wp-json\/wp\/v2\/media?parent=80366"}],"wp:term":[{"taxonomy":"category","embeddable":true,"href":"https:\/\/www.infokuryr.cz\/n\/wp-json\/wp\/v2\/categories?post=80366"},{"taxonomy":"post_tag","embeddable":true,"href":"https:\/\/www.infokuryr.cz\/n\/wp-json\/wp\/v2\/tags?post=80366"}],"curies":[{"name":"wp","href":"https:\/\/api.w.org\/{rel}","templated":true}]}}