{"id":80364,"date":"2025-06-03T05:24:11","date_gmt":"2025-06-03T03:24:11","guid":{"rendered":"https:\/\/www.infokuryr.cz\/n\/?p=80364"},"modified":"2025-06-03T05:24:11","modified_gmt":"2025-06-03T03:24:11","slug":"politicka-kauza-martina-bednarova-a-vyuka-ke-kritickemu-mysleni","status":"publish","type":"post","link":"https:\/\/www.infokuryr.cz\/n\/2025\/06\/03\/politicka-kauza-martina-bednarova-a-vyuka-ke-kritickemu-mysleni\/","title":{"rendered":"Politick\u00e1 kauza: Martina Bedn\u00e1\u0159ov\u00e1 a v\u00fduka ke kritick\u00e9mu my\u0161len\u00ed"},"content":{"rendered":"<div id=\"fb-root\"><\/div>\n<p><strong>Kdy\u017e byla v\u00a0roce 2022 na Seznam.cz zve\u0159ejn\u011bna sest\u0159\u00edhan\u00e1 nahr\u00e1vka vyu\u010dovac\u00ed hodiny \u010de\u0161tiny (nahr\u00e1val jist\u00fd Jon\u00e1\u0161 Kroupa, syn Franti\u0161ka Kroupy, kter\u00fd pravd\u011bpodobn\u011b spolu s\u00a0Petrem Kol\u00e1\u0159em p\u0159edali nahr\u00e1vku Seznam.cz) s\u00a0c\u00edlem dos\u00e1hnout \u201evyhazovu\u201c pan\u00ed Mgr. Martiny Bedn\u00e1\u0159ov\u00e9 ze \u0161koly Na Dlouh\u00e9m l\u00e1nu v\u00a0Praze 6, obdobn\u011b, jako tomu bylo v\u00a0jin\u00fdch p\u0159\u00edpadech i medi\u00e1ln\u011b zn\u00e1m\u011bj\u0161\u00edch osobnost\u00ed, jako byli nap\u0159. doc. \u0160ev\u010d\u00edk z\u00a0V\u0160E, prof. Drul\u00e1k z\u00a0Akademie v\u011bd, tak si nikdo nepomyslel na to, \u017ee tato kauza m\u016f\u017ee p\u0159er\u016fst v\u00a0k\u0159i\u0161\u0165\u00e1lov\u011b \u010dist\u00fd boj za svobodu slova, svobodu my\u0161len\u00ed a za mo\u017enost vyu\u010dovat na \u0161kol\u00e1ch kritick\u00e9mu my\u0161len\u00ed a ne jen papou\u0161kov\u00e1n\u00ed dogmat externist\u016f z\u00a0\u010clov\u011bka v\u00a0t\u00edsni nebo dal\u0161\u00edch s\u00f6rosovsk\u00fdch mimovl\u00e1dek.<\/strong><\/p>\n<p>P\u0159esto\u017ee v\u00a0pracovn\u011b-pr\u00e1vn\u00edm sporu byla uzn\u00e1na soudkyn\u00ed Patrici\u00ed Adam\u00ed\u010dkovou \u201epr\u00e1vn\u00ed\u201c opr\u00e1vn\u011bnost vyhazovu Mgr. Bedn\u00e1\u0159ov\u00e9 ze \u0161koly s\u00a0poukazem na to, \u017ee, cituji \u201e<i>Bedn\u00e1\u0159ov\u00e1 poru\u0161ila \u0161kolsk\u00fd z\u00e1kon, intern\u00ed p\u0159edpisy \u0161koly i z\u00e1kon\u00edk pr\u00e1ce, proto\u017ee: Ze sv\u00e9ho postaven\u00ed pedago\u017eky, tedy osoby, je\u017e m\u00e1 u \u017e\u00e1k\u016f p\u0159inejmen\u0161\u00edm form\u00e1ln\u00ed autoritu, sd\u011blovala sugestivn\u00edm zp\u016fsobem nepravdiv\u00e9 informace nezletil\u00fdm \u017e\u00e1k\u016fm, vyu\u017eila dan\u00fd prostor k ovliv\u0148ov\u00e1n\u00ed \u017e\u00e1k\u016f p\u0159ednesem sv\u00fdch n\u00e1zor\u016f a v podstat\u011b nep\u0159ipustila diskusi, proto\u017ee na ot\u00e1zky \u017e\u00e1k\u016f reagovala \u00fase\u010dn\u011b,<\/i>\u201c (<a href=\"https:\/\/www.idnes.cz\/zpravy\/domaci\/ucitelka-ukrajina-vyrok-soud-skola-vypoved.A231206_150157_domaci_ikro\" target=\"_blank\" rel=\"external noopener\">Zdroj<\/a>), tak v\u00a0trestn\u011bpr\u00e1vn\u00edm procesu byla v\u00a0prvn\u00ed instanci osvobozena s\u00a0t\u00edm, \u017ee v\u00fdroky Mgr. Bedn\u00e1\u0159ov\u00e9 nemohou nab\u00fdvat povahu trestn\u00edho \u010dinu (soudkyn\u011b Kl\u00e1ra Janto\u0161ov\u00e1), cituji: \u201ez<b>a n\u00e1zor v t\u00e9to zemi nikdo souzen b\u00fdt nem\u016f\u017ee a nebude<\/b>\u201c. Odvolac\u00ed soud (soudkyn\u011b Hana Chaloupkov\u00e1) osvobozuj\u00edc\u00ed rozsudek nejprve zru\u0161il a vyzval Obvodn\u00ed soud pro Prahu 6, aby v nov\u00e9m jedn\u00e1n\u00ed doplnil d\u016fkazy ob\u017ealoby. Co\u017e ten u\u010dinil (v\u00fdslechem sv\u011bdk\u016f) a op\u011bt vydal osvobozuj\u00edc\u00ed rozsudek. St\u00e1tn\u00ed z\u00e1stupce se op\u011bt odvolal a odvolac\u00ed soud op\u011bt jednal a tentokr\u00e1t osvobozuj\u00edc\u00ed rozsudek potvrdil (kv\u011bten 2O24).<\/p>\n<p>Kdyby mart\u00fdrium Martiny Bedn\u00e1\u0159ov\u00e9 v\u00a0t\u00e9 chv\u00edli skon\u010dilo (kv\u011bten 2024), nad\u00e1le z\u016fstala bez pr\u00e1ce ve sv\u00e9m oboru a pouze s\u00a0cejchem \u201edemagoga\u201c, \u201edezol\u00e1ta\u201c a \u201edezinform\u00e1tora\u201c, tak by se na politick\u00e9m nebi nic ned\u011blo a jej\u00ed podpora by byla uzav\u0159ena pouze v\u00a0\u00fazk\u00e9m kruhu nejbli\u017e\u0161\u00edch p\u0159\u00e1tel ze spolku PRAK (Lenka Proch\u00e1zkov\u00e1, Jan Schneider, \u2026.) a v\u00a0okruhu jej\u00edch p\u0159isp\u011bvatel\u016f na transparentn\u00ed \u00fa\u010det, kter\u00fd ji pomohl splatit hypot\u00e9ku, nakoupit z\u00e1kladn\u00ed \u017eivotn\u00ed pot\u0159eby, o\u0161et\u0159ovat nemocn\u00e9ho man\u017eela, o\u0161et\u0159it dom\u00e1c\u00edho mazl\u00ed\u010dka a zaplatit soudn\u00ed poplatky a odm\u011bny obh\u00e1jc\u016f (viz Obr. 1). (P\u0159\u00edsp\u011bvky na transparentn\u00ed \u00fa\u010det se v\u00a0kv\u011btnu a\u017e \u010dervenci 2024 pohybovaly v\u00a0mal\u00fdch \u010d\u00e1stk\u00e1ch, kter\u00e9 nebyly ani na z\u00e1kladn\u00ed potraviny pro rodinu a t\u011b\u017ece nemocn\u00e9ho man\u017eela (pravd\u011bpodobn\u011b taky d\u016fsledek soudn\u00edho st\u00edh\u00e1n\u00ed) a medi\u00e1ln\u00ed sledovanost a aktu\u00e1lnost kauzy (koeficient rezonance) se bl\u00ed\u017eily k nule.)<\/p>\n<div class=\"karta\" style=\"text-align: center;\">\n<figure><img decoding=\"async\" loading=\"lazy\" class=\"aligncenter\" src=\"https:\/\/zvedavec.news\/images\/25\/politicka-kauza-bednarova.png\" alt=\"[Obr. 1 \u2013 V...]\" width=\"698\" height=\"386\" \/><figcaption><em>Obr. 1 \u2013 V\u00fdvoj koeficientu rezonance podle p\u0159\u00edsp\u011bvk\u016f na transparentn\u00edm \u00fa\u010dtu \u201epro Mgr. Martinu Bedn\u00e1\u0159ovou\u201c, kter\u00fd vyjad\u0159uje medi\u00e1ln\u00ed dosah t\u00e9to kauzy<\/em><\/figcaption><\/figure>\n<\/div>\n<p>Potom ale z\u00a0politicky nepochopiteln\u00fdch d\u016fvod\u016f si vzal slovo p\u016fvodn\u011b komunistick\u00fd vojensk\u00fd prokur\u00e1tor, nyn\u00ed (2024) Nejvy\u0161\u0161\u00ed st\u00e1tn\u00ed z\u00e1stupce Igor St\u0159\u00ed\u017e, alias M\u0159\u00ed\u017e (kter\u00fd proslul prohl\u00e1\u0161en\u00edm, \u017ee kdo bude m\u00edt jin\u00e9 n\u00e1zory ne\u017e vl\u00e1da, bude trestn\u011b st\u00edh\u00e1n se sazbou a\u017e 3,5 roku), kter\u00fd zaslal na Nejvy\u0161\u0161\u00ed soud sv\u00e9 dovol\u00e1n\u00ed (podepsal to jeho z\u00e1stupce Pol\u00e1k) proti rozsudku Odvolac\u00edho soudu (<a href=\"https:\/\/spolecenstvi-prak.cz\/kauzy\/dokumenty-dovolani-nejvyssiho-statniho-zastupce-igora-strize-v-kauze-bednarova\/\" target=\"_blank\" rel=\"external noopener\">zdroj<\/a>) . Pan\u00ed soudkyn\u011b Kl\u00e1ra Janto\u0161ov\u00e1, kter\u00e1 si uchovala rovnou p\u00e1te\u0159, nepodlehla politick\u00fdm tlak\u016fm a nadvakr\u00e1t osvobodila Martinu Bedn\u00e1\u0159ovou podle pr\u00e1va, byla p\u0159elo\u017eena na Prahu 3 tak, aby j\u00ed nemohl b\u00fdt napot\u0159et\u00ed (co\u017e by musel b\u00fdt, pokud by z\u016fstala na P-6) sv\u011b\u0159en soud s\u00a0Mgr. Bedn\u00e1\u0159ovou. Ihned po dovol\u00e1n\u00ed st\u00e1tn\u00edho z\u00e1stupce St\u0159\u00ed\u017ee (srpen 2024) stoupl p\u0159\u00edliv pen\u011bz na transparentn\u00ed \u00fa\u010det (na budouc\u00ed soudn\u00ed v\u00fdlohy) a tak\u00e9 medi\u00e1ln\u00ed dosah t\u00e9to kauzy (z\u00e1\u0159\u00ed 2024) se zv\u011bt\u0161il natolik, \u017ee koeficient rezonance dos\u00e1hl hodnot, srovnateln\u00fdch s\u00a0obdob\u00edm, kdy zasedal prvn\u00ed Odvolac\u00ed soud (listopad 2023). V\u00a0dob\u011b, kdy Nejvy\u0161\u0161\u00ed soud vr\u00e1til kauzu Bedn\u00e1\u0159ov\u00e1 k\u00a0prvn\u00ed instanci a vyvolal nov\u00e9 \u0159\u00edzen\u00ed na soudu pro Prahu-6, tato kauza p\u0159erostla z\u00a0trestn\u011b-pr\u00e1vn\u00ed oblasti do politick\u00e9ho prostoru. Vojensk\u00fd prokur\u00e1tor St\u0159\u00ed\u017e a ani jeho nad\u0159\u00edzen\u00ed v\u00a0pozad\u00ed (politick\u00e1 objedn\u00e1vka) v\u016fbec neodhadli to, \u017ee se pan\u00ed Bedn\u00e1\u0159ov\u00e1 nenech\u00e1 zastra\u0161it (<a href=\"https:\/\/spolecenstvi-prak.cz\/kauzy\/lenka-prochazkova-kdyz-odvaha-preroste-do-statecnosti\/\" target=\"_blank\" rel=\"external noopener\">zdroj<\/a>\u00a0) a zjevn\u011b i \u0161patn\u011b na\u010dasovali cel\u00fd proces tak, aby nezasahoval (stejn\u011b jako zpolitizovan\u00e1 kauza \u010cap\u00ed hn\u00edzdo) do p\u0159edvolebn\u00ed kampan\u011b. (Mo\u017en\u00e1, \u017ee to bylo cht\u011bn\u00e9.)<\/p>\n<p>Nov\u00fd soud v\u00a0prvn\u00ed instanci (soudkyn\u011b Eli\u0161ka Maty\u00e1\u0161kov\u00e1) potrestal Martinu Bedn\u00e1\u0159ovou podm\u00ednkou na 7 m\u011bs\u00edc\u016f s\u00a0odkladem na 20 m\u011bs\u00edc\u016f, z\u00e1kaz pr\u00e1ce s\u00a0d\u011btmi (z\u00e1kaz v\u00fdkonu povol\u00e1n\u00ed) na 3 roky a povinnost absolvovat \u201eKurz medi\u00e1ln\u00ed gramotnosti\u201c. Stupidn\u00ed odm\u00edtnut\u00ed v\u0161ech d\u016fkaz\u016f obhajoby (advok\u00e1ti JUDr. Josef Kulhav\u00fd a JUDr. Jind\u0159ich Rajchl) spolu s\u00a0p\u0159edem napsan\u00fdm rozsudkem, kter\u00fd p\u0159e\u010detla soudkyn\u011b za 15 minut po skon\u010den\u00ed z\u00e1v\u011bre\u010dn\u00fdch \u0159e\u010d\u00ed obou obh\u00e1jc\u016f a 15-minutov\u00e9 p\u0159est\u00e1vce, se staly tak z\u0159ejm\u00fdm poru\u0161en\u00edm v\u0161ech demokratick\u00fdch a procesn\u00edch norem, \u017ee se bl\u00ed\u017eily sv\u00fdm form\u00e1tem i v\u00fdsledkem rozsudk\u016fm prokur\u00e1tora Urv\u00e1lka z\u00a050. let (<a href=\"https:\/\/pravyprostor.net\/petr-sak-otevreny-dopis-mgr-elisce-matyasove\/\" target=\"_blank\" rel=\"external noopener\">zdroj 1<\/a>,\u00a0<a href=\"https:\/\/spolecenstvi-prak.cz\/kauzy\/lenka-prochazkova-osudova-kauza-pro-zacinajici-soudkyni\/\" target=\"_blank\" rel=\"external noopener\">zdroj 2<\/a>\u00a0) . Z\u00e1v\u011bre\u010dn\u00e9 \u0159e\u010di obh\u00e1jc\u016f tak v\u00edce poukazovaly na jejich obhajobu princip\u016f demokracie, ne\u017e obhajobu jednotliv\u00fdch v\u00fdrok\u016f ob\u017ealovan\u00e9 (Mimochodem, tyto v\u00fdroky Martiny Bedn\u00e1\u0159ov\u00e9 p\u0159ed \u017e\u00e1ky byly podle mne i obh\u00e1jc\u016f\u00a0<a href=\"https:\/\/www.youtube.com\/watch?v=bsmEXnz2txE\" target=\"_blank\" rel=\"external noopener\">obdobn\u00e9 v\u00fdrok\u016fm<\/a>\u00a0Donalda Trumpa a jeho ministra zahrani\u010d\u00ed M. Rubia, kter\u00e9 pronesli dva roky pot\u00e9, co je vyslovila v\u00a0hodin\u011b \u010de\u0161tiny Martina Bedn\u00e1\u0159ov\u00e1 (asi byla s\u00a0Trumpem a Rubiem u\u017e tehdy domluvena))<\/p>\n<p>\u0160irok\u00e1 medi\u00e1ln\u00ed prezentace \u201ev\u00fdsledk\u016f\u201c soudu na narozeniny pan\u00ed Bedn\u00e1\u0159ov\u00e9 29.5.2025 se tak stala z\u00e1kladnou pro odm\u00edtnut\u00ed totalitn\u00edch praktik (dnes u\u017e b\u00fdval\u00e9ho) Nejvy\u0161\u0161\u00edho st\u00e1tn\u00edho z\u00e1stupce St\u0159\u00ed\u017ee a pota\u017emo politick\u00fdch tlak\u016f v\u00a0pozad\u00ed (Kol\u00e1\u0159 a spol.) a na\u0161\u00ed soudob\u00e9 justice v\u011bt\u0161inou spole\u010dnosti, jak je patrn\u00e9 na mnoha koment\u00e1\u0159\u00edch pod alternativn\u00edmi i mainstreamov\u00fdmi \u010dl\u00e1nky. Toto odm\u00edtnut\u00ed se p\u0159etavilo do obrovsk\u00e9 finan\u010dn\u00ed podpory Martiny Bedn\u00e1\u0159ov\u00e9 na transparentn\u00edm \u00fa\u010dtu na budouc\u00ed finan\u010dn\u00ed v\u00fddaje v\u00a0boji s\u00a0justi\u010dn\u00ed sv\u00e9vol\u00ed a nastupuj\u00edc\u00ed totalitou, kter\u00e1 chce trestat sv\u00e9 n\u00e1zorov\u00e9 odp\u016frce v\u011bzen\u00edm (a\u017e 3,5 let Igor St\u0159\u00ed\u017e, \u2026..) a dal\u0161\u00edmi \u201epikantnostmi\u201c, jako jsou \u201eBerufsverbot\u201c (Maty\u00e1\u0161kov\u00e1), p\u0159ev\u00fdchova (Maty\u00fd\u0161kov\u00e1) (olympionik David Svoboda musel na p\u0159ev\u00fdchovu na Libavou \u2013 poslala jej tam jist\u00e1 nad\u0159\u00edzen\u00e1 \u010cernochov\u00e1).<\/p>\n<p>Prvn\u00ed\u00a0<a href=\"https:\/\/www.youtube.com\/watch?v=rPfofM4nfQg\" target=\"_blank\" rel=\"external noopener\">hodnocen\u00ed v\u00fdsledk\u016f soudu<\/a>\u00a0jasn\u011b ukazuje, \u017ee se tato trestn\u011b-pr\u00e1vn\u00ed kauza \u201eBedn\u00e1\u0159ov\u00e1 vs. st\u00e1t\u201c p\u0159elila z\u00a0oblasti justice p\u0159\u00edmo do politiky a p\u0159edvolebn\u00edho boje a zazn\u011blo z\u00a0\u00fast Martiny Bedn\u00e1\u0159ov\u00e9 (\u010das 22:51) \u017ee \u201eop\u011bt neplat\u00ed \u017e\u00e1dn\u00e9 d\u016fkazy\u201c a jedin\u00fdm \u0159e\u0161en\u00edm je j\u00edt k\u00a0volb\u00e1m: \u201epokud nechcete, abyste kdokoli z\u00a0v\u00e1s byli jednou vyta\u017eeni ze sv\u00e9ho zam\u011bstn\u00e1n\u00ed rovnou p\u0159ed soud a tam s\u00a0v\u00e1mi bylo zach\u00e1zeno bez jak\u00fdchkoli pr\u00e1v, \u2026. , tak b\u011b\u017ete k\u00a0volb\u00e1m, proto\u017ee tu soudn\u00ed zv\u016fli m\u016f\u017eeme opravdu zvr\u00e1tit jen t\u011bmi volbami\u201c. Martina Bedn\u00e1\u0159ov\u00e1\u00a0<a href=\"https:\/\/programydovoleb.cz\/volby\/snemovni-volby\/166\/strana\/234\/kandidati\" target=\"_blank\" rel=\"external noopener\">kandiduje<\/a>\u00a0v Praze s\u00a0programem reformy \u0161kolstv\u00ed a je na 3. m\u00edst\u011b kandid\u00e1tky.<\/p>\n<p>Velice dobr\u00e9 shrnut\u00ed nov\u00e9ho soudn\u00edho l\u00ed\u010den\u00ed s\u00a0Martinou Bedn\u00e1\u0159ovou nato\u010dil i Jind\u0159ich Rajchl &#8211;\u00a0<a href=\"https:\/\/www.youtube.com\/watch?v=0XLsumaZud4\" target=\"_blank\" rel=\"external noopener\">Rozsudek Okresn\u00edho soudu n\u00e1s definitivn\u011b vr\u00e1til p\u0159ed r.1989<\/a>, kter\u00fd se pod hlavi\u010dkou SPD bude zasazovat o reformu justice a ihned po sv\u00e9m (p\u0159\u00edpadn\u00e9m) zvolen\u00ed do Sn\u011bmovny se zasad\u00ed o to, aby z\u00a0na\u0161eho pr\u00e1vn\u00edho \u0159\u00e1du zmizel paragraf 405 o podpo\u0159e a schvalov\u00e1n\u00ed genocidia (\u010das 24:05). Podle stejn\u00e9ho paragrafu\u00a0<a href=\"https:\/\/spolecenstvi-prak.cz\/kauzy\/otevreny-dopis-sony-zikmundove-prezidentovi-petrovi-pavlovi\/\" target=\"_blank\" rel=\"external noopener\">byli odsouzeni<\/a>\u00a0Josef Sk\u00e1la, Juraj V\u00e1clav\u00edk a Vladim\u00edr Kapal (kter\u00fd na to tak\u00e9 doplatil sv\u00fdm \u017eivotem) k\u00a0podm\u00edn\u011bn\u00fdm trest\u016fm za odbornou diskuzi na Svobodn\u00e9m R\u00e1diu nad nov\u00fdmi materi\u00e1ly ke Kayt\u0148sk\u00e9mu masakru (<a href=\"https:\/\/www.youtube.com\/watch?v=_DhBvI5bsQ0\" target=\"_blank\" rel=\"external noopener\">zdroj<\/a>). Jind\u0159ich Rajchl\u00a0<a href=\"https:\/\/programydovoleb.cz\/volby\/snemovni-volby\/166\/strana\/230\/kandidati\" target=\"_blank\" rel=\"external noopener\">kandiduje<\/a>\u00a0na severn\u00ed Morav\u011b jako l\u00eddr kandid\u00e1tky.<\/p>\n<p>Podpo\u0159me ve volb\u00e1ch v\u0161echny demokraty, a\u0165 u\u017e zleva nebo zprava (ale ne ty tzv. liber\u00e1ln\u00ed \u2013 to je jen jin\u00fd n\u00e1zev pro v\u0161ehoschopn\u00e9 v\u00e1le\u010dn\u00e9 \u0161tv\u00e1\u010de), a\u0165 u\u017e n\u00e1m nemohou ztrp\u010dovat \u017eivot v\u0161elijac\u00ed Urv\u00e1lkov\u00e9, M\u0159\u00ed\u017eov\u00e9, Kol\u00e1\u0159ov\u00e9, Don Pablov\u00e9 a jin\u00ed Dozimet\u0159i. \u010cas se nach\u00fdlil, a pokud nemaj\u00ed um\u00edrat dal\u0161\u00ed nevinn\u00ed (jako nap\u0159. Vladim\u00edr Kapal), nebo b\u00fdti popotahov\u00e1ni po soudech dal\u0161\u00ed u\u010ditel\u00e9, v\u011bdci, nebo svobodn\u011b mysl\u00edc\u00ed lid\u00e9, je nutno j\u00edt k\u00a0volb\u00e1m.<\/p>\n<p>Na z\u00e1v\u011br bych cht\u011bl pod\u011bkovat Seznam.cz, \u010cT, Igoru S\u0159\u00ed\u017eovi a tak\u00e9 soudkyni Eli\u0161ce Maty\u00e1\u0161kov\u00e9, \u017ee dok\u00e1zali pr\u016fkazn\u011b p\u0159edstavit v pr\u016fb\u011bhu soudn\u00edho \u0159\u00edzen\u00ed totalitn\u00ed praktiky st\u00e1vaj\u00edc\u00edho re\u017eimu, ne nepodobn\u00e9 t\u011bm z 50. let minul\u00e9ho stolet\u00ed, kde ka\u017ed\u00fd, kdo m\u00e1 sv\u016fj n\u00e1zor, kter\u00fd je ale odli\u0161n\u00fd od st\u00e1vaj\u00edc\u00edch fale\u0161n\u00fdch vl\u00e1dn\u00edch narativ\u016f, m\u016f\u017ee b\u00fdt bez okolk\u016f postaven p\u0159ed soud a trestn\u011b st\u00edh\u00e1n a\u017e do \u00fapln\u00e9ho odsouzen\u00ed. Tito p\u0159isp\u011bli nejv\u00edce k otev\u0159en\u00ed o\u010d\u00ed \u0161irok\u00e9 ve\u0159ejnosti, kter\u00e1 si u\u017e za\u010d\u00edn\u00e1 uv\u011bdomovat prolhanost m\u00e9di\u00ed a fale\u0161nost vl\u00e1dn\u00edch narativ\u016f, a d\u011blaj\u00ed tak neuv\u011b\u0159itelnou PR kampa\u0148 ve prosp\u011bch antisyst\u00e9mov\u00fdch stran a hnut\u00ed, jako jsou STA\u010cILO! a SPD, kter\u00e9 se sna\u017e\u00ed o obnoven\u00ed demokracie a svobody v \u010cR.<\/p>\n<p><a href=\"https:\/\/zvedavec.news\/prispevky\/2025\/06\/10534-martina-bednarova-a-vyuka-ke-kritickemu-mysleni.htm\"><strong><em>Pavel Kalenda<\/em><\/strong><\/a><\/p>\n<p>&nbsp;<\/p>\n","protected":false},"excerpt":{"rendered":"<p>Kdy\u017e byla v\u00a0roce 2022 na Seznam.cz zve\u0159ejn\u011bna sest\u0159\u00edhan\u00e1 nahr\u00e1vka vyu\u010dovac\u00ed hodiny \u010de\u0161tiny (nahr\u00e1val jist\u00fd Jon\u00e1\u0161&#8230;<\/p>\n","protected":false},"author":2,"featured_media":68705,"comment_status":"closed","ping_status":"closed","sticky":false,"template":"","format":"standard","meta":[],"categories":[6],"tags":[9219,9253,520,324],"_links":{"self":[{"href":"https:\/\/www.infokuryr.cz\/n\/wp-json\/wp\/v2\/posts\/80364"}],"collection":[{"href":"https:\/\/www.infokuryr.cz\/n\/wp-json\/wp\/v2\/posts"}],"about":[{"href":"https:\/\/www.infokuryr.cz\/n\/wp-json\/wp\/v2\/types\/post"}],"author":[{"embeddable":true,"href":"https:\/\/www.infokuryr.cz\/n\/wp-json\/wp\/v2\/users\/2"}],"replies":[{"embeddable":true,"href":"https:\/\/www.infokuryr.cz\/n\/wp-json\/wp\/v2\/comments?post=80364"}],"version-history":[{"count":0,"href":"https:\/\/www.infokuryr.cz\/n\/wp-json\/wp\/v2\/posts\/80364\/revisions"}],"wp:featuredmedia":[{"embeddable":true,"href":"https:\/\/www.infokuryr.cz\/n\/wp-json\/wp\/v2\/media\/68705"}],"wp:attachment":[{"href":"https:\/\/www.infokuryr.cz\/n\/wp-json\/wp\/v2\/media?parent=80364"}],"wp:term":[{"taxonomy":"category","embeddable":true,"href":"https:\/\/www.infokuryr.cz\/n\/wp-json\/wp\/v2\/categories?post=80364"},{"taxonomy":"post_tag","embeddable":true,"href":"https:\/\/www.infokuryr.cz\/n\/wp-json\/wp\/v2\/tags?post=80364"}],"curies":[{"name":"wp","href":"https:\/\/api.w.org\/{rel}","templated":true}]}}