{"id":80320,"date":"2025-06-03T00:29:54","date_gmt":"2025-06-02T22:29:54","guid":{"rendered":"https:\/\/www.infokuryr.cz\/n\/?p=80320"},"modified":"2025-06-02T16:52:11","modified_gmt":"2025-06-02T14:52:11","slug":"facka-pro-eu-pravicak-karol-nawrocki-vyhral-prezidentske-volby-v-polsku","status":"publish","type":"post","link":"https:\/\/www.infokuryr.cz\/n\/2025\/06\/03\/facka-pro-eu-pravicak-karol-nawrocki-vyhral-prezidentske-volby-v-polsku\/","title":{"rendered":"Facka pro EU: Pravi\u010d\u00e1k Karol Nawrocki vyhr\u00e1l prezidentsk\u00e9 volby v Polsku"},"content":{"rendered":"<div id=\"fb-root\"><\/div>\n<p><strong><span>Polsko zvolilo nov\u00e9ho prezidenta \u2013 a v\u00edt\u011bz pravd\u011bpodobn\u011b nepot\u011b\u0161\u00ed bruselsk\u00fd establishment. Karol Nawrocki, kriticky naklon\u011bn\u00fd EU,\u00a0<\/span><a href=\"https:\/\/www.br.de\/nachrichten\/deutschland-welt\/rechtsnationalist-nawrocki-gewinnt-praesidentschaftswahl-in-polen,Umw2bWK\"><span>t\u011bsn\u011b vyhr\u00e1l<\/span><\/a><span>\u00a0druh\u00e9 kolo prezidentsk\u00fdch voleb . Podle volebn\u00ed komise zv\u00edt\u011bzil s 50,89 procenty hlas\u016f proti liber\u00e1ln\u00edmu, proevropsk\u00e9mu kandid\u00e1tovi Rafalu Trzaskowsk\u00e9mu, jeho\u017e por\u00e1\u017eku n\u011bkte\u0159\u00ed v EU jist\u011b vn\u00edmaj\u00ed jako ur\u00e1\u017eku.<\/span><\/strong><\/p>\n<p><span>Nawrockiho n\u00e1skok: pouh\u00fdch 300 000 hlas\u016f. T\u011bsn\u00fd v\u00fdsledek, ale jasn\u00e9 v\u00edt\u011bzstv\u00ed \u2013 i kdy\u017e si n\u011bkte\u0159\u00ed p\u0159edstavitel\u00e9 EU nyn\u00ed jist\u011b kladou ot\u00e1zku, zda by bylo lep\u0161\u00ed tento volebn\u00ed v\u00fdsledek zvr\u00e1tit, nebo zda by nepopul\u00e1rn\u00ed kandid\u00e1t m\u011bl b\u00fdt n\u00e1sledn\u011b vylou\u010den. Eurokrat\u00e9 s takov\u00fdmi n\u00e1pady nakonec p\u0159ich\u00e1zej\u00ed, kdy\u017e demokratick\u00e1 rozhodnut\u00ed neodpov\u00eddaj\u00ed narativu.<\/span><\/p>\n<p><span>P\u0159edsedkyn\u011b Komise Von der Leyenov\u00e1 se alespo\u0148 ur\u00e1\u010dila zdvo\u0159ile poblahop\u0159\u00e1t. Jejich vzkaz v\u00edt\u011bzi voleb v\u0161ak\u00a0<\/span><a href=\"https:\/\/www.stuttgarter-zeitung.de\/inhalt.wahlsieg-von-nawrocki-stichwahl-in-polen-von-der-leyen-bei-zusammenarbeit-zuversichtlich.c61d83b8-7857-4a7a-9fd5-8d84586a039f.html\" target=\"_blank\" rel=\"noreferrer noopener\"><span>tak\u00e9 obsahoval<\/span><\/a><span>\u00a0: \u201ePracujme na zaji\u0161t\u011bn\u00ed bezpe\u010dnosti a prosperity na\u0161\u00ed spole\u010dn\u00e9 vlasti.\u201c A: \u201eV na\u0161em spole\u010denstv\u00ed m\u00edru, demokracie a hodnot jsme v\u0161ichni spole\u010dn\u011b siln\u011bj\u0161\u00ed.\u201c<\/span><\/p>\n<p><span>V\u011bc n\u00e1zoru. S Karolem Nawrockim se \u00fa\u0159adu uj\u00edm\u00e1 prezident, kter\u00fd si rozhodn\u011b nep\u0159eje nechat se diktovat Bruselem. Nen\u00ed tedy divu, \u017ee pro n\u011bkter\u00e9 v EU to vyvol\u00e1v\u00e1 obavy. Nawrocki koneckonc\u016f u\u017e b\u011bhem volebn\u00ed kampan\u011b jasn\u011b \u0159ekl, co si mysl\u00ed o p\u0159ehnan\u00e9 migra\u010dn\u00ed politice a ukrajinsk\u00e9m vlivu. Kriticky se stav\u00ed i k euru. Historik, kter\u00fd kandidoval za pravicovou konzervativn\u00ed stranu PiS, u\u017e nechce dovolit, aby se kdokoli vm\u011b\u0161oval do vnit\u0159n\u00edch z\u00e1le\u017eitost\u00ed Polska.<\/span><\/p>\n<p><span>\u201eGratuluji Polsku \u2013 na\u0161im vlasteneck\u00fdm p\u0159\u00e1tel\u016fm a Karolu Nawrockimu,\u201c \u0159ekl dnes Harald Vilimsky, vedouc\u00ed delegace Strany svobody v Evropsk\u00e9m parlamentu. Pro Vilimsk\u00e9ho je v\u00fdsledek jasn\u00fdm sign\u00e1lem pro Brusel: \u201ePolsk\u00e9 obyvatelstvo dalo jasn\u011b najevo, \u017ee m\u00e1 dost rostouc\u00edho paternalismu Evropsk\u00e9 unie. M\u00edsto neust\u00e1l\u00e9ho vm\u011b\u0161ov\u00e1n\u00ed se lid\u00e9 cht\u011bj\u00ed znovu sami rozhodovat o sv\u00e9 cest\u011b.\u201c Vn\u00edm\u00e1 to jako \u201eprojev hlubok\u00e9 spole\u010densk\u00e9 zm\u011bny\u201c. Znovu se ukazuje, \u201e\u017ee liber\u00e1ln\u00ed a n\u00e1rodn\u00ed ot\u00e1zky jsou v souladu s dobou \u2013 mo\u017en\u00e1 v\u00edce ne\u017e kdy jindy\u201c.<\/span><\/p>\n<p><img decoding=\"async\" loading=\"lazy\" class=\"alignnone size-full wp-image-1185\" src=\"http:\/\/www.infokuryr.cz\/n\/wp-content\/uploads\/2021\/04\/kuryr-podpis.png\" alt=\"\" width=\"84\" height=\"24\" \/><\/p>\n<p>&nbsp;<\/p>\n","protected":false},"excerpt":{"rendered":"<p>Polsko zvolilo nov\u00e9ho prezidenta \u2013 a v\u00edt\u011bz pravd\u011bpodobn\u011b nepot\u011b\u0161\u00ed bruselsk\u00fd establishment. Karol Nawrocki, kriticky naklon\u011bn\u00fd&#8230;<\/p>\n","protected":false},"author":2,"featured_media":80321,"comment_status":"closed","ping_status":"closed","sticky":false,"template":"","format":"standard","meta":[],"categories":[7],"tags":[41,9243,31,165,27],"_links":{"self":[{"href":"https:\/\/www.infokuryr.cz\/n\/wp-json\/wp\/v2\/posts\/80320"}],"collection":[{"href":"https:\/\/www.infokuryr.cz\/n\/wp-json\/wp\/v2\/posts"}],"about":[{"href":"https:\/\/www.infokuryr.cz\/n\/wp-json\/wp\/v2\/types\/post"}],"author":[{"embeddable":true,"href":"https:\/\/www.infokuryr.cz\/n\/wp-json\/wp\/v2\/users\/2"}],"replies":[{"embeddable":true,"href":"https:\/\/www.infokuryr.cz\/n\/wp-json\/wp\/v2\/comments?post=80320"}],"version-history":[{"count":0,"href":"https:\/\/www.infokuryr.cz\/n\/wp-json\/wp\/v2\/posts\/80320\/revisions"}],"wp:featuredmedia":[{"embeddable":true,"href":"https:\/\/www.infokuryr.cz\/n\/wp-json\/wp\/v2\/media\/80321"}],"wp:attachment":[{"href":"https:\/\/www.infokuryr.cz\/n\/wp-json\/wp\/v2\/media?parent=80320"}],"wp:term":[{"taxonomy":"category","embeddable":true,"href":"https:\/\/www.infokuryr.cz\/n\/wp-json\/wp\/v2\/categories?post=80320"},{"taxonomy":"post_tag","embeddable":true,"href":"https:\/\/www.infokuryr.cz\/n\/wp-json\/wp\/v2\/tags?post=80320"}],"curies":[{"name":"wp","href":"https:\/\/api.w.org\/{rel}","templated":true}]}}