{"id":80297,"date":"2025-06-03T00:21:03","date_gmt":"2025-06-02T22:21:03","guid":{"rendered":"https:\/\/www.infokuryr.cz\/n\/?p=80297"},"modified":"2025-06-02T10:51:14","modified_gmt":"2025-06-02T08:51:14","slug":"izrael-zabil-32-hladovejicich-palestincu-pri-dalsim-masakru-v-americkych-centrech-humanitarni-pomoci","status":"publish","type":"post","link":"https:\/\/www.infokuryr.cz\/n\/2025\/06\/03\/izrael-zabil-32-hladovejicich-palestincu-pri-dalsim-masakru-v-americkych-centrech-humanitarni-pomoci\/","title":{"rendered":"Izrael zabil 32 hladov\u011bj\u00edc\u00edch Palestinc\u016f p\u0159i dal\u0161\u00edm masakru v americk\u00fdch centrech humanit\u00e1rn\u00ed pomoci"},"content":{"rendered":"<div id=\"fb-root\"><\/div>\n<h4>O\u010dit\u00ed sv\u011bdci uv\u00e1d\u011bj\u00ed, \u017ee byli \u201ep\u0159epadeni\u201c, kdy\u017e st\u00e1li ve front\u011b pro potravinovou pomoc, kdy\u017e voj\u00e1ci zah\u00e1jili palbu a m\u00ed\u0159ili na hlavy a hrudn\u00edky<\/h4>\n<p><a href=\"https:\/\/www.middleeasteye.net\/countries\/israel\" target=\"_blank\" rel=\"noopener\">Izraelsk\u00e9<\/a>\u00a0s\u00edly sp\u00e1chaly nov\u00fd masakr zam\u011b\u0159en\u00fd na\u00a0<a href=\"https:\/\/www.middleeasteye.net\/countries\/palestine\" target=\"_blank\" rel=\"noopener\">palestinsk\u00e9<\/a>\u00a0\u017eadatele o pomoc v p\u00e1smu Gazy, p\u0159i kter\u00e9m zabily nejm\u00e9n\u011b 32 lid\u00ed a des\u00edtky dal\u0161\u00edch zranily, uvedlo v ned\u011bli palestinsk\u00e9 ministerstvo zdravotnictv\u00ed.<\/p>\n<p>Podle o\u010dit\u00fdch sv\u011bdk\u016f a m\u00edstn\u00edch \u00fa\u0159edn\u00edk\u016f zah\u00e1jily izraelsk\u00e9 jednotky palbu p\u0159\u00edmo na civilisty shrom\u00e1\u017ed\u011bn\u00e9 u dvou americko-izraelsk\u00fdch distribu\u010dn\u00edch m\u00edst potravin v Raf\u00e1hu a centr\u00e1ln\u00ed Gaze.<\/p>\n<p>V Raf\u00e1hu bylo zabito nejm\u00e9n\u011b 31 lid\u00ed a jeden v centr\u00e1ln\u00ed Gaze, zat\u00edmco p\u0159es 200 bylo zran\u011bno, mnoho z nich kriticky.<\/p>\n<p>Ministerstvo zdravotnictv\u00ed obvinilo Izrael, \u017ee nov\u00fd mechanismus pomoci vyu\u017e\u00edv\u00e1 jako \u201epasti pro masov\u00e9 zab\u00edjen\u00ed\u201c a n\u00e1stroje pro \u201en\u00e1siln\u00e9 vys\u00eddlov\u00e1n\u00ed obyvatel Gazy\u201c.<\/p>\n<p>Dodala, \u017ee ti, kte\u0159\u00ed byli p\u0159i \u201emasakru\u201c zabiti, m\u011bli jedin\u00e1 st\u0159eln\u00e1 zran\u011bn\u00ed hlavy nebo hrudn\u00edku, co\u017e nazna\u010duje jasn\u00fd \u00famysl zab\u00edt.<\/p>\n<p>V Raf\u00e1hu byly tis\u00edce lid\u00ed instruov\u00e1ny, aby se postavily do fronty asi 500 metr\u016f od m\u00edsta distribuce americk\u00fdch potravin na kruhov\u00e9m objezdu Al-Alam, \u0159ekl serveru Middle East Eye m\u00edstn\u00ed novin\u00e1\u0159 Mohammed Ghareeb.<\/p>\n<p>Jak se davy bl\u00ed\u017eily k oblasti, izraelsk\u00e9 s\u00edly na n\u011b podle o\u010dit\u00fdch sv\u011bdk\u016f zasyp\u00e1valy st\u0159elami ze v\u0161ech sm\u011br\u016f.<\/p>\n<p>\u201eSt\u00e1la jsem v davu, ale kdy\u017e se lid\u00e9 za\u010dali hrnout k distribu\u010dn\u00edmu m\u00edstu, nemohla jsem se s nimi pohnout, proto\u017ee se jich stovky tla\u010dily vp\u0159ed,\u201c \u0159ekla Marwa al-Naouq agentu\u0159e MEE.<\/p>\n<p>\u201ePak se objevila kvadrokopt\u00e9ra a za\u010dala na n\u011b st\u0159\u00edlet. Pot\u00e9 izraelsk\u00e1 arm\u00e1da zah\u00e1jila palbu p\u0159\u00edmo na dav a americk\u00e9 bezpe\u010dnostn\u00ed s\u00edly pou\u017eily slzn\u00fd plyn.\u201c<\/p>\n<p>\u201eDes\u00edtky lid\u00ed byly zabity a zran\u011bny, kdy\u017e se lid\u00e9 rozb\u00edhali v\u0161emi sm\u011bry a sna\u017eili se uniknout.\u201c<\/p>\n<p><strong><em>\u201eOkupace se zam\u011b\u0159ila na hladov\u00e9 lidi, jako by tato centra pro distribuci pomoci rozd\u00e1vala smrt\u201c<\/em><\/strong><\/p>\n<p><strong><em>&#8211; Marwan al-Hems, palestinsk\u00fd l\u00e9ka\u0159\u00a0<\/em><\/strong><\/p>\n<p>\u0158editel poln\u00edch nemocnic v Gaze Marwan al-Hems popsal celou sc\u00e9nu jako \u201emasakr a krveprolit\u00ed\u201c.<\/p>\n<p>\u201eOkupace se zam\u011b\u0159ovala na hladov\u00e9 lidi, jako by tato centra pro distribuci pomoci m\u00edsto toho rozd\u00e1vala smrt,\u201c \u0159ekl agentu\u0159e MEE.<\/p>\n<p>Nemocnice v ji\u017en\u00ed Gaze byly p\u0159et\u00ed\u017een\u00e9, pacienti lemovali chodby a le\u017eeli na podlaze kv\u016fli nedostatku l\u016f\u017eek a zdravotnick\u00e9ho materi\u00e1lu, uvedl Hems.<\/p>\n<p>\u201eSna\u017eili jsme se zachr\u00e1nit co nejv\u00edce lid\u00ed, ale kv\u016fli nedostatku krve jsme o n\u011bkter\u00e9 p\u0159i\u0161li,\u201c dodal.<\/p>\n<p>Ham\u00e1s obvinil Izrael ze zneu\u017eit\u00ed pomoci jako zbran\u011b a uvedl, \u017ee syst\u00e9m distribuce potravin se stal sou\u010d\u00e1st\u00ed \u0161ir\u0161\u00ed genocidy.<\/p>\n<p>Izraelsk\u00e1 arm\u00e1da prohl\u00e1sila, \u017ee si \u201enen\u00ed v\u011bdoma zran\u011bn\u00ed zp\u016fsoben\u00fdch voj\u00e1ky [izraelsk\u00e9 arm\u00e1dy]\u201c.<\/p>\n<h3>P\u0159epadeni<\/h3>\n<p>V Raf\u00e1hu i ve st\u0159edn\u00ed Gaze popsali o\u010dit\u00ed sv\u011bdci incidenty jako \u201ep\u0159epady\u201c proveden\u00e9 izraelsk\u00fdmi silami.<\/p>\n<p>Ve spolupr\u00e1ci s americk\u00fdmi bezpe\u010dnostn\u00edmi slo\u017ekami pracuj\u00edc\u00edmi pro Humanit\u00e1rn\u00ed nadaci pro Gazu (GHF) dostali hladov\u011bj\u00edc\u00ed civilist\u00e9 v \u010dasn\u00fdch rann\u00edch hodin\u00e1ch pokyn, aby se vydali na ur\u010den\u00e9 m\u00edsto pobl\u00ed\u017e mostu Wadi Gaza, \u00fadajn\u011b za \u00fa\u010delem p\u0159ijet\u00ed pomoci.<\/p>\n<p>M\u00edsto toho se na n\u011b podle vl\u00e1dn\u00ed tiskov\u00e9 kancel\u00e1\u0159e se s\u00eddlem v Gaze setkala p\u0159\u00edm\u00e1 palba.<\/p>\n<p>Mnoho lid\u00ed z\u016fst\u00e1v\u00e1 \u201euv\u011bzn\u011bno pod nep\u0159etr\u017eitou palbou v bl\u00edzkosti centra pomoci,\u201c uvedl \u00fa\u0159ad.<\/p>\n<p>Podobn\u00e1 sc\u00e9na se odehr\u00e1la v Raf\u00e1hu, kde se p\u0159es noc shrom\u00e1\u017edily tis\u00edce lid\u00ed, aby si p\u0159evzaly j\u00eddlo.<\/p>\n<p><strong><em>\u201eAmeri\u010dan\u00e9 n\u00e1m l\u017eou&#8230; \u0158\u00edkaj\u00ed tomu humanit\u00e1rn\u00ed bod a pak n\u00e1s tam zabij\u00ed\u201c<\/em><\/strong><\/p>\n<p><strong><em>&#8211; Arafat Sijam, st\u0159elba, kter\u00e1 p\u0159e\u017eila\u00a0<\/em><\/strong><\/p>\n<p>\u201e\u0158ekli n\u00e1m, abychom \u0161li do t\u00e9to humanit\u00e1rn\u00ed z\u00f3ny pro j\u00eddlo \u2013 a pak n\u00e1s zabili,\u201c \u0159ekl agentu\u0159e MEE Arafat Siyam, jeden z p\u0159e\u017eiv\u0161\u00edch.<\/p>\n<p>Siyamina bratr byl zabit. Oba dva dorazili na m\u00edsto s humanit\u00e1rn\u00ed pomoc\u00ed v p\u00e1tek v 23 hodin v nad\u011bji, \u017ee p\u0159inesou j\u00eddlo pro sv\u00e9 hladov\u011bj\u00edc\u00ed d\u011bti.<\/p>\n<p>\u201eAmeri\u010dan\u00e9 n\u00e1m l\u017eou. Od kdy jim na humanit\u00e1rn\u00ed pr\u00e1ci z\u00e1le\u017e\u00ed?\u201c \u0159ekl.<\/p>\n<p>\u201e\u0158\u00edkaj\u00ed tomu humanit\u00e1rn\u00ed bod a pak n\u00e1s tam zabij\u00ed.\u201c<\/p>\n<p>Podle tiskov\u00e9 kancel\u00e1\u0159e izraelsk\u00e9 s\u00edly od zah\u00e1jen\u00ed operace 27. kv\u011btna zabily v distribu\u010dn\u00edch centrech provozovan\u00fdch GHF nejm\u00e9n\u011b 49 Palestinc\u016f a zranily dal\u0161\u00edch 305.<\/p>\n<p>GHF, skand\u00e1ln\u011b zasa\u017een\u00e1 americk\u00e1 organizace podporovan\u00e1 Izraelem, byla zalo\u017eena s c\u00edlem obej\u00edt humanit\u00e1rn\u00ed infrastrukturu OSN v Gaze.<\/p>\n<p>Vysoc\u00ed humanit\u00e1rn\u00ed p\u0159edstavitel\u00e9 tento pl\u00e1n odsoudili a uvedli, \u017ee Izrael by m\u011bl p\u0159estat blokovat syst\u00e9m OSN a umo\u017enit neru\u0161en\u00fd tok pomoci.<\/p>\n<p>Celkov\u011b izraelsk\u00e9 s\u00edly od \u0159\u00edjna 2023 zabily v p\u00e1smu Gazy v\u00edce ne\u017e 54 000 Palestinc\u016f, v\u010detn\u011b nejm\u00e9n\u011b 16 500 d\u011bt\u00ed.<\/p>\n<p>Krom\u011b toho se v\u00edce ne\u017e 10 000 lid\u00ed poh\u0159e\u0161uje a je pova\u017eov\u00e1no za mrtv\u00e9, zat\u00edmco t\u00e9m\u011b\u0159 120 000 dal\u0161\u00edch bylo zran\u011bno.<\/p>\n<p><span style=\"font-size: 10pt;\"><em><strong>\u00davodn\u00ed fotografie:<\/strong> Truchl\u00edc\u00ed reaguje b\u011bhem poh\u0159bu Palestinc\u016f zabit\u00fdch izraelsk\u00fdmi silami v nemocnici Nasser v Ch\u00e1n J\u00fan\u00edsu v ji\u017en\u00edm p\u00e1smu Gazy 1. \u010dervna 2025 (Reuters\/Hatem Khaled)<\/em><\/span><\/p>\n<p><span style=\"font-size: 10pt;\"><a href=\"https:\/\/www.middleeasteye.net\/news\/israel-kills-32-starving-palestinians-latest-us-aid-point-massacre\">ZDROJ<\/a><\/span><\/p>\n<p>&nbsp;<\/p>\n","protected":false},"excerpt":{"rendered":"<p>O\u010dit\u00ed sv\u011bdci uv\u00e1d\u011bj\u00ed, \u017ee byli \u201ep\u0159epadeni\u201c, kdy\u017e st\u00e1li ve front\u011b pro potravinovou pomoc, kdy\u017e voj\u00e1ci&#8230;<\/p>\n","protected":false},"author":2,"featured_media":80298,"comment_status":"closed","ping_status":"closed","sticky":false,"template":"","format":"standard","meta":[],"categories":[7],"tags":[348,178,107,940,320,934],"_links":{"self":[{"href":"https:\/\/www.infokuryr.cz\/n\/wp-json\/wp\/v2\/posts\/80297"}],"collection":[{"href":"https:\/\/www.infokuryr.cz\/n\/wp-json\/wp\/v2\/posts"}],"about":[{"href":"https:\/\/www.infokuryr.cz\/n\/wp-json\/wp\/v2\/types\/post"}],"author":[{"embeddable":true,"href":"https:\/\/www.infokuryr.cz\/n\/wp-json\/wp\/v2\/users\/2"}],"replies":[{"embeddable":true,"href":"https:\/\/www.infokuryr.cz\/n\/wp-json\/wp\/v2\/comments?post=80297"}],"version-history":[{"count":1,"href":"https:\/\/www.infokuryr.cz\/n\/wp-json\/wp\/v2\/posts\/80297\/revisions"}],"predecessor-version":[{"id":80299,"href":"https:\/\/www.infokuryr.cz\/n\/wp-json\/wp\/v2\/posts\/80297\/revisions\/80299"}],"wp:featuredmedia":[{"embeddable":true,"href":"https:\/\/www.infokuryr.cz\/n\/wp-json\/wp\/v2\/media\/80298"}],"wp:attachment":[{"href":"https:\/\/www.infokuryr.cz\/n\/wp-json\/wp\/v2\/media?parent=80297"}],"wp:term":[{"taxonomy":"category","embeddable":true,"href":"https:\/\/www.infokuryr.cz\/n\/wp-json\/wp\/v2\/categories?post=80297"},{"taxonomy":"post_tag","embeddable":true,"href":"https:\/\/www.infokuryr.cz\/n\/wp-json\/wp\/v2\/tags?post=80297"}],"curies":[{"name":"wp","href":"https:\/\/api.w.org\/{rel}","templated":true}]}}