{"id":80288,"date":"2025-06-03T00:15:18","date_gmt":"2025-06-02T22:15:18","guid":{"rendered":"https:\/\/www.infokuryr.cz\/n\/?p=80288"},"modified":"2025-06-02T12:17:48","modified_gmt":"2025-06-02T10:17:48","slug":"kreml-se-pripravuje-na-totalni-konflikt-s-nato-tvrdi-institut-pro-studium-valky","status":"publish","type":"post","link":"https:\/\/www.infokuryr.cz\/n\/2025\/06\/03\/kreml-se-pripravuje-na-totalni-konflikt-s-nato-tvrdi-institut-pro-studium-valky\/","title":{"rendered":"Kreml se p\u0159ipravuje na tot\u00e1ln\u00ed konflikt s NATO \u2013 tvrd\u00ed Institut pro studium v\u00e1lky"},"content":{"rendered":"<div id=\"fb-root\"><\/div>\n<div class=\"elementor-element elementor-element-1fb4c2c elementor-widget elementor-widget-theme-post-content\" data-id=\"1fb4c2c\" data-element_type=\"widget\" data-widget_type=\"theme-post-content.default\">\n<div class=\"elementor-widget-container\">\n<p>Washingtonsk\u00fd think-tank\u00a0<em>Institut pro studium v\u00e1lky (ISW)<\/em>\u00a0zve\u0159ejnil anal\u00fdzu kr\u00e1tce p\u0159ed ned\u011bln\u00edm \u00fatokem ukrajinsk\u00e9ho dronu, kter\u00fd \u00fadajn\u011b zni\u010dil asi 40 rusk\u00fdch vojensk\u00fdch letadel hluboko v zemi. Uv\u00e1d\u00ed se v n\u011bm, \u017ee prezident Vladimir Putin se p\u0159ipravuje na mo\u017enou v\u00e1lku s NATO, pokud se situace d\u00e1le vyhrot\u00ed.<\/p>\n<p>Dekret o rusk\u00e9m obrann\u00e9m pr\u016fmyslu (DIB), kter\u00fd Putin podepsal 30. kv\u011btna, umo\u017e\u0148uje vl\u00e1d\u011b leg\u00e1ln\u011b p\u0159evz\u00edt vojensk\u00e9 spole\u010dnosti, pokud nedodr\u017e\u00ed rozkazy vydan\u00e9 v r\u00e1mci stann\u00e9ho pr\u00e1va.<\/p>\n<p><em>\u201ePutin pravd\u011bpodobn\u011b p\u0159ipravuje pr\u00e1vn\u00ed z\u00e1klady pro to, aby rusk\u00e1 vl\u00e1da p\u0159evzala kontrolu nad prvky ekonomiky a obrann\u00e9ho pr\u016fmyslu, pokud by Kreml zavedl stann\u00e9 pr\u00e1vo a p\u0159em\u011bnil zemi na v\u00e1le\u010dnou ekonomiku,\u201c napsal ISW na\u00a0<a href=\"https:\/\/understandingwar.org\/backgrounder\/russian-offensive-campaign-assessment-may-31-2025\" target=\"_blank\" rel=\"noreferrer noopener\" data-type=\"link\" data-id=\"https:\/\/understandingwar.org\/backgrounder\/russian-offensive-campaign-assessment-may-31-2025\">UnderstandingWar.org\u00a0.<\/a><\/em><\/p>\n<p>Institut se i nad\u00e1le domn\u00edv\u00e1, \u017ee Kreml z\u00e1m\u011brn\u011b p\u0159ipravuje ruskou spole\u010dnost a ekonomiku na vleklou v\u00e1lku na Ukrajin\u011b \u2013 co\u017e nazna\u010duje, \u017ee Rusko nem\u00e1 z\u00e1jem o poctiv\u00e1 jedn\u00e1n\u00ed o diplomatick\u00e9m \u0159e\u0161en\u00ed.<\/p>\n<p>Ned\u011ble mo\u017en\u00e1 sv\u011bt o obrovsk\u00fd krok p\u0159ibl\u00ed\u017eila k otev\u0159en\u00e9, tot\u00e1ln\u00ed v\u00e1lce ve v\u00fdchodn\u00ed Evrop\u011b: \u00datoky dron\u016f na\u0159\u00edzen\u00e9 prezidentem Zelensk\u00fdm jsou ji\u017e p\u0159irovn\u00e1v\u00e1ny k \u201ePearl Harboru pro Rusko\u201c.<\/p>\n<p><em>\u201eKreml pokra\u010duje ve sv\u00e9m \u00fasil\u00ed p\u0159ipravit ruskou spole\u010dnost i obrann\u00fd pr\u016fmysl na vleklou v\u00e1lku s Ukrajinou a mo\u017enou budouc\u00ed v\u00e1lku s NATO,\u201c pokra\u010doval ISW.<\/em><\/p>\n<p>Podle zpr\u00e1vy Putin podepsal dekret, kter\u00fd vl\u00e1d\u011b umo\u017e\u0148uje zbavit akcion\u00e1\u0159e obrann\u00fdch spole\u010dnost\u00ed jejich vlastnick\u00fdch pr\u00e1v, pokud b\u011bhem stann\u00e9ho pr\u00e1va nepln\u00ed st\u00e1tn\u00ed obrann\u00e9 zak\u00e1zky.<\/p>\n<p><em>\u201eVyhl\u00e1\u0161ka umo\u017e\u0148uje rusk\u00e9mu ministerstvu pr\u016fmyslu a obchodu jmenovat spr\u00e1vcovskou spole\u010dnost, kter\u00e1 bude p\u016fsobit jako jedin\u00fd v\u00fdkonn\u00fd org\u00e1n spole\u010dnosti s c\u00edlem plnit st\u00e1vaj\u00edc\u00ed smluvn\u00ed z\u00e1vazky v\u016f\u010di st\u00e1tu.\u201c<\/em><\/p>\n<p>To se t\u00fdk\u00e1 zejm\u00e9na spole\u010dnost\u00ed v odv\u011btv\u00ed civiln\u00edho letectv\u00ed, stavby lod\u00ed, vojensk\u00e9ho v\u00fdvoje a v\u00fdroby, jako\u017e i vl\u00e1dn\u00edch subdodavatel\u016f.<\/p>\n<p><em>Toto je nejv\u011bt\u0161\u00ed v\u00edt\u011bzstv\u00ed Ukrajiny od potopen\u00ed bitevn\u00edho k\u0159i\u017en\u00edku Moskva v \u010cern\u00e9m mo\u0159i.<\/em><\/p>\n<div class=\"twitter-tweet twitter-tweet-rendered\"><iframe id=\"twitter-widget-0\" class=\"\" title=\"X Post\" src=\"https:\/\/platform.twitter.com\/embed\/Tweet.html?dnt=false&amp;embedId=twitter-widget-0&amp;features=eyJ0ZndfdGltZWxpbmVfbGlzdCI6eyJidWNrZXQiOltdLCJ2ZXJzaW9uIjpudWxsfSwidGZ3X2ZvbGxvd2VyX2NvdW50X3N1bnNldCI6eyJidWNrZXQiOnRydWUsInZlcnNpb24iOm51bGx9LCJ0ZndfdHdlZXRfZWRpdF9iYWNrZW5kIjp7ImJ1Y2tldCI6Im9uIiwidmVyc2lvbiI6bnVsbH0sInRmd19yZWZzcmNfc2Vzc2lvbiI6eyJidWNrZXQiOiJvbiIsInZlcnNpb24iOm51bGx9LCJ0ZndfZm9zbnJfc29mdF9pbnRlcnZlbnRpb25zX2VuYWJsZWQiOnsiYnVja2V0Ijoib24iLCJ2ZXJzaW9uIjpudWxsfSwidGZ3X21peGVkX21lZGlhXzE1ODk3Ijp7ImJ1Y2tldCI6InRyZWF0bWVudCIsInZlcnNpb24iOm51bGx9LCJ0ZndfZXhwZXJpbWVudHNfY29va2llX2V4cGlyYXRpb24iOnsiYnVja2V0IjoxMjA5NjAwLCJ2ZXJzaW9uIjpudWxsfSwidGZ3X3Nob3dfYmlyZHdhdGNoX3Bpdm90c19lbmFibGVkIjp7ImJ1Y2tldCI6Im9uIiwidmVyc2lvbiI6bnVsbH0sInRmd19kdXBsaWNhdGVfc2NyaWJlc190b19zZXR0aW5ncyI6eyJidWNrZXQiOiJvbiIsInZlcnNpb24iOm51bGx9LCJ0ZndfdXNlX3Byb2ZpbGVfaW1hZ2Vfc2hhcGVfZW5hYmxlZCI6eyJidWNrZXQiOiJvbiIsInZlcnNpb24iOm51bGx9LCJ0ZndfdmlkZW9faGxzX2R5bmFtaWNfbWFuaWZlc3RzXzE1MDgyIjp7ImJ1Y2tldCI6InRydWVfYml0cmF0ZSIsInZlcnNpb24iOm51bGx9LCJ0ZndfbGVnYWN5X3RpbWVsaW5lX3N1bnNldCI6eyJidWNrZXQiOnRydWUsInZlcnNpb24iOm51bGx9LCJ0ZndfdHdlZXRfZWRpdF9mcm9udGVuZCI6eyJidWNrZXQiOiJvbiIsInZlcnNpb24iOm51bGx9fQ%3D%3D&amp;frame=false&amp;hideCard=false&amp;hideThread=false&amp;id=1929231892324266092&amp;lang=cs&amp;origin=https%3A%2F%2Funcutnews.ch%2Fder-kreml-bereitet-sich-auf-einen-totalen-konflikt-mit-der-nato-vor-laut-institute-for-the-study-of-war%2F&amp;sessionId=1c529541adb90f65ba41c1cb5c1b2fb1b84cb6b5&amp;theme=light&amp;widgetsVersion=2615f7e52b7e0%3A1702314776716&amp;width=550px\" frameborder=\"0\" scrolling=\"no\" allowfullscreen=\"allowfullscreen\" data-tweet-id=\"1929231892324266092\" data-mce-fragment=\"1\"><\/iframe><\/div>\n<p>Velk\u00fd \u00fatok na rusk\u00e9 leteck\u00e9 z\u00e1kladny v ned\u011bli by proto mohl nejen vyvolat reakci, ale tak\u00e9 urychlit krok k vyhl\u00e1\u0161en\u00ed stann\u00e9ho pr\u00e1va a form\u00e1ln\u00edmu vyhl\u00e1\u0161en\u00ed stavu tot\u00e1ln\u00ed v\u00e1lky Kremlem.<\/p>\n<p>A\u010dkoli Kyjev a jeho z\u00e1padn\u00ed podporovatel\u00e9 chv\u00e1l\u00ed efektivitu operace, m\u00e1 mal\u00fd strategick\u00fd dopad na pr\u016fb\u011bh v\u00e1lky \u2013 m\u00edsto toho jen d\u00e1le provokuje \u201erusk\u00e9ho medv\u011bda\u201c.<br \/>\nNepotvrzen\u00e9 zpr\u00e1vy uv\u00e1d\u011bj\u00ed, \u017ee balistick\u00e9 rakety v silech po cel\u00e9m Rusku ji\u017e byly uvedeny do stavu vysok\u00e9 pohotovosti.<\/p>\n<p><em>Ukrajina pr\u00e1v\u011b zah\u00e1jila \u00fatok, kter\u00fd p\u0159edstavuje zlom v historii v\u00e1lek. Stovky dron\u016f byly nasazeny p\u0159edem a pot\u00e9 za\u00fato\u010dily na v\u00edce ne\u017e 40 letadel ve vzd\u00e1lenosti p\u0159es 1 000 km uvnit\u0159 Ruska. \u0160koda p\u0159esahuje miliardu dolar\u016f, p\u0159i\u010dem\u017e drony st\u00e1ly m\u00e9n\u011b ne\u017e milion dolar\u016f. Kritick\u00e1 infrastruktura ji\u017e nen\u00ed bezpe\u010dn\u00e1.<\/em><\/p>\n<div class=\"twitter-tweet twitter-tweet-rendered\"><iframe id=\"twitter-widget-1\" class=\"\" title=\"X Post\" src=\"https:\/\/platform.twitter.com\/embed\/Tweet.html?dnt=false&amp;embedId=twitter-widget-1&amp;features=eyJ0ZndfdGltZWxpbmVfbGlzdCI6eyJidWNrZXQiOltdLCJ2ZXJzaW9uIjpudWxsfSwidGZ3X2ZvbGxvd2VyX2NvdW50X3N1bnNldCI6eyJidWNrZXQiOnRydWUsInZlcnNpb24iOm51bGx9LCJ0ZndfdHdlZXRfZWRpdF9iYWNrZW5kIjp7ImJ1Y2tldCI6Im9uIiwidmVyc2lvbiI6bnVsbH0sInRmd19yZWZzcmNfc2Vzc2lvbiI6eyJidWNrZXQiOiJvbiIsInZlcnNpb24iOm51bGx9LCJ0ZndfZm9zbnJfc29mdF9pbnRlcnZlbnRpb25zX2VuYWJsZWQiOnsiYnVja2V0Ijoib24iLCJ2ZXJzaW9uIjpudWxsfSwidGZ3X21peGVkX21lZGlhXzE1ODk3Ijp7ImJ1Y2tldCI6InRyZWF0bWVudCIsInZlcnNpb24iOm51bGx9LCJ0ZndfZXhwZXJpbWVudHNfY29va2llX2V4cGlyYXRpb24iOnsiYnVja2V0IjoxMjA5NjAwLCJ2ZXJzaW9uIjpudWxsfSwidGZ3X3Nob3dfYmlyZHdhdGNoX3Bpdm90c19lbmFibGVkIjp7ImJ1Y2tldCI6Im9uIiwidmVyc2lvbiI6bnVsbH0sInRmd19kdXBsaWNhdGVfc2NyaWJlc190b19zZXR0aW5ncyI6eyJidWNrZXQiOiJvbiIsInZlcnNpb24iOm51bGx9LCJ0ZndfdXNlX3Byb2ZpbGVfaW1hZ2Vfc2hhcGVfZW5hYmxlZCI6eyJidWNrZXQiOiJvbiIsInZlcnNpb24iOm51bGx9LCJ0ZndfdmlkZW9faGxzX2R5bmFtaWNfbWFuaWZlc3RzXzE1MDgyIjp7ImJ1Y2tldCI6InRydWVfYml0cmF0ZSIsInZlcnNpb24iOm51bGx9LCJ0ZndfbGVnYWN5X3RpbWVsaW5lX3N1bnNldCI6eyJidWNrZXQiOnRydWUsInZlcnNpb24iOm51bGx9LCJ0ZndfdHdlZXRfZWRpdF9mcm9udGVuZCI6eyJidWNrZXQiOiJvbiIsInZlcnNpb24iOm51bGx9fQ%3D%3D&amp;frame=false&amp;hideCard=false&amp;hideThread=false&amp;id=1929211001028927509&amp;lang=cs&amp;origin=https%3A%2F%2Funcutnews.ch%2Fder-kreml-bereitet-sich-auf-einen-totalen-konflikt-mit-der-nato-vor-laut-institute-for-the-study-of-war%2F&amp;sessionId=1c529541adb90f65ba41c1cb5c1b2fb1b84cb6b5&amp;theme=light&amp;widgetsVersion=2615f7e52b7e0%3A1702314776716&amp;width=550px\" frameborder=\"0\" scrolling=\"no\" allowfullscreen=\"allowfullscreen\" data-tweet-id=\"1929211001028927509\" data-mce-fragment=\"1\"><\/iframe><\/div>\n<p>Je pravd\u011bpodobn\u00e9, \u017ee Kyjev se brzy znovu ocitne pod masivn\u00edm ost\u0159elov\u00e1n\u00edm \u2013 stejn\u011b jako m\u00edsta jako Od\u011bsa, kter\u00e1 byla dosud z velk\u00e9 \u010d\u00e1sti u\u0161et\u0159ena rozs\u00e1hl\u00e9ho ni\u010den\u00ed.<\/p>\n<p>Rusko pravd\u011bpodobn\u011b v\u00fdrazn\u011b zintenzivn\u00ed sv\u00e9 \u00fatoky na ukrajinsk\u00e1 \u201evelitelsk\u00e1 centra\u201c \u2013 v\u010detn\u011b t\u011bch, o kter\u00fdch se p\u0159edpokl\u00e1d\u00e1, \u017ee v nich s\u00eddl\u00ed zahrani\u010dn\u00ed poradci a d\u016fstojn\u00edci.<\/p>\n<p>Kl\u00ed\u010dovou ot\u00e1zkou pro Kreml bude, zda se na ned\u011bln\u00edch \u00fatoc\u00edch, kter\u00e9 zni\u010dily n\u011bkolik rusk\u00fdch bombard\u00e9r\u016f dlouh\u00e9ho doletu, pod\u00edlely z\u00e1padn\u00ed zpravodajsk\u00e9 slu\u017eby.<\/p>\n<p>A vyvst\u00e1v\u00e1 dal\u0161\u00ed ot\u00e1zka:\u00a0<strong>Uskute\u010dn\u00ed se za t\u011bchto okolnost\u00ed v\u016fbec m\u00edrov\u00e9 rozhovory pl\u00e1novan\u00e9 na pond\u011bl\u00ed v Istanbulu?<\/strong><\/p>\n<p>Nen\u00ed pochyb o tom, \u017ee Putin v sou\u010dasn\u00e9 dob\u011b p\u0159ipravuje masivn\u00ed a bolestiv\u00fd odvetn\u00fd \u00fader proti Ukrajin\u011b.<\/p>\n<\/div>\n<\/div>\n<div class=\"elementor-element elementor-element-8c57238 quelle dc-has-condition dc-condition-empty elementor-widget elementor-widget-heading\" data-id=\"8c57238\" data-element_type=\"widget\" data-widget_type=\"heading.default\">\n<div class=\"elementor-widget-container\">\n<h3 class=\"elementor-heading-title elementor-size-default\"><span style=\"font-size: 10pt;\"><a href=\"https:\/\/www.zerohedge.com\/geopolitical\/kremlin-prepared-all-out-conflict-nato-institute-war\" target=\"_blank\" rel=\"nofollow noopener\">Zdroj<\/a><\/span><\/h3>\n<p>&nbsp;<\/p>\n<\/div>\n<\/div>\n","protected":false},"excerpt":{"rendered":"<p>Washingtonsk\u00fd think-tank\u00a0Institut pro studium v\u00e1lky (ISW)\u00a0zve\u0159ejnil anal\u00fdzu kr\u00e1tce p\u0159ed ned\u011bln\u00edm \u00fatokem ukrajinsk\u00e9ho dronu, kter\u00fd \u00fadajn\u011b&#8230;<\/p>\n","protected":false},"author":2,"featured_media":32867,"comment_status":"closed","ping_status":"closed","sticky":false,"template":"","format":"standard","meta":[],"categories":[7],"tags":[1065,39,3769,839,40],"_links":{"self":[{"href":"https:\/\/www.infokuryr.cz\/n\/wp-json\/wp\/v2\/posts\/80288"}],"collection":[{"href":"https:\/\/www.infokuryr.cz\/n\/wp-json\/wp\/v2\/posts"}],"about":[{"href":"https:\/\/www.infokuryr.cz\/n\/wp-json\/wp\/v2\/types\/post"}],"author":[{"embeddable":true,"href":"https:\/\/www.infokuryr.cz\/n\/wp-json\/wp\/v2\/users\/2"}],"replies":[{"embeddable":true,"href":"https:\/\/www.infokuryr.cz\/n\/wp-json\/wp\/v2\/comments?post=80288"}],"version-history":[{"count":0,"href":"https:\/\/www.infokuryr.cz\/n\/wp-json\/wp\/v2\/posts\/80288\/revisions"}],"wp:featuredmedia":[{"embeddable":true,"href":"https:\/\/www.infokuryr.cz\/n\/wp-json\/wp\/v2\/media\/32867"}],"wp:attachment":[{"href":"https:\/\/www.infokuryr.cz\/n\/wp-json\/wp\/v2\/media?parent=80288"}],"wp:term":[{"taxonomy":"category","embeddable":true,"href":"https:\/\/www.infokuryr.cz\/n\/wp-json\/wp\/v2\/categories?post=80288"},{"taxonomy":"post_tag","embeddable":true,"href":"https:\/\/www.infokuryr.cz\/n\/wp-json\/wp\/v2\/tags?post=80288"}],"curies":[{"name":"wp","href":"https:\/\/api.w.org\/{rel}","templated":true}]}}