{"id":8028,"date":"2022-02-04T02:45:56","date_gmt":"2022-02-04T01:45:56","guid":{"rendered":"http:\/\/www.infokuryr.cz\/n\/?p=8028"},"modified":"2022-02-04T02:45:56","modified_gmt":"2022-02-04T01:45:56","slug":"ostuda-caputove-jmeno-skutecneho-autora-protiruskeho-projevu-prezidentky-zpusobilo-skandal-v-sr","status":"publish","type":"post","link":"https:\/\/www.infokuryr.cz\/n\/2022\/02\/04\/ostuda-caputove-jmeno-skutecneho-autora-protiruskeho-projevu-prezidentky-zpusobilo-skandal-v-sr\/","title":{"rendered":"Ostuda \u010caputov\u00e9? Jm\u00e9no skute\u010dn\u00e9ho autora protirusk\u00e9ho projevu prezidentky zp\u016fsobilo skand\u00e1l v SR"},"content":{"rendered":"<div id=\"fb-root\"><\/div>\n<p><strong>Na Slovensku vypukl dal\u0161\u00ed politick\u00fd skand\u00e1l, kter\u00fd je nyn\u00ed bezprost\u0159edn\u011b spojen s prezidentkou Zuzanou \u010caputovou. Zjistilo se, \u017ee doty\u010dn\u00e1 sv\u016fj ned\u00e1vn\u00fd projev o krizi na rusko-ukrajinsk\u00e9 hranici nepsala sama. Ve vlastnostech zve\u0159ejn\u011bn\u00e9ho na internetu dokumentu toti\u017e bylo uvedeno jm\u00e9no proamericky nalad\u011bn\u00e9ho poslance Tom\u00e1\u0161e Val\u00e1\u0161ka.<\/strong><\/p>\n<p>P\u0159ed dv\u011bma dny prezidentka Slovensk\u00e9 republiky Zuzana \u010caputov\u00e1\u00a0p\u0159ednesla\u00a0projev v\u011bnovan\u00fd t\u00e9matu nap\u011bt\u00ed na hranici Ruska a Ukrajiny, kter\u00e9 bylo podle jejich slov zap\u0159\u00ed\u010din\u011bno shroma\u017e\u010fov\u00e1n\u00edm rusk\u00fdch vojsk pobl\u00ed\u017e rusko-ukrajinsk\u00e9 hranice. \u010caputov\u00e1 tak\u00e9 obvinila Rusko z napaden\u00ed Ukrajiny v roce 2014 a prohl\u00e1sila, \u017ee si Slovensko mus\u00ed d\u00e1vat pozor na mo\u017en\u00e9 d\u016fsledky aktivit Kremlu. Ve sv\u00e9m prohl\u00e1\u0161en\u00ed se slovensk\u00e1 prezidentka ztoto\u017enila s ofici\u00e1ln\u00edm stanoviskem Severoatlantick\u00e9 aliance a USA v tom, \u017ee NATO nem\u00e1 p\u0159istoupit na po\u017eadavky Ruska ohledn\u011b neroz\u0161\u00ed\u0159en\u00ed Aliance sm\u011brem k v\u00fdchodn\u00edm hranic\u00edm Rusk\u00e9 federace.<\/p>\n<p>Kancel\u00e1\u0159 prezidentky \u010caputov\u00e9 rozeslala text prohl\u00e1\u0161en\u00ed slovensk\u00fdm m\u00e9di\u00edm v podob\u011b souboru ve Wordu. N\u00e1sledn\u011b se zjistilo, \u017ee autorem dan\u00e9ho textov\u00e9ho dokumentu je slovensk\u00fd poslanec Tom\u00e1\u0161 Val\u00e1\u0161ek, co\u017e\u00a0vypl\u00fdv\u00e1\u00a0z vlastnost\u00ed souboru, kde bylo uvedeno jeho jm\u00e9no. Dal\u0161\u00ed zaj\u00edmavost\u00ed je pr\u00e1v\u011b to, \u017ee Tom\u00e1\u0161 Val\u00e1\u0161ek, kter\u00fd v minul\u00fdch letech p\u016fsobil jako velvyslanec Slovenska na St\u00e1l\u00e9 delegaci NATO v Bruselu, je v sou\u010dasn\u00e9 dob\u011b \u010dlenem liber\u00e1ln\u00ed strany Progresivn\u00ed Slovensko. Do N\u00e1rodn\u00ed rady Val\u00e1\u0161ek byl p\u0159itom zvolen za stranu Za Lidi, ze kter\u00e9 vloni vystoupil. Zuzana \u010caputov\u00e1 p\u0159ed t\u00edm, ne\u017e byla zvolena do prezidentsk\u00e9 funkce, zast\u00e1vala post m\u00edstop\u0159edsedkyn\u011b Progresivn\u00edho Slovenska, pozd\u011bji sv\u00e9 \u010dlenstv\u00ed ve stran\u011b zru\u0161ila s t\u00edm, aby mohla p\u016fsobit jako nadstranick\u00e1 hlava st\u00e1tu.<\/p>\n<p>Na toto kontroverzn\u00ed odhalen\u00ed reagovala prezidentsk\u00e1 kancel\u00e1\u0159 tvrzen\u00edm, \u017ee skute\u010dn\u00fdm autorem projevu nen\u00ed poslanec Val\u00e1\u0161ek, ale jeho man\u017eelka Jana Kobzov\u00e1, kter\u00e1 p\u016fsob\u00ed jako poradkyn\u011b prezidentky \u010caputov\u00e9. Skute\u010dnost, pro\u010d ve vlastnostech souboru bylo jm\u00e9no Val\u00e1\u0161ka, z\u00e1stupce \u010caputov\u00e9 vysv\u011btlili t\u00edm, \u017ee Kobzov\u00e1 a jej\u00ed man\u017eel Val\u00e1\u0161ek pou\u017e\u00edvaj\u00ed stejn\u00fd po\u010d\u00edta\u010d.<\/p>\n<p><strong>Sloven\u0161t\u00ed politici kritizuj\u00ed \u010caputovou<\/strong><\/p>\n<p>Jedn\u00edm z prvn\u00edch politick\u00fdch \u010dinitel\u016f, kter\u00fd zareagoval na zpr\u00e1vy slovensk\u00fdch m\u00e9di\u00ed o tom, \u017ee text projevu \u010caputov\u00e9 byl naps\u00e1n na po\u010d\u00edta\u010di poslance a \u010dlena Progresivn\u00edho Slovenska Tom\u00e1\u0161e Val\u00e1\u0161ka, se stal b\u00fdval\u00fd p\u0159edseda vl\u00e1dy a \u0161\u00e9f hnut\u00ed O\u013daNO Igor Matovi\u010d. Sou\u010dasn\u00fd ministr financ\u00ed, kter\u00fd je p\u0159edsedou nejpo\u010detn\u011bj\u0161\u00ed strany v N\u00e1rodn\u00ed rad\u011b, na sv\u00e9m facebookov\u00e9m profilu dal jasn\u011b najevo, \u017ee pova\u017euje tento incident za ostudu ze strany slovensk\u00e9 prezidentky.<\/p>\n<p>\u201e\u201aNadstranick\u00e1 prezidentka\u2019. Stra\u0161n\u00e1 ostuda,\u201c napsal Matovi\u010d.<\/p>\n<p>M\u00edstop\u0159edseda opozi\u010dn\u00edho Sm\u011bru-SD\u00a0\u013dubo\u0161 Blaha\u00a0se ve sv\u00e9m n\u00e1zoru neomezoval a v\u011bnoval trapasu \u010caputov\u00e9 obs\u00e1hl\u00fd p\u0159\u00edsp\u011bvek, v n\u011bm\u017e zpochybnil schopnosti samotn\u00e9 slovensk\u00e9 prezidentky.<\/p>\n<p>\u201eZuzana \u010caputov\u00e1 nen\u00ed schopn\u00e1 ps\u00e1t vlastn\u00ed projevy. Tyhle jsou naps\u00e1ny na po\u010d\u00edta\u010di poslance Progresivn\u00edho Slovenska Tom\u00e1\u0161e Val\u00e1\u0161ka. Slovensko bre\u010d\u00ed. Sm\u00edchy\u2026 Dokazuje to, \u017ee m\u00e1 na n\u00ed z\u00e1sadn\u00ed vliv jej\u00ed domovsk\u00e1 neoliber\u00e1ln\u00ed strana\u2026 Dokazuje to tak\u00e9 to, \u017ee krom\u011b americk\u00e9 ambas\u00e1dy ji kl\u00ed\u010dov\u00fdm zp\u016fsobem ovliv\u0148uje poslanec Val\u00e1\u0161ek, kter\u00fd v minulosti p\u016fsobil jako velvyslanec p\u0159i NATO a pat\u0159il k nejv\u011bt\u0161\u00edm slovensk\u00fdm militarist\u016fm. D\u0159\u00edve dokonce p\u016fsobil v americk\u00e9 mimovl\u00e1dn\u00ed organizaci Carnegie, kter\u00e1 je zn\u00e1m\u00e1 propojen\u00edm s americkou administrativou,\u201c tvrd\u00ed Blaha.<\/p>\n<p>Odhalen\u00ed skute\u010dnosti, \u017ee autorem projev\u016f \u010caputov\u00e9 m\u016f\u017ee b\u00fdt proamericky nalad\u011bn\u00fd poslanec, prozrazuje, pro\u010d \u010caputov\u00e1 k\u00fdvla na\u00a0obrannou dohodu s USA, \u0159\u00edk\u00e1 \u0161\u00e9f hnut\u00ed Republika Milan Uhr\u00edk. Ten dokonce slovenskou prezidentku ozna\u010dil za americkou loutku.<\/p>\n<p>\u201eTak\u017ee prezidentce p\u00ed\u0161e projevy a noty Progresivn\u00ed Slovensko. Dosud jsme mysleli, \u017ee to je\u00a0pr\u00e1ce americk\u00e9 ambas\u00e1dy\u2026 Ale v podstat\u011b to je to to sam\u00e9\u2026 Te\u010f je u\u017e \u00fapln\u011b jasn\u00e9, pro\u010d tak horliv\u011b obhajuje dohodu o z\u0159\u00edzen\u00ed americk\u00fdch z\u00e1kladen na Slovensku,\u201c domn\u00edv\u00e1 se opozi\u010dn\u00ed politik.<\/p>\n<p><a href=\"https:\/\/cz.sputniknews.com\/20220203\/ostuda-caputove-jmeno-skutecneho-autora-protiruskeho-projevu-prezidentky-zpusobilo-skandal-v-sr-17461243.html\">ZDROJ<\/a><\/p>\n<p>&nbsp;<\/p>\n","protected":false},"excerpt":{"rendered":"<p>Na Slovensku vypukl dal\u0161\u00ed politick\u00fd skand\u00e1l, kter\u00fd je nyn\u00ed bezprost\u0159edn\u011b spojen s prezidentkou Zuzanou \u010caputovou&#8230;.<\/p>\n","protected":false},"author":2,"featured_media":7474,"comment_status":"closed","ping_status":"closed","sticky":false,"template":"","format":"standard","meta":[],"categories":[7],"tags":[1691,710,1009,203],"_links":{"self":[{"href":"https:\/\/www.infokuryr.cz\/n\/wp-json\/wp\/v2\/posts\/8028"}],"collection":[{"href":"https:\/\/www.infokuryr.cz\/n\/wp-json\/wp\/v2\/posts"}],"about":[{"href":"https:\/\/www.infokuryr.cz\/n\/wp-json\/wp\/v2\/types\/post"}],"author":[{"embeddable":true,"href":"https:\/\/www.infokuryr.cz\/n\/wp-json\/wp\/v2\/users\/2"}],"replies":[{"embeddable":true,"href":"https:\/\/www.infokuryr.cz\/n\/wp-json\/wp\/v2\/comments?post=8028"}],"version-history":[{"count":0,"href":"https:\/\/www.infokuryr.cz\/n\/wp-json\/wp\/v2\/posts\/8028\/revisions"}],"wp:featuredmedia":[{"embeddable":true,"href":"https:\/\/www.infokuryr.cz\/n\/wp-json\/wp\/v2\/media\/7474"}],"wp:attachment":[{"href":"https:\/\/www.infokuryr.cz\/n\/wp-json\/wp\/v2\/media?parent=8028"}],"wp:term":[{"taxonomy":"category","embeddable":true,"href":"https:\/\/www.infokuryr.cz\/n\/wp-json\/wp\/v2\/categories?post=8028"},{"taxonomy":"post_tag","embeddable":true,"href":"https:\/\/www.infokuryr.cz\/n\/wp-json\/wp\/v2\/tags?post=8028"}],"curies":[{"name":"wp","href":"https:\/\/api.w.org\/{rel}","templated":true}]}}