{"id":80272,"date":"2025-06-02T09:13:07","date_gmt":"2025-06-02T07:13:07","guid":{"rendered":"https:\/\/www.infokuryr.cz\/n\/?p=80272"},"modified":"2025-06-02T09:13:07","modified_gmt":"2025-06-02T07:13:07","slug":"eu-zrizuje-ministerstvo-pravdy-z-penez-danovych-poplatniku-sit-pro-overovani-faktu-obdrzela-57-milionu-eur","status":"publish","type":"post","link":"https:\/\/www.infokuryr.cz\/n\/2025\/06\/02\/eu-zrizuje-ministerstvo-pravdy-z-penez-danovych-poplatniku-sit-pro-overovani-faktu-obdrzela-57-milionu-eur\/","title":{"rendered":"EU z\u0159izuje \u201eministerstvo pravdy\u201c z pen\u011bz da\u0148ov\u00fdch poplatn\u00edk\u016f \u2013 s\u00ed\u0165 pro ov\u011b\u0159ov\u00e1n\u00ed fakt\u016f obdr\u017eela 5,7 milionu eur"},"content":{"rendered":"<div id=\"fb-root\"><\/div>\n<p><strong><span>Evropsk\u00e1 komise spou\u0161t\u00ed s\u00ed\u0165 s 5,69 miliony eur na financov\u00e1n\u00ed ov\u011b\u0159ov\u00e1n\u00ed fakt\u016f \u2013 ofici\u00e1ln\u011b na \u201eochranu demokracie\u201c, de facto na roz\u0161\u00ed\u0159en\u00ed cenzurn\u00ed infrastruktury<\/span><\/strong><\/p>\n<p><a href=\"https:\/\/enlargement.ec.europa.eu\/news\/commission-launches-eu5-million-call-strengthen-european-fact-checking-network-2025-05-27_en\" target=\"_blank\" rel=\"noreferrer noopener\" data-type=\"link\" data-id=\"https:\/\/enlargement.ec.europa.eu\/news\/commission-launches-eu5-million-call-strengthen-european-fact-checking-network-2025-05-27_en\"><span>Projekt EU na ov\u011b\u0159ov\u00e1n\u00ed fakt\u016f<\/span><\/a><span>\u00a0financovan\u00fd \u010d\u00e1stkou p\u0159es 5 milion\u016f eur\u00a0je prezentov\u00e1n jako n\u00e1stroj na obranu demokracie \u2013 ve skute\u010dnosti je v\u0161ak jako sametov\u00e1 rukavice pro \u017eeleznou p\u011bst evropsk\u00e9 spr\u00e1vy obsahu.<\/span><\/p>\n<p><span>Evropsk\u00e1 komise spustila iniciativu prezentovanou jako podp\u016frn\u00fd program pro ov\u011b\u0159ovatele fakt\u016f. Pod povrchem se v\u0161ak skr\u00fdv\u00e1 strategicky pl\u00e1novan\u00fd krok k dal\u0161\u00ed institucionalizaci st\u00e1tem podporovan\u00e9 cenzury v r\u00e1mci Evropsk\u00e9 unie.<\/span><\/p>\n<p><span>Tato v\u00fdzva k p\u0159edkl\u00e1d\u00e1n\u00ed n\u00e1vrh\u016f projekt\u016f je propagov\u00e1na s c\u00edlem chr\u00e1nit demokracii a bojovat proti dezinformac\u00edm. Jeho struktura, c\u00edle a institucion\u00e1ln\u00ed zakotven\u00ed v\u0161ak nazna\u010duj\u00ed opak: centr\u00e1ln\u011b \u0159\u00edzen\u00fd apar\u00e1t pro vynucov\u00e1n\u00ed ofici\u00e1ln\u00edch narativ\u016f \u2013 financovan\u00fd z ve\u0159ejn\u00fdch prost\u0159edk\u016f.<\/span><\/p>\n<p><span>Projekt pob\u011b\u017e\u00ed do 2. z\u00e1\u0159\u00ed 2025 a je zam\u011b\u0159en nejen na organizace z \u010dlensk\u00fdch st\u00e1t\u016f EU, ale tak\u00e9 v\u00fdslovn\u011b na kandid\u00e1tsk\u00e9 zem\u011b, jako je Ukrajina a Moldavsko \u2013 zem\u011b, kter\u00e9 EU pova\u017euje za obzvl\u00e1\u0161t\u011b zraniteln\u00e9 v\u016f\u010di \u201ezahrani\u010dn\u00edmu vlivu\u201c, zejm\u00e9na prokremelsk\u00fdm dezinformac\u00edm.<\/span><\/p>\n<p><span>Toto strategick\u00e9 r\u00e1mov\u00e1n\u00ed slou\u017e\u00ed dv\u011bma \u00fa\u010del\u016fm: zaprv\u00e9 legitimizuje zv\u00fd\u0161en\u00fd dohled nad obsahem a zadruh\u00e9 zaji\u0161\u0165uje kontrolu nad narativn\u00edm obsahem v geopoliticky citliv\u00fdch regionech.<\/span><\/p>\n<p><span>Hlavn\u00ed c\u00edle programu \u2013 ochrana ov\u011b\u0159ovatel\u016f fakt\u016f p\u0159ed \u00fadajn\u00fdm \u201eobt\u011b\u017eov\u00e1n\u00edm\u201c, vytvo\u0159en\u00ed centr\u00e1ln\u00edho \u00falo\u017ei\u0161t\u011b pro ov\u011b\u0159ov\u00e1n\u00ed fakt\u016f a budov\u00e1n\u00ed \u201ereak\u010dn\u00edch kapacit\u201c pro krizov\u00e9 situace \u2013 se na prvn\u00ed pohled zdaj\u00ed ne\u0161kodn\u00e9. Ale krom\u011b eufemistick\u00e9ho jazyka se objevuje pl\u00e1n celokontinent\u00e1ln\u00edho syst\u00e9mu kontroly obsahu.<\/span><\/p>\n<p><span>Navrhovan\u00fd \u201esyst\u00e9m ochrany\u201c nab\u00edz\u00ed pr\u00e1vn\u00ed a technickou pomoc ov\u011b\u0159ovatel\u016fm fakt\u016f \u2013 ale p\u0159edev\u0161\u00edm posiluje narativ, \u017ee jak\u00e1koli kritika t\u011bchto organizac\u00ed by nem\u011bla b\u00fdt vn\u00edm\u00e1na jako legitimn\u00ed vyj\u00e1d\u0159en\u00ed n\u00e1zoru, ale jako ur\u00e1\u017eliv\u00fd \u00fatok.<\/span><\/p>\n<p><span>Pl\u00e1novan\u00e9 centr\u00e1ln\u00ed \u201e\u00falo\u017ei\u0161t\u011b pro ov\u011b\u0159ov\u00e1n\u00ed fakt\u016f\u201c slou\u017e\u00ed k tomu, aby se identifikovalo to, co m\u00e1 b\u00fdt pova\u017eov\u00e1no za \u201epravdu\u201c. Zam\u00fd\u0161len\u00e1 \u201enouzov\u00e1 funkce\u201c zase umo\u017e\u0148uje Komisi rychle zas\u00e1hnout proti nesouhlasn\u00fdm informac\u00edm v politicky v\u00fdbu\u0161n\u00fdch situac\u00edch \u2013 pod z\u00e1minkou \u201ereakce na krizi\u201c.<\/span><\/p>\n<p><span>Obzvl\u00e1\u0161t\u011b p\u0159\u00edzna\u010dn\u00e9 je, \u017ee z\u00fa\u010dastn\u011bn\u00e9 organizace mus\u00ed b\u00fdt certifikov\u00e1ny bu\u010f Evropskou s\u00edt\u00ed pro standardy ov\u011b\u0159ov\u00e1n\u00ed fakt\u016f (EFCSN), nebo Mezin\u00e1rodn\u00ed s\u00edt\u00ed pro ov\u011b\u0159ov\u00e1n\u00ed fakt\u016f (IFCN). Mnoho z t\u011bchto certifikovan\u00fdch subjekt\u016f \u2013 v\u010detn\u011b AFP a Full Fact \u2013 ji\u017e \u00fazce spolupracuje se soci\u00e1ln\u00edmi s\u00edt\u011bmi, jako je Meta, v r\u00e1mci extern\u00edch modera\u010dn\u00edch program\u016f.<\/span><\/p>\n<p><span>To znamen\u00e1, \u017ee Evropsk\u00e1 komise vyu\u017e\u00edv\u00e1 ve\u0159ejn\u00e9 prost\u0159edky k budov\u00e1n\u00ed privilegovan\u00e9 t\u0159\u00eddy informa\u010dn\u00edch str\u00e1\u017ec\u016f, kte\u0159\u00ed jsou ji\u017e propojeni s cenzurn\u00edmi mechanismy velk\u00fdch korporac\u00ed \u2013 a z\u00e1rove\u0148 jim d\u00e1v\u00e1 st\u00e1tn\u00ed legitimitu a financov\u00e1n\u00ed.<\/span><\/p>\n<p><span>Alespo\u0148 60 % finan\u010dn\u00edch prost\u0159edk\u016f m\u00e1 b\u00fdt p\u0159id\u011bleno t\u0159et\u00edm stran\u00e1m, p\u0159i\u010dem\u017e podm\u00ednkou je spolufinancov\u00e1n\u00ed ze strany p\u0159\u00edjemc\u016f \u2013 dal\u0161\u00ed krok k ukotven\u00ed t\u011bchto struktur v evropsk\u00e9m informa\u010dn\u00edm prostoru.<\/span><\/p>\n<p><span>Komise tuto iniciativu popisuje jako sou\u010d\u00e1st sv\u00e9ho tzv. \u201eEvropsk\u00e9ho \u0161t\u00edtu demokracie\u201c \u2013 term\u00ednu, kter\u00fd se v praxi ukazuje jako r\u00e9torick\u00e1 z\u00e1minka k omezov\u00e1n\u00ed svobody projevu.<\/span><\/p>\n<p><span>T\u00e9m\u011b\u0159 ka\u017ed\u00e1 politick\u00e1 slo\u017eka tohoto projektu se t\u00fdk\u00e1 \u0159e\u0161en\u00ed takzvan\u00fdch \u201edezinformac\u00ed\u201c. Nen\u00ed v\u0161ak uvedena \u017e\u00e1dn\u00e1 p\u0159esn\u00e1 ani objektivn\u00ed definice tohoto pojmu \u2013 co\u017e Komisi d\u00e1v\u00e1 maxim\u00e1ln\u00ed flexibilitu p\u0159i potla\u010dov\u00e1n\u00ed ne\u017e\u00e1douc\u00edch prohl\u00e1\u0161en\u00ed.<\/span><\/p>\n<p><span>Tato z\u00e1m\u011brn\u00e1 v\u00e1gnost dl\u00e1\u017ed\u00ed cestu n\u00e1stroji, kter\u00fd lze nam\u00ed\u0159it proti \u0161irok\u00e9mu spektru kritick\u00fdch hlas\u016f \u2013 bez demokratick\u00e9 kontroly a s po\u017eehn\u00e1n\u00edm byrokracie EU.<\/span><\/p>\n<p><img decoding=\"async\" loading=\"lazy\" class=\"alignnone size-full wp-image-1185\" src=\"http:\/\/www.infokuryr.cz\/n\/wp-content\/uploads\/2021\/04\/kuryr-podpis.png\" alt=\"\" width=\"84\" height=\"24\" \/><\/p>\n<p>&nbsp;<\/p>\n","protected":false},"excerpt":{"rendered":"<p>Evropsk\u00e1 komise spou\u0161t\u00ed s\u00ed\u0165 s 5,69 miliony eur na financov\u00e1n\u00ed ov\u011b\u0159ov\u00e1n\u00ed fakt\u016f \u2013 ofici\u00e1ln\u011b na&#8230;<\/p>\n","protected":false},"author":2,"featured_media":30481,"comment_status":"closed","ping_status":"closed","sticky":false,"template":"","format":"standard","meta":[],"categories":[7],"tags":[63,41,1697,48],"_links":{"self":[{"href":"https:\/\/www.infokuryr.cz\/n\/wp-json\/wp\/v2\/posts\/80272"}],"collection":[{"href":"https:\/\/www.infokuryr.cz\/n\/wp-json\/wp\/v2\/posts"}],"about":[{"href":"https:\/\/www.infokuryr.cz\/n\/wp-json\/wp\/v2\/types\/post"}],"author":[{"embeddable":true,"href":"https:\/\/www.infokuryr.cz\/n\/wp-json\/wp\/v2\/users\/2"}],"replies":[{"embeddable":true,"href":"https:\/\/www.infokuryr.cz\/n\/wp-json\/wp\/v2\/comments?post=80272"}],"version-history":[{"count":0,"href":"https:\/\/www.infokuryr.cz\/n\/wp-json\/wp\/v2\/posts\/80272\/revisions"}],"wp:featuredmedia":[{"embeddable":true,"href":"https:\/\/www.infokuryr.cz\/n\/wp-json\/wp\/v2\/media\/30481"}],"wp:attachment":[{"href":"https:\/\/www.infokuryr.cz\/n\/wp-json\/wp\/v2\/media?parent=80272"}],"wp:term":[{"taxonomy":"category","embeddable":true,"href":"https:\/\/www.infokuryr.cz\/n\/wp-json\/wp\/v2\/categories?post=80272"},{"taxonomy":"post_tag","embeddable":true,"href":"https:\/\/www.infokuryr.cz\/n\/wp-json\/wp\/v2\/tags?post=80272"}],"curies":[{"name":"wp","href":"https:\/\/api.w.org\/{rel}","templated":true}]}}