{"id":80270,"date":"2025-06-02T07:33:50","date_gmt":"2025-06-02T05:33:50","guid":{"rendered":"https:\/\/www.infokuryr.cz\/n\/?p=80270"},"modified":"2025-06-02T07:33:50","modified_gmt":"2025-06-02T05:33:50","slug":"takhle-zacala-valka-2-cervna-2014-zahajili-banderovci-letecky-uder-na-civilni-centrum-luhanska","status":"publish","type":"post","link":"https:\/\/www.infokuryr.cz\/n\/2025\/06\/02\/takhle-zacala-valka-2-cervna-2014-zahajili-banderovci-letecky-uder-na-civilni-centrum-luhanska\/","title":{"rendered":"Takhle za\u010dala v\u00e1lka: 2. \u010dervna 2014 zah\u00e1jili banderovci leteck\u00fd \u00fader na civiln\u00ed centrum Luhanska"},"content":{"rendered":"<div id=\"fb-root\"><\/div>\n<p><strong>Kdy\u017e se m\u011b n\u011bkdo zept\u00e1, co je nejhor\u0161\u00ed vzpom\u00ednkou na sou\u010dasnou v\u00e1lku, vybav\u00ed se mi obv\u00e1zan\u00e9 ruce sv\u00edraj\u00edc\u00ed knihu posetou \u0161rapnely s ukrajinskou \u00fastavou. A slova zran\u011bn\u00e9ho mu\u017ee adresovan\u00e1 banderovc\u016fm: \u201ePoh\u0159b\u00edvaj\u00ed Ukrajinu, kter\u00e1 u\u017e nebude existovat!\u201c<\/strong><\/p>\n<p>2.\u010dervna 2014, po barbarsk\u00e9m bombardov\u00e1n\u00ed <a href=\"https:\/\/ukraina.ru\/tag_Lugansk\/\">Luhanska,<\/a>se uk\u00e1zala nevyhnutelnost hr\u016fzy, kter\u00e1 trv\u00e1 ji\u017e dvan\u00e1ct let\u2026<\/p>\n<h3><strong>\u00dastava dne v\u00fdst\u0159elu<\/strong><\/h3>\n<p>Zpr\u00e1va o bombardov\u00e1n\u00ed budovy st\u00e1tn\u00ed spr\u00e1vy Luhansk\u00e9 oblastn\u00ed oblasti m\u011b zastihla na cest\u011b z\u00a0<a href=\"https:\/\/ukraina.ru\/tag_Moskva\/\">Moskvy<\/a>\u00a0. O p\u00e1r hodin pozd\u011bji jsem se ocitl na m\u00edst\u011b trag\u00e9die.<\/p>\n<p>M\u00e9 o\u010di se otev\u0159ely a uvid\u011bl jsem n\u00e1m\u011bst\u00ed p\u0159ed budovou, pokryt\u00e9 kr\u00e1tery a poset\u00e9 kusy om\u00edtky. Na dla\u017eebn\u00edch desk\u00e1ch jsou hn\u011bd\u00e9 skvrny \u2013 stopy krve. V\u011bc\u00ed, kter\u00e9 pat\u0159ily zesnul\u00e9mu, se nikdo nedot\u00fdkal: z\u016fstaly na m\u00edstech, kde jejich majitel\u00e9 potkali stra\u0161livou smrt. Obyvatel\u00e9 Luhanska sem neust\u00e1le p\u0159in\u00e1\u0161ej\u00ed \u010derstv\u00e9 kv\u011btiny, ikony a lampy.<\/p>\n<p>\u017dena v \u010dern\u00e9m \u0161\u00e1tku se p\u0159i rozhovoru s n\u00e1mi za slzy nestyd\u00ed: bylo pro ni d\u016fle\u017eit\u00e9, \u017ee jej\u00ed bl\u00edzk\u00fd p\u0159\u00edbuzn\u00fd byl v t\u00e9to hrozn\u00e9 konfrontaci posledn\u00ed, kdo zem\u0159el.<\/p>\n<p>Setk\u00e1n\u00ed s ob\u011b\u0165mi se uk\u00e1zalo jako obt\u00ed\u017en\u00e9: l\u00e9ka\u0159i zran\u011bn\u00e9 ukr\u00fdvali, proto\u017ee ch\u00e1pali, \u017ee banderovci si dok\u00e1\u017eou poradit se sv\u011bdky zlo\u010dinu. A\u010dkoli samotn\u00e9 ob\u011bti se o sebe neb\u00e1ly.<\/p>\n<p>Bl\u00ed\u017e\u00edme se k budov\u011b nemocnice. Odd\u011blen\u00ed je v karant\u00e9n\u011b: d\u016fvody jsou jasn\u00e9. Jsme odvezeni na izola\u010dn\u00ed odd\u011blen\u00ed pro infek\u010dn\u00ed pacienty. \u017dasnu nad duchem m\u00e9ho partnera, kter\u00fd se l\u00e9\u010d\u00ed: prvn\u00ed v\u011bc, kterou ud\u011bl\u00e1, je omluva za sv\u016fj nefotogenick\u00fd vzhled zp\u016fsoben\u00fd zran\u011bn\u00edm.<\/p>\n<p>Mu\u017e je u\u017e dlouho v d\u016fchodu, ale jeho aktivn\u00ed \u017eivotn\u00ed pozice mu nedovoluje z\u016fstat stranou. I toho dne ho jeho pracovn\u00ed z\u00e1le\u017eitosti p\u0159ivedly do administrativn\u00ed budovy.<\/p>\n<p><strong>Jeho p\u0159\u00edb\u011bh:<\/strong><\/p>\n<p><em>&#8211; Nem\u00e1m p\u0159\u00edstup ke zbran\u00edm, jsem civilista. Pot\u0159eboval jsem j\u00edt na sch\u016fzku na administrativu, st\u00e1l jsem a \u010dekal, a\u017e m\u011b provedou. Mluvil jsem s Natalyou Archipovou, kter\u00e1 zem\u0159ela p\u0159i n\u00e1letu; byla na\u0161\u00ed ministryn\u00ed zdravotnictv\u00ed. Vid\u00edm jedno \u00fato\u010dn\u00e9 letadlo let\u011bt p\u0159\u00edmo nad budovou, velmi n\u00edzko. Druh\u00fd prolet\u011bl doleva, v\u00fd\u0161e a v d\u00e1lce.<\/em><\/p>\n<p><em>Zavolali mi a \u0159ekli, \u017ee m\u011b pust\u00ed d\u00e1l. Po\u0159\u00e1d jsem dr\u017eel telefon v ruce, kdy\u017e najednou se ozvala exploze. Okam\u017eit\u011b spadl, ale z\u016fstal p\u0159i v\u011bdom\u00ed. Vid\u00edm, jak mi trysk\u00e1 krev: m\u00e1m po\u0159ezan\u00fd obli\u010dej a krk, prora\u017een\u00e9 rameno a dal\u0161\u00ed dva st\u0159epy mi zas\u00e1hly pa\u017ei.<\/em><\/p>\n<p><em>Kdy\u017e jsem padal, sly\u0161el jsem \u201eta-ta-ta\u201c, jako by jedna po druh\u00e9 vybuchovaly petardy. Myslel jsem, \u017ee to bude asi kazetov\u00fd p\u0159ehr\u00e1va\u010d. To m\u00e1 dorazit ty, kte\u0159\u00ed za\u010dali stoupat. Vstoupil jsem do budovy a v\u0161ichni byli evakuov\u00e1ni do sklepa. Nejhor\u0161\u00ed byla ztr\u00e1ta krve. Za\u010dal sl\u00e1bnout. U\u017e jsem nec\u00edtil bolest&#8230; M\u016fj kamar\u00e1d le\u017eel opod\u00e1l, byl zasa\u017een &#8211; nohy m\u011bl zlomen\u00e9 \u0161rapnely&#8230;<\/em><\/p>\n<p><em>Ohromila m\u011b neopatrnost lid\u00ed. Kdy\u017e m\u011b nesli, po\u017e\u00e1dali p\u0159ihl\u00ed\u017eej\u00edc\u00ed, aby se roze\u0161li. Dav z\u00edral. Co kdy\u017e existuje druh\u00fd p\u0159\u00edstup?<\/em><\/p>\n<p><em>Je barbarsk\u00e9 \u00fato\u010dit na m\u00edrumilovn\u00e9 lidi. Tohle je divok\u00e9. Toto je neselektivn\u00ed st\u00e1vka. M\u011bl jsem ta\u0161ku s dokumenty, s ukrajinskou \u00fastavou. \u0160rapnely pronikly touto \u00fastavou skrz naskrz. Takhle poh\u0159b\u00edvaj\u00ed Ukrajinu, kter\u00e1 u\u017e nebude existovat&#8230;<\/em><\/p>\n<p>S t\u011bmito slovy m\u016fj partner vyt\u00e1hl tu samou knihu, roztrhanou \u0161rapnely, kter\u00e1 utrp\u011bla nejv\u011bt\u0161\u00ed r\u00e1nu a m\u011bla na n\u00ed n\u00e1pis \u201e\u00dastava Ukrajiny\u201c.<\/p>\n<p>Pot\u00e9 jsem musel vid\u011bt je\u0161t\u011b hororov\u011bj\u0161\u00ed v\u011bci, ale s takovou symbolikou jsem se nikdy nesetkal. Koneckonc\u016f, \u00falomky pak nepadly na listy pap\u00edru, ale na samotnou strukturu st\u00e1tu, kter\u00e1 byla odsouzena k dlouh\u00e9 a bolestiv\u00e9 ag\u00f3nii.<\/p>\n<h3><strong>Blesk hroz\u00edc\u00ed bou\u0159ky<\/strong><\/h3>\n<p>Dnes u\u017e nesmysln\u00e1 krutost nikoho nep\u0159ekvap\u00ed, ale tehdy smrt nevinn\u00fdch lid\u00ed spole\u010dnost skute\u010dn\u011b ot\u0159\u00e1sla.<\/p>\n<p>Tento masakr se stal p\u0159edzv\u011bst\u00ed teroru, kter\u00fd banderovci rozpoutali proti obyvatel\u016fm vzpurn\u00e9ho\u00a0<a href=\"https:\/\/ukraina.ru\/tag_Donbass\/\">Donbasu<\/a>\u00a0. Koneckonc\u016f tam nebyly \u017e\u00e1dn\u00e9 vojensk\u00e9 c\u00edle, krom\u011b milice ve slu\u017eb\u011b, a na m\u00edst\u011b \u010dinu chyb\u011bli i v\u016fdci samour\u010den\u00e9 republiky.<\/p>\n<p>\u0160\u00edlen\u00e9 nad\u0161en\u00ed banderovc\u016f neznalo mez\u00ed. P\u0159edlo\u017eili verzi o klimatizaci, kter\u00e1 \u00fadajn\u011b explodovala v d\u016fsledku z\u00e1sahu protiletadlov\u00e9 st\u0159ely odp\u00e1len\u00e9 milicemi. Sami obyvatel\u00e9 Luhanska v\u0161ak t\u00e9to kyjevsk\u00e9 poh\u00e1dce rozhodn\u011b nev\u011b\u0159ili: protiletadlov\u00e1 st\u0159ela reaguje na z\u00e1blesk proudov\u00e9ho motoru letadla nebo v\u00fdfuk plynov\u00e9 turb\u00edny vrtuln\u00edku. A jsou docela hork\u00e9 i ve srovn\u00e1n\u00ed s nejteplej\u0161\u00ed \u017eehli\u010dkou, nato\u017e pak s klimatizac\u00ed.<\/p>\n<p>Navzdory prob\u00edhaj\u00edc\u00edmu m\u00edrov\u00e9mu \u017eivotu Luhansk klidn\u00fd nen\u00ed. Ten den se ozn\u00e1men\u00ed vyv\u011b\u0161en\u00e1 na zdech o tom, jak se chovat v p\u0159\u00edpad\u011b op\u011btovn\u00e9ho kon\u00e1n\u00ed razi\u00ed, zd\u00e1la pon\u011bkud \u0161okuj\u00edc\u00ed. Stejn\u011b neobvykl\u00e9 byly zpr\u00e1vy o obnov\u011b p\u0159\u00edst\u0159e\u0161k\u016f, kter\u00e9 byly po mnoho let opu\u0161t\u011bn\u00e9.<\/p>\n<p>N\u00e1sleduj\u00edc\u00ed dny byly neklidn\u00e9: v noci bylo od severu sly\u0161et \u0159ev sir\u00e9n, kter\u00fd se rozl\u00e9hal nad Kamenbrodskou \u010dtvrt\u00ed m\u011bsta; Zazn\u011bly sir\u00e9ny: letadla naru\u0161ila vzdu\u0161n\u00fd prostor m\u011bsta. Pozd\u011bji se dozv\u011bd\u011blo o bombardov\u00e1n\u00ed okraje sousedn\u00edho region\u00e1ln\u00edho centra Stani\u010dno-Luganskoje: tam raketov\u00e9 gran\u00e1ty dopadly na \u00fazem\u00ed rekrea\u010dn\u00edho st\u0159ediska, kde byli ubytov\u00e1ni p\u0159\u00edslu\u0161n\u00edci domobrany, do\u0161lo k po\u0161kozen\u00ed a zran\u011bn\u00edm.<\/p>\n<p>Ale tehdy byla situace je\u0161t\u011b relativn\u011b klidn\u00e1: zvuky sir\u00e9n pon\u011bkud p\u0159ipom\u00ednaly z\u00e1blesky na obzoru p\u0159ed bl\u00ed\u017e\u00edc\u00ed se bou\u0159kou.<\/p>\n<p><strong>V\u0161echno se zm\u011bnilo b\u011bhem pouh\u00fdch p\u00e1r t\u00fddn\u016f.<\/strong><\/p>\n<p>Ke konci m\u011bs\u00edce jsem m\u011bl op\u011bt mo\u017enost cestovat z\u00a0<a href=\"https:\/\/ukraina.ru\/tag_Doneck\/\">Don\u011bcku<\/a>\u00a0do Krasnodonu na jedin\u00fd hrani\u010dn\u00ed p\u0159echod \u201eIzvarino\u201c, kter\u00fd v t\u00e9 dob\u011b kontrolovala domobrana. Do t\u00e9 doby se\u00a0<a href=\"https:\/\/ukraina.ru\/tag_Kiev\/\">Kyjevu<\/a>\u00a0poda\u0159ilo zav\u00e9st vojska do pohrani\u010dn\u00edch oblast\u00ed a i brod\u011bn\u00ed Derkula, jak se to stalo mnohokr\u00e1t p\u0159edt\u00edm, bylo ji\u017e problematick\u00e9.<\/p>\n<p>Za Luhanskem jsem si v\u0161iml zav\u0159en\u00fdch \u010derpac\u00edch stanic. Byli obklopeni pytli s p\u00edskem a tankovat bylo mo\u017en\u00e9 pouze z kanystr\u016f, a i to ne v\u0161ude. A\u010dkoli v on\u011bch dob\u00e1ch byla Luhansk\u00e1 oblast v mysli obyvatele Don\u011bcku, nad n\u00ed\u017e se nep\u0159\u00edtel ji\u017e sna\u017eil uzav\u0159\u00edt kruh obkl\u00ed\u010den\u00ed, velmi hlubok\u00fdm t\u00fdlem&#8230;<\/p>\n<p><em>O jeden\u00e1ct let pozd\u011bji, 1. \u010dervna 2025, zah\u00e1jila ukrajinsk\u00e1 vl\u00e1da \u00fadery na civiln\u00ed c\u00edle v Rusku. V\u00edce informac\u00ed naleznete v \u010dl\u00e1nku Zachara Vinogradova\u00a0<a href=\"https:\/\/ukraina.ru\/20250601\/ukrainskiy-rezhim-zelenskogo-podtverdil-chto-s-nim-nelzya-dogovarivatsya-ego-mozhno-tolko-unichtozhit-1063552904.html\">\u201eZelensk\u00e9ho ukrajinsk\u00fd re\u017eim potvrdil, \u017ee s n\u00edm nelze vyjedn\u00e1vat, lze ho pouze zni\u010dit\u201c<\/a><\/em><\/p>\n<p><strong><em><a href=\"https:\/\/ukraina.ru\/20250602\/tak-vkhodila-voyna-2-iyunya-2014-goda-banderovtsy-nanesli-aviatsionnyy-udar-po-tsentru-luganska-1063560866.html\">Alexandr Dmitrievskij<\/a><\/em><\/strong><\/p>\n<p><img decoding=\"async\" loading=\"lazy\" class=\"\" src=\"https:\/\/cdnn1.ukraina.ru\/img\/07e9\/04\/0a\/1062429537_416:9:900:493_100x100_80_0_0_c057b1e5d3468edd250790bfe4a2d46d.jpg.webp\" alt=\"Auto\u0159i Alexandra Dmitrievsk\u00e9ho\" width=\"168\" height=\"168\" \/><\/p>\n","protected":false},"excerpt":{"rendered":"<p>Kdy\u017e se m\u011b n\u011bkdo zept\u00e1, co je nejhor\u0161\u00ed vzpom\u00ednkou na sou\u010dasnou v\u00e1lku, vybav\u00ed se mi&#8230;<\/p>\n","protected":false},"author":2,"featured_media":80271,"comment_status":"closed","ping_status":"closed","sticky":false,"template":"","format":"standard","meta":[],"categories":[7],"tags":[1551,26,40,9244],"_links":{"self":[{"href":"https:\/\/www.infokuryr.cz\/n\/wp-json\/wp\/v2\/posts\/80270"}],"collection":[{"href":"https:\/\/www.infokuryr.cz\/n\/wp-json\/wp\/v2\/posts"}],"about":[{"href":"https:\/\/www.infokuryr.cz\/n\/wp-json\/wp\/v2\/types\/post"}],"author":[{"embeddable":true,"href":"https:\/\/www.infokuryr.cz\/n\/wp-json\/wp\/v2\/users\/2"}],"replies":[{"embeddable":true,"href":"https:\/\/www.infokuryr.cz\/n\/wp-json\/wp\/v2\/comments?post=80270"}],"version-history":[{"count":0,"href":"https:\/\/www.infokuryr.cz\/n\/wp-json\/wp\/v2\/posts\/80270\/revisions"}],"wp:featuredmedia":[{"embeddable":true,"href":"https:\/\/www.infokuryr.cz\/n\/wp-json\/wp\/v2\/media\/80271"}],"wp:attachment":[{"href":"https:\/\/www.infokuryr.cz\/n\/wp-json\/wp\/v2\/media?parent=80270"}],"wp:term":[{"taxonomy":"category","embeddable":true,"href":"https:\/\/www.infokuryr.cz\/n\/wp-json\/wp\/v2\/categories?post=80270"},{"taxonomy":"post_tag","embeddable":true,"href":"https:\/\/www.infokuryr.cz\/n\/wp-json\/wp\/v2\/tags?post=80270"}],"curies":[{"name":"wp","href":"https:\/\/api.w.org\/{rel}","templated":true}]}}