{"id":8027,"date":"2022-02-04T02:41:01","date_gmt":"2022-02-04T01:41:01","guid":{"rendered":"http:\/\/www.infokuryr.cz\/n\/?p=8027"},"modified":"2022-02-04T02:41:01","modified_gmt":"2022-02-04T01:41:01","slug":"polsko-se-rozhodlo-prosazovat-trvalou-pritomnost-americkych-vojsk-na-svem-uzem","status":"publish","type":"post","link":"https:\/\/www.infokuryr.cz\/n\/2022\/02\/04\/polsko-se-rozhodlo-prosazovat-trvalou-pritomnost-americkych-vojsk-na-svem-uzem\/","title":{"rendered":"Polsko se rozhodlo prosazovat trvalou p\u0159\u00edtomnost americk\u00fdch vojsk na sv\u00e9m \u00fazem"},"content":{"rendered":"<div id=\"fb-root\"><\/div>\n<p><strong>Polsk\u00fd ministr zahrani\u010d\u00ed Zbigniew Rau bude prosazovat, aby ameri\u010dt\u00ed voj\u00e1ci vyslan\u00ed do zem\u011b z\u016fstali na jej\u00edm \u00fazem\u00ed trvale s rotac\u00ed, \u0159ekl n\u00e1m\u011bstek polsk\u00e9ho ministra zahrani\u010dn\u00edch v\u011bc\u00ed Marcin Przydacz.<\/strong><\/p>\n<p>Przydacz ji\u017e d\u0159\u00edve vyj\u00e1d\u0159il nad\u011bji, \u017ee dal\u0161\u00ed ameri\u010dt\u00ed voj\u00e1ci doraz\u00ed do Polska b\u011bhem n\u011bkolika t\u00fddn\u016f.<\/p>\n<p><strong><em>\u201ePol\u0161t\u00ed diplomat\u00e9 samoz\u0159ejm\u011b po\u010d\u00edtaj\u00ed s roz\u0161i\u0159ov\u00e1n\u00edm p\u0159\u00edtomnosti spojenc\u016f formou neust\u00e1l\u00e9 rotace. Sou\u010dasn\u00e1 bezpe\u010dnostn\u00ed situace znamen\u00e1, \u017ee nutnost pos\u00edlen\u00ed je st\u00e1le nal\u00e9hav\u011bj\u0161\u00ed, nutnost pos\u00edlen\u00ed t\u00e9to politiku zadr\u017eov\u00e1n\u00ed,\u201c\u00a0<\/em><\/strong>\u0159ekl\u00a0n\u00e1m\u011bstek polsk\u00e9ho ministra zahrani\u010d\u00ed agentu\u0159e Reuters.<\/p>\n<p>Mluv\u010d\u00ed Pentagonu John Kirby na st\u0159ede\u010dn\u00edm br\u00edfinku uvedl, \u017ee USA brzy po\u0161lou dal\u0161\u00ed voj\u00e1ky do Rumunska, Polska a N\u011bmecka. Zd\u016fraznil, \u017ee s\u00edly jsou vysl\u00e1ny do regionu \u201ene nav\u017edy\u201c, \u201eje to reakce na sou\u010dasnou situaci, oni (vyslan\u00ed voj\u00e1ci) nebudou bojovat na Ukrajin\u011b\u201c. Podle jeho slov je s\u00edla nutn\u00e1 k tomu, aby\u00a0<strong><em>\u201eposkytla podporu\u201c<\/em><\/strong>\u00a0spojenc\u016fm v regionu.<\/p>\n<p>Konkr\u00e9tn\u011b do Polska bude vysl\u00e1no 1,7 tis\u00edce americk\u00fdch voj\u00e1k\u016f.<\/p>\n<p>Pl\u00e1ny p\u0159ipisovan\u00e9 Rusku na eskalaci situace kolem Ukrajiny jsou v Moskv\u011b kategoricky odm\u00edt\u00e1ny a v Moskv\u011b opakovan\u011b prohla\u0161uj\u00ed, \u017ee nikoho neohro\u017euj\u00ed a v\u0161echna podobn\u00e1 prohl\u00e1\u0161en\u00ed jsou vyu\u017e\u00edv\u00e1na jako z\u00e1minka pro um\u00edst\u011bn\u00ed dal\u0161\u00ed\u00a0vojensk\u00e9 techniky NATO\u00a0pobl\u00ed\u017e rusk\u00fdch hranic. Podle prohl\u00e1\u0161en\u00ed Moskvy p\u0159esouv\u00e1 Rusko sv\u00e1 vojska na vlastn\u00edm \u00fazem\u00ed a podle vlastn\u00edho uv\u00e1\u017een\u00ed, co\u017e nikoho neohro\u017euje a nikoho to nemus\u00ed znepokojovat. Jak ji\u017e d\u0159\u00edve \u0159ekl rusk\u00fd ministr zahrani\u010dn\u00edch v\u011bc\u00ed Sergej Lavrov, Rusko nevytv\u00e1\u0159\u00ed \u017e\u00e1dn\u00e9 d\u016fvody pro konfliktn\u00ed situaci kolem Ukrajiny. Podle jeho slov\u00a0Rusko\u00a0nevylu\u010duje, \u017ee Z\u00e1padem vyvolan\u00e1 hysterie kolem Ukrajiny m\u00e1 za c\u00edl p\u0159ikr\u00fdt kyjevskou linii sabotov\u00e1n\u00ed minsk\u00fdch dohod o Donbasu. Informa\u010dn\u00ed hysterie USA a NATO ohledn\u011b Ukrajiny je podle tiskov\u00e9ho tajemn\u00edka prezidenta Rusk\u00e9 federace Dmitrije Peskova bohat\u011b or\u00e1mov\u00e1na l\u017eemi a fejky. V Rusk\u00e9 federaci uvedli, \u017ee Spojen\u00e9 st\u00e1ty a Z\u00e1pad hystericky rozv\u00edjej\u00ed t\u00e9ma ohro\u017een\u00ed a eskalace na Ukrajin\u011b.<\/p>\n<p><a href=\"https:\/\/cz.sputniknews.com\/20220203\/polsko-se-rozhodlo-prosazovat-trvalou-pritomnost-americkych-vojsk-na-svem-uzemi-17460098.html\">ZDROJ<\/a><\/p>\n<p>&nbsp;<\/p>\n<p>&nbsp;<\/p>\n","protected":false},"excerpt":{"rendered":"<p>Polsk\u00fd ministr zahrani\u010d\u00ed Zbigniew Rau bude prosazovat, aby ameri\u010dt\u00ed voj\u00e1ci vyslan\u00ed do zem\u011b z\u016fstali na&#8230;<\/p>\n","protected":false},"author":2,"featured_media":1765,"comment_status":"closed","ping_status":"closed","sticky":false,"template":"","format":"standard","meta":[],"categories":[7],"tags":[898,39,31,37,321],"_links":{"self":[{"href":"https:\/\/www.infokuryr.cz\/n\/wp-json\/wp\/v2\/posts\/8027"}],"collection":[{"href":"https:\/\/www.infokuryr.cz\/n\/wp-json\/wp\/v2\/posts"}],"about":[{"href":"https:\/\/www.infokuryr.cz\/n\/wp-json\/wp\/v2\/types\/post"}],"author":[{"embeddable":true,"href":"https:\/\/www.infokuryr.cz\/n\/wp-json\/wp\/v2\/users\/2"}],"replies":[{"embeddable":true,"href":"https:\/\/www.infokuryr.cz\/n\/wp-json\/wp\/v2\/comments?post=8027"}],"version-history":[{"count":0,"href":"https:\/\/www.infokuryr.cz\/n\/wp-json\/wp\/v2\/posts\/8027\/revisions"}],"wp:featuredmedia":[{"embeddable":true,"href":"https:\/\/www.infokuryr.cz\/n\/wp-json\/wp\/v2\/media\/1765"}],"wp:attachment":[{"href":"https:\/\/www.infokuryr.cz\/n\/wp-json\/wp\/v2\/media?parent=8027"}],"wp:term":[{"taxonomy":"category","embeddable":true,"href":"https:\/\/www.infokuryr.cz\/n\/wp-json\/wp\/v2\/categories?post=8027"},{"taxonomy":"post_tag","embeddable":true,"href":"https:\/\/www.infokuryr.cz\/n\/wp-json\/wp\/v2\/tags?post=8027"}],"curies":[{"name":"wp","href":"https:\/\/api.w.org\/{rel}","templated":true}]}}