{"id":8026,"date":"2022-02-04T02:38:07","date_gmt":"2022-02-04T01:38:07","guid":{"rendered":"http:\/\/www.infokuryr.cz\/n\/?p=8026"},"modified":"2022-02-04T02:38:07","modified_gmt":"2022-02-04T01:38:07","slug":"respekt-zatajil-klicovou-cast-rozhovoru-s-rakusanem-oblibenec-bakalovych-medii-pta-se-bobosikova","status":"publish","type":"post","link":"https:\/\/www.infokuryr.cz\/n\/2022\/02\/04\/respekt-zatajil-klicovou-cast-rozhovoru-s-rakusanem-oblibenec-bakalovych-medii-pta-se-bobosikova\/","title":{"rendered":"Respekt zatajil kl\u00ed\u010dovou \u010d\u00e1st rozhovoru s Raku\u0161anem. \u201eObl\u00edbenec Bakalov\u00fdch m\u00e9di\u00ed?\u201c pt\u00e1 se Bobo\u0161\u00edkov\u00e1"},"content":{"rendered":"<div id=\"fb-root\"><\/div>\n<p><strong>Mohl to b\u00fdt skv\u011bl\u00fd v\u00fdkon \u017eurnalistiky, ale nebyl. Novin\u00e1\u0159i t\u00fdden\u00edku Respekt vyt\u00e1hli z ministra vnitra a \u0161\u00e9fa STANu V\u00edta Raku\u0161ana ne\u010dekan\u00e9 p\u0159izn\u00e1n\u00ed. Jen\u017ee, jak upozornila moder\u00e1torka Jana Bobo\u0161\u00edkov\u00e1, hned p\u0159\u00ed\u0161t\u00ed r\u00e1no ho smazali \u2013 snad, aby zbyte\u010dn\u011b nekompromitovalo.<\/strong><\/p>\n<p>\u201eV\u00edte, kdo pat\u0159\u00ed v sou\u010dasn\u00e9 dob\u011b k nejv\u011bt\u0161\u00edm obl\u00edbenc\u016fm\u00a0<strong>Bakalov\u00fdch m\u00e9di\u00ed<\/strong>?\u201c zeptala se Bobo\u0161\u00edkov\u00e1 ve sv\u00e9m po\u0159adu a z\u00e1hy si sama odpov\u011bd\u011bla, \u201eje to vicepremi\u00e9r a ministr vnitra\u00a0V\u00edt Raku\u0161an, p\u0159edseda STAN, druh\u00e9 nejsiln\u011bj\u0161\u00ed vl\u00e1dn\u00ed strany\u201c.<\/p>\n<p>\u201eJemu nev\u00e1haj\u00ed n\u011bkte\u0159\u00ed \u201apresti\u017en\u00edmi\u2018 cenami ov\u011bn\u010den\u00ed novin\u00e1\u0159i upravovat v\u00fdroky, kter\u00e9 by ho mohly postavit do nep\u0159\u00edzniv\u00e9ho sv\u011btla,\u201c\u00a0m\u00edn\u00ed\u00a0Bobo\u0161\u00edkov\u00e1.<\/p>\n<p>Novin\u00e1\u0159ka upozor\u0148uje na odstavec rozhovoru, ve kter\u00e9m Raku\u0161an vysv\u011btluje pot\u00ed\u017ee, kter\u00e9 hnut\u00ed po volb\u00e1ch doprov\u00e1zej\u00ed. Raku\u0161an popisuje organiza\u010dn\u00ed t\u011b\u017ekosti, kter\u00e9 nastaly pot\u00e9, co se \u0161esti\u010dlenn\u00fd poslaneck\u00fd klub rozrostl na 33 poslance a p\u0159izn\u00e1v\u00e1 hor\u0161\u00ed komunikaci a \u0161patn\u00fd medi\u00e1ln\u00ed obraz.<\/p>\n<p>\u201eDo toho je\u0161t\u011b p\u0159i\u0161el i odjezd Honzy Farsk\u00e9ho, kter\u00fd p\u0159ed ve\u0159ejnost\u00ed tajil a my mu to schvalovali, a taky probl\u00e9m s firmou V\u011bslava Michal\u00edka, zve\u0159ejn\u011bn\u00fd telefon\u00e1t kolegy Petra Gazd\u00edka m\u00e9di\u00edm\u2026\u201c\u00a0\u0159\u00edk\u00e1\u00a0d\u00e1le v rozhovoru pro Respekt.<\/p>\n<p>Raku\u0161an, kter\u00fd d\u0159\u00edve Farsk\u00e9ho ozna\u010doval za sv\u00e9ho p\u0159\u00edtele i vzor, tud\u00ed\u017e p\u0159iznal, \u017ee Farsk\u00fd svou cestu nejen tajil, ale dostalo se mu i podpory uvnit\u0159 klubu.<\/p>\n<p>\u201eKdo by \u010dekal, \u017ee toto p\u0159izn\u00e1n\u00ed bude d\u011blat titulky ve v\u0161ech konkuren\u010dn\u00edch m\u00e9di\u00edch, \u017ee budou kolegov\u00e9 Jaroslavu Spurn\u00e9mu a Andree Proch\u00e1zkov\u00e9 gratulovat k tomu, \u017ee velmi nekonfliktn\u00edm, p\u0159\u00e1telsk\u00fdm stylem rozhovoru \u010din\u00edc\u00edm z Respektu tak\u0159ka provl\u00e1dn\u00ed m\u00e9dium, \u201avyt\u00e1hli\u2018 z V\u00edta Raku\u0161ana kompromituj\u00edc\u00ed p\u0159izn\u00e1n\u00ed, m\u00fdlil by se,\u201c uvedla Bobo\u0161\u00edkov\u00e1.<\/p>\n<p>Rozhovor byl toti\u017e p\u0159\u00ed\u0161t\u00ed r\u00e1no \u201eaktualizov\u00e1n\u201c a kontroverzn\u00ed v\u00fdrok \u2013 \u201ekter\u00fd p\u0159ed ve\u0159ejnost\u00ed tajil a my mu to schvalovali\u201c \u2013 zmizel. Jen\u017ee webov\u00fd arch\u00edv Wayback Machine si v\u0161e pamatuje a \u201enecenzurovan\u00e1\u201c verze je nad\u00e1le dostupn\u00e1.<\/p>\n<p>\u201eD\u0159\u00edve se tomu \u0159\u00edkalo bol\u0161evick\u00e1 cenzura. Dnes je to \u201asvobodn\u00e1 a nez\u00e1visl\u00e1\u2018 \u017eurnalistika,\u201c r\u00fdpnula si Bobo\u0161\u00edkov\u00e1 do novin\u00e1\u0159\u016f Respektu.<\/p>\n<p>Moder\u00e1torka se zamyslela i nad p\u0159\u00ed\u010dinami, kter\u00e9 k \u201eaktualizaci\u201c vedly: \u201eVolal do redakce Respektu op\u011bt\u00a0Petr Gazd\u00edk, kter\u00fd m\u00e1 s t\u00edmto postupem evidentn\u011b sv\u00e9 zku\u0161enosti, nebo se ozval s\u00e1m ministr vnitra?\u201c<\/p>\n<p>\u201eAnebo v redakci t\u00fdden\u00edk\u016f, kter\u00fd se chv\u00e1st\u00e1 svou nez\u00e1vislost\u00ed, funguje princip p\u0159edb\u011b\u017en\u00e9 opatrnosti a autocenzury? To u\u017e se zjevn\u011b nedozv\u00edme,\u201c uzav\u0159ela Bobo\u0161\u00edkov\u00e1.<\/p>\n<p>D\u0159\u00edve \u0161\u00e9fredaktor Seznam Zpr\u00e1v Ji\u0159\u00ed Kub\u00edk zve\u0159ejnil informaci, \u017ee mu telefonoval m\u00edstop\u0159edseda vl\u00e1dn\u00edho STAN, ministr \u0161kolstv\u00ed Petr Gazd\u00edk, kter\u00fd cht\u011bl ovlivnit zpravodajstv\u00ed serveru. Ministrovi se nel\u00edbilo, \u017ee Seznam Zpr\u00e1vy p\u0159inesly informaci, \u017ee jeden z d\u00e1rc\u016f STAN, je trestn\u011b st\u00edhan\u00fd, stejn\u011b jako jeho firma.<\/p>\n<p>\u201eJe vid\u011bt, \u017ee nejsme na stejn\u00e9 stran\u011b,\u201c pravil ministr. \u201eTo nejsme, pane minist\u0159e, a nikdy jsme nebyli,\u201c odv\u011btil Kub\u00edk.<\/p>\n<p>Bobo\u0161\u00edkov\u00e1 ale vy\u010d\u00edtala Kub\u00edkovi, \u017ee o kontroverzn\u00edm telefon\u00e1tu informoval a\u017e po 12 dnech.<\/p>\n<p><iframe loading=\"lazy\" title=\"Podl\u00fd V\u00edt Raku\u0161an. Tajil informace o Farsk\u00e9m. Cenzura ve prosp\u011bch STANu. Sorosem ocen\u011bn\u00e1! (De)spekt.\" width=\"640\" height=\"360\" src=\"https:\/\/www.youtube.com\/embed\/5oLSiGoCdMA?feature=oembed\" frameborder=\"0\" allow=\"accelerometer; autoplay; clipboard-write; encrypted-media; gyroscope; picture-in-picture\" allowfullscreen><\/iframe><\/p>\n<p><a href=\"https:\/\/cz.sputniknews.com\/20220203\/respekt-zatajil-klicovou-cast-rozhovoru-s-rakusanem-oblibenec-bakalovych-medii-pta-se-bobosikova-17454149.html\">ZDROJ<\/a><\/p>\n<p>&nbsp;<\/p>\n<p>&nbsp;<\/p>\n","protected":false},"excerpt":{"rendered":"<p>Mohl to b\u00fdt skv\u011bl\u00fd v\u00fdkon \u017eurnalistiky, ale nebyl. Novin\u00e1\u0159i t\u00fdden\u00edku Respekt vyt\u00e1hli z ministra vnitra&#8230;<\/p>\n","protected":false},"author":2,"featured_media":4032,"comment_status":"closed","ping_status":"closed","sticky":false,"template":"","format":"standard","meta":[],"categories":[6],"tags":[161,158,1829,1483],"_links":{"self":[{"href":"https:\/\/www.infokuryr.cz\/n\/wp-json\/wp\/v2\/posts\/8026"}],"collection":[{"href":"https:\/\/www.infokuryr.cz\/n\/wp-json\/wp\/v2\/posts"}],"about":[{"href":"https:\/\/www.infokuryr.cz\/n\/wp-json\/wp\/v2\/types\/post"}],"author":[{"embeddable":true,"href":"https:\/\/www.infokuryr.cz\/n\/wp-json\/wp\/v2\/users\/2"}],"replies":[{"embeddable":true,"href":"https:\/\/www.infokuryr.cz\/n\/wp-json\/wp\/v2\/comments?post=8026"}],"version-history":[{"count":0,"href":"https:\/\/www.infokuryr.cz\/n\/wp-json\/wp\/v2\/posts\/8026\/revisions"}],"wp:featuredmedia":[{"embeddable":true,"href":"https:\/\/www.infokuryr.cz\/n\/wp-json\/wp\/v2\/media\/4032"}],"wp:attachment":[{"href":"https:\/\/www.infokuryr.cz\/n\/wp-json\/wp\/v2\/media?parent=8026"}],"wp:term":[{"taxonomy":"category","embeddable":true,"href":"https:\/\/www.infokuryr.cz\/n\/wp-json\/wp\/v2\/categories?post=8026"},{"taxonomy":"post_tag","embeddable":true,"href":"https:\/\/www.infokuryr.cz\/n\/wp-json\/wp\/v2\/tags?post=8026"}],"curies":[{"name":"wp","href":"https:\/\/api.w.org\/{rel}","templated":true}]}}