{"id":80259,"date":"2025-06-02T05:42:47","date_gmt":"2025-06-02T03:42:47","guid":{"rendered":"https:\/\/www.infokuryr.cz\/n\/?p=80259"},"modified":"2025-06-02T05:42:47","modified_gmt":"2025-06-02T03:42:47","slug":"teroristicky-utok-na-proizraelske-demonstraci-v-usa-zranil-6-lidi","status":"publish","type":"post","link":"https:\/\/www.infokuryr.cz\/n\/2025\/06\/02\/teroristicky-utok-na-proizraelske-demonstraci-v-usa-zranil-6-lidi\/","title":{"rendered":"Teroristick\u00fd \u00fatok na proizraelsk\u00e9 demonstraci v USA zranil 6 lid\u00ed"},"content":{"rendered":"<div id=\"fb-root\"><\/div>\n<p class=\"lead\"><strong>\u0160est lid\u00ed bylo zran\u011bno p\u0159i teroristick\u00e9m \u00fatoku ve m\u011bst\u011b Boulder v americk\u00e9m st\u00e1t\u011b Colorado, uvedl mluv\u010d\u00ed FBI, zvl\u00e1\u0161tn\u00ed agent Mark McCulleck.<\/strong><\/p>\n<p><em>\u201eCelkem je \u0161est ob\u011bt\u00ed ve v\u011bku 67 a\u017e 88 let. V\u0161echny byly p\u0159evezeny do m\u00edstn\u00edch nemocnic. K tomuto \u00fatoku do\u0161lo b\u011bhem pl\u00e1novan\u00e9 t\u00fddenn\u00ed m\u00edrov\u00e9 akce,\u201c<span class=\"after-quote\">\u00a0\u2013 \u0159ekl novin\u00e1\u0159\u016fm.<\/span><\/em><\/p>\n<p><span>Podez\u0159el\u00fd b\u011bhem \u00fatoku pou\u017eil podom\u00e1cku vyrobenou ho\u0159lavinu a k\u0159i\u010del \u201esvobodu Palestin\u011b\u201c, uvedl mluv\u010d\u00ed FBI.<\/span><\/p>\n<p><em>\u201eFBI to vy\u0161et\u0159uje jako teroristick\u00fd \u010din,\u201c<span class=\"after-quote\">\u00a0\u201eDodal McCulleck.<\/span><\/em><\/p>\n<p><strong><span>Policejn\u00ed n\u00e1\u010deln\u00edk v Boulderu Stephen Redfern<\/span><\/strong><span>\u00a0d\u0159\u00edve\u00a0uvedl, \u017ee p\u0159i \u00fatoku bylo zran\u011bno n\u011bkolik lid\u00ed. Rozsah \u0161kod se pohyboval od \u201evelmi z\u00e1va\u017en\u00fdch a\u017e po minim\u00e1ln\u00ed,\u201c uvedl Redfern.<\/span><\/p>\n<p><span>Policejn\u00ed \u0161\u00e9f uvedl, \u017ee podez\u0159el\u00fd z \u00fatoku byl zat\u010den a identifikov\u00e1n jako dosp\u011bl\u00fd mu\u017e, kter\u00fd napadl skupinu demonstrant\u016f, kte\u0159\u00ed vy\u0161li do ulic na podporu Izraele.<\/span><\/p>\n<p><strong><span>\u0158editel FBI Cash Patel<\/span><\/strong><span>\u00a0d\u0159\u00edve\u00a0ozna\u010dil incident v Boulderu za \u201ec\u00edlen\u00fd teroristick\u00fd \u00fatok\u201c a sl\u00edbil, \u017ee poskytne podrobnosti o tom, co se stalo.<\/span><\/p>\n<p><img decoding=\"async\" loading=\"lazy\" class=\"alignnone size-full wp-image-1185\" src=\"http:\/\/www.infokuryr.cz\/n\/wp-content\/uploads\/2021\/04\/kuryr-podpis.png\" alt=\"\" width=\"84\" height=\"24\" \/><\/p>\n<p>&nbsp;<\/p>\n","protected":false},"excerpt":{"rendered":"<p>\u0160est lid\u00ed bylo zran\u011bno p\u0159i teroristick\u00e9m \u00fatoku ve m\u011bst\u011b Boulder v americk\u00e9m st\u00e1t\u011b Colorado, uvedl&#8230;<\/p>\n","protected":false},"author":2,"featured_media":80260,"comment_status":"closed","ping_status":"closed","sticky":false,"template":"","format":"standard","meta":[],"categories":[7],"tags":[3128,37,3320],"_links":{"self":[{"href":"https:\/\/www.infokuryr.cz\/n\/wp-json\/wp\/v2\/posts\/80259"}],"collection":[{"href":"https:\/\/www.infokuryr.cz\/n\/wp-json\/wp\/v2\/posts"}],"about":[{"href":"https:\/\/www.infokuryr.cz\/n\/wp-json\/wp\/v2\/types\/post"}],"author":[{"embeddable":true,"href":"https:\/\/www.infokuryr.cz\/n\/wp-json\/wp\/v2\/users\/2"}],"replies":[{"embeddable":true,"href":"https:\/\/www.infokuryr.cz\/n\/wp-json\/wp\/v2\/comments?post=80259"}],"version-history":[{"count":0,"href":"https:\/\/www.infokuryr.cz\/n\/wp-json\/wp\/v2\/posts\/80259\/revisions"}],"wp:featuredmedia":[{"embeddable":true,"href":"https:\/\/www.infokuryr.cz\/n\/wp-json\/wp\/v2\/media\/80260"}],"wp:attachment":[{"href":"https:\/\/www.infokuryr.cz\/n\/wp-json\/wp\/v2\/media?parent=80259"}],"wp:term":[{"taxonomy":"category","embeddable":true,"href":"https:\/\/www.infokuryr.cz\/n\/wp-json\/wp\/v2\/categories?post=80259"},{"taxonomy":"post_tag","embeddable":true,"href":"https:\/\/www.infokuryr.cz\/n\/wp-json\/wp\/v2\/tags?post=80259"}],"curies":[{"name":"wp","href":"https:\/\/api.w.org\/{rel}","templated":true}]}}